{"id":209845,"date":"2023-07-26T00:45:00","date_gmt":"2023-07-25T22:45:00","guid":{"rendered":"https:\/\/www.region-schwabach.de\/wordpress\/?p=209845"},"modified":"2023-07-26T09:43:04","modified_gmt":"2023-07-26T07:43:04","slug":"zwischen-den-saiten-konzert-im-burgerhaus-am-mittwoch-den-26-juli-2023","status":"publish","type":"post","link":"https:\/\/www.region-schwabach.de\/wordpress\/zwischen-den-saiten-konzert-im-burgerhaus-am-mittwoch-den-26-juli-2023\/","title":{"rendered":"&#8222;Zwischen den Saiten&#8220;-Konzert im B\u00fcrgerhaus am Mittwoch, den 26. Juli 2023"},"content":{"rendered":"\t\t<div data-elementor-type=\"wp-post\" data-elementor-id=\"209845\" class=\"elementor elementor-209845\">\n\t\t\t\t\t\t<section class=\"elementor-section elementor-top-section elementor-element elementor-element-678181b elementor-section-boxed elementor-section-height-default elementor-section-height-default\" data-id=\"678181b\" data-element_type=\"section\">\n\t\t\t\t\t\t<div class=\"elementor-container elementor-column-gap-default\">\n\t\t\t\t\t<div class=\"elementor-column elementor-col-50 elementor-top-column elementor-element elementor-element-6b34026\" data-id=\"6b34026\" data-element_type=\"column\">\n\t\t\t<div class=\"elementor-widget-wrap elementor-element-populated\">\n\t\t\t\t\t\t<div class=\"elementor-element elementor-element-480e34f elementor-widget elementor-widget-wp-widget-advads_ad_widget\" data-id=\"480e34f\" data-element_type=\"widget\" data-widget_type=\"wp-widget-advads_ad_widget.default\">\n\t\t\t\t<div class=\"elementor-widget-container\">\n\t\t\t<div id=\"regio-3379865227\"><div class=\"regio-adlabel\">Werbung<\/div><center><a href=\"https:\/\/a.partner-versicherung.de\/click.php?partner_id=19992&ad_id=1578&deep=kreditkarten\"  target=\"_blank\"><img decoding=\"async\" src=\"https:\/\/a.partner-versicherung.de\/view.php?partner_id=19992&ad_id=1578\" ><\/a><\/center><\/div>\t\t<\/div>\n\t\t\t\t<\/div>\n\t\t\t\t<div class=\"elementor-element elementor-element-443ab98 elementor-widget elementor-widget-text-editor\" data-id=\"443ab98\" data-element_type=\"widget\" data-widget_type=\"text-editor.default\">\n\t\t\t\t<div class=\"elementor-widget-container\">\n\t\t\t\t\t\t\t<h3>Mittwoch, den 26. Juli 2023, 18.00 Uhr:<br \/>Konzert: Zwischen den Saiten\u00a0<\/h3><p><span style=\"font-size: 12pt;\">Schwabach &#8211;\u00a0<\/span><span style=\"font-size: 12pt;\">Ich kenne immer noch nicht die Gr\u00fcnde, warum ein Kind ein Instrument w\u00e4hlt und nicht ein anderes. Es kann von verschiedenen Faktoren abh\u00e4ngen, wie der Form und dem Klang des Instruments sowie der Vorstellungskraft des Kindes. Es kann auch von der Familie und der Kultur beeinflusst werden, in der es aufw\u00e4chst.\u00a0<\/span><\/p><p><span style=\"font-size: 12pt;\">Vor einigen Jahren fanden zwei Kinder eine besondere Verbindung zur Gitarre und begannen, sie zu lernen. Sie machten schnell Fortschritte und nahmen neben kleinen Auftritten mit Freunden und Familie auch an Wettbewerben teil und gewannen Preise. Sie wuchsen mit ihren Gitarren auf und erhalten beide Gitarrenunterricht bei Fidel Ramirez an der Adolph von Henselt-Musikschule. Jetzt werden diese beiden jungen Musiker Elias Rapke und Joshua Eichler am Mittwoch, den 26. Juli um 18 Uhr ihr erstes Konzert im B\u00fcrgerhaus pr\u00e4sentieren.\u00a0<\/span><\/p><p><span style=\"font-size: 12pt;\">Das Konzert wird eine wunderbare Mischung aus verschiedenen Stilen und musikalischen Epochen bieten. Das ausgew\u00e4hlte Programm spiegelt eine sorgf\u00e4ltige Auswahl an alten und zeitgen\u00f6ssischen Komponisten wider, die vom Renaissancezeitalter bis zur aktuellen Popmusik reichen.\u00a0<\/span><\/p><p><span style=\"font-size: 12pt;\">Matteo Carcassi und Ferdinando Carulli, zwei herausragende klassische Gitarristen, werden ihre exquisite Technik und Melodien pr\u00e4sentieren und eine elegante und raffinierte Atmosph\u00e4re schaffen.\u00a0<\/span><\/p><p><span style=\"font-size: 12pt;\">Leo Brouwer, ein bekannter zeitgen\u00f6ssischer Komponist, zeichnet sich durch seinen innovativen und avantgardistischen Ansatz in der Gitarrenmusik aus. Seine Kompositionen werden mit dissonanten Elementen und komplexen Rhythmen die traditionellen Grenzen des Instruments herausfordern.\u00a0<\/span><\/p><p><span style=\"font-size: 12pt;\">Die Einbeziehung von Francisco T\u00e1rrega, einem der bedeutendsten Komponisten der romantischen \u00c4ra f\u00fcr klassische Gitarre, wird dem Konzert eine emotionale Note verleihen. Seine einf\u00fchlsamen und melancholischen St\u00fccke werden die Essenz des Romantischen einfangen.\u00a0<\/span><\/p><p><span style=\"font-size: 12pt;\">Die \u00dcberraschung wird durch die Einbeziehung zeitgen\u00f6ssischer Popmusik wie den St\u00fccken von Lady Gaga und Bradley Cooper kommen. Diese unerwartete Wahl wird die Vielseitigkeit der Gitarre und ihre F\u00e4higkeit, sich verschiedenen Musikgenres anzupassen, zeigen.\u00a0<\/span><\/p><p><span style=\"font-size: 12pt;\">Das Konzert wird auch die Musik des brasilianischen Gitarristen Baden Powell pr\u00e4sentieren, der f\u00fcr seine Fusion von Stilen wie Jazz und Bossa Nova bekannt ist. Seine Musik wird dem Programm eine lebendige und rhythmische Atmosph\u00e4re verleihen.\u00a0<\/span><\/p><p><span style=\"font-size: 12pt;\">Schlie\u00dflich werden die St\u00fccke von Jorge Morel, einem weiteren talentierten zeitgen\u00f6ssischen Komponisten und Gitarristen, seine virtuose und pr\u00e4zise Technik demonstrieren.\u00a0<\/span><\/p><p><span style=\"font-size: 12pt;\">Zusammenfassend verspricht dieses Konzert eine aufregende und vielf\u00e4ltige musikalische Erfahrung zu werden, die das Publikum durch verschiedene Epochen und Musikgenres f\u00fchrt. Die Auswahl des Programms wird die Vielseitigkeit der Gitarre als Instrument und die F\u00e4higkeit der Musiker, sich verschiedenen Stilen anzupassen, hervorheben.\u00a0<\/span><\/p><p><span style=\"font-size: 12pt;\">Fidel Ramirez\u00a0<\/span><\/p><h3>Weiterf\u00fchrende Links:<\/h3><p><span style=\"font-size: 12pt;\"><a href=\"http:\/\/www.schwabach.de\/de\/schwabach-erleben\/kultur\/einrichtungen\/musikschule.html\" target=\"_blank\" rel=\"noopener\">Homepage Adolph von Henselt-Musikschule &#8230;<\/a><\/span><\/p>\t\t\t\t\t\t<\/div>\n\t\t\t\t<\/div>\n\t\t\t\t<div class=\"elementor-element elementor-element-9ca12e2 elementor-widget elementor-widget-google_maps\" data-id=\"9ca12e2\" data-element_type=\"widget\" data-widget_type=\"google_maps.default\">\n\t\t\t\t<div class=\"elementor-widget-container\">\n\t\t\t\t\t<div class=\"elementor-custom-embed\">\n\t\t\t<iframe loading=\"lazy\"\n\t\t\t\t\tsrc=\"https:\/\/maps.google.com\/maps?q=K%C3%B6nigsplatz%2033a%2C%20Schwabach%2C%20Deutschland&#038;t=m&#038;z=16&#038;output=embed&#038;iwloc=near\"\n\t\t\t\t\ttitle=\"K\u00f6nigsplatz 33a, Schwabach, Deutschland\"\n\t\t\t\t\taria-label=\"K\u00f6nigsplatz 33a, Schwabach, Deutschland\"\n\t\t\t><\/iframe>\n\t\t<\/div>\n\t\t\t\t<\/div>\n\t\t\t\t<\/div>\n\t\t\t\t\t<\/div>\n\t\t<\/div>\n\t\t\t\t<div class=\"elementor-column elementor-col-50 elementor-top-column elementor-element elementor-element-635a0e1\" data-id=\"635a0e1\" data-element_type=\"column\">\n\t\t\t<div class=\"elementor-widget-wrap elementor-element-populated\">\n\t\t\t\t\t\t<div class=\"elementor-element elementor-element-d0e9452 elementor-widget elementor-widget-heading\" data-id=\"d0e9452\" data-element_type=\"widget\" data-widget_type=\"heading.default\">\n\t\t\t\t<div class=\"elementor-widget-container\">\n\t\t\t<h3 class=\"elementor-heading-title elementor-size-default\">Schnell vergleichen und sparen!<\/h3>\t\t<\/div>\n\t\t\t\t<\/div>\n\t\t\t\t<div class=\"elementor-element elementor-element-37a0690 elementor-widget elementor-widget-wp-widget-advads_ad_widget\" data-id=\"37a0690\" data-element_type=\"widget\" data-widget_type=\"wp-widget-advads_ad_widget.default\">\n\t\t\t\t<div class=\"elementor-widget-container\">\n\t\t\t<div id=\"regio-4273788863\"><div class=\"regio-adlabel\">Werbung<\/div><!-- Beginn https:\/\/www.financeads.net\/-Code --><a href=\"https:\/\/www.financeads.net\/tc.php?t=36648C236142529B\" target=\"_blank\"><img fetchpriority=\"high\" decoding=\"async\" src=\"https:\/\/www.financeads.net\/tb.php?t=36648V236142529B&https=1\" alt=\"\" border=\"0\" width=\"300\" height=\"250\"><\/a><!-- Ende https:\/\/www.financeads.net\/-Code --><\/div>\t\t<\/div>\n\t\t\t\t<\/div>\n\t\t\t\t<div class=\"elementor-element elementor-element-0f2675d elementor-widget elementor-widget-wp-widget-advads_ad_widget\" data-id=\"0f2675d\" data-element_type=\"widget\" data-widget_type=\"wp-widget-advads_ad_widget.default\">\n\t\t\t\t<div class=\"elementor-widget-container\">\n\t\t\t<div id=\"regio-3862540277\"><div class=\"regio-adlabel\">Werbung<\/div><!-- Beginn https:\/\/www.financeads.net\/-Code --><a href=\"https:\/\/www.financeads.net\/tc.php?t=36648C42614510B\" target=\"_blank\"><img decoding=\"async\" src=\"https:\/\/www.financeads.net\/tb.php?t=36648V42614510B&https=1\" alt=\"\" border=\"0\" width=\"200\" height=\"300\"><\/a><!-- Ende https:\/\/www.financeads.net\/-Code --><\/div>\t\t<\/div>\n\t\t\t\t<\/div>\n\t\t\t\t<div class=\"elementor-element elementor-element-d9a1bcb elementor-widget elementor-widget-wp-widget-advads_ad_widget\" data-id=\"d9a1bcb\" data-element_type=\"widget\" data-widget_type=\"wp-widget-advads_ad_widget.default\">\n\t\t\t\t<div class=\"elementor-widget-container\">\n\t\t\t<div id=\"regio-2023416217\"><div class=\"regio-adlabel\">Werbung<\/div><!-- Beginn https:\/\/www.financeads.net\/-Code --><a href=\"https:\/\/www.financeads.net\/tc.php?t=36648C205040072B\" target=\"_blank\"><img decoding=\"async\" src=\"https:\/\/www.financeads.net\/tb.php?t=36648V205040072B&https=1\" alt=\"\" border=\"0\" width=\"300\" height=\"250\"><\/a><!-- Ende https:\/\/www.financeads.net\/-Code --><\/div>\t\t<\/div>\n\t\t\t\t<\/div>\n\t\t\t\t<div class=\"elementor-element elementor-element-86f9c66 elementor-widget elementor-widget-wp-widget-advads_ad_widget\" data-id=\"86f9c66\" data-element_type=\"widget\" data-widget_type=\"wp-widget-advads_ad_widget.default\">\n\t\t\t\t<div class=\"elementor-widget-container\">\n\t\t\t<div id=\"regio-1939624984\"><div class=\"regio-adlabel\">Werbung<\/div><!-- Beginn https:\/\/www.financeads.net\/-Code --><a href=\"https:\/\/www.financeads.net\/tc.php?t=36648C271460142B\" target=\"_blank\"><img loading=\"lazy\" decoding=\"async\" src=\"https:\/\/www.financeads.net\/tb.php?t=36648V271460142B&https=1\" alt=\"PETPROTECT_Hund&Katze_Banner\" border=\"0\" width=\"250\" height=\"250\"><\/a><!-- Ende https:\/\/www.financeads.net\/-Code --><\/div>\t\t<\/div>\n\t\t\t\t<\/div>\n\t\t\t\t\t<\/div>\n\t\t<\/div>\n\t\t\t\t\t<\/div>\n\t\t<\/section>\n\t\t\t\t<\/div>\n\t\t","protected":false},"excerpt":{"rendered":"<div class=\"mh-excerpt\"><p>Mittwoch, den 26. Juli 2023, 18.00 Uhr: Konzert: Zwischen den Saiten&nbsp; Schwabach &#8211;&nbsp;Ich kenne immer noch nicht die Gr\u00fcnde, warum ein Kind ein Instrument w\u00e4hlt und nicht ein anderes. Es kann von verschiedenen Faktoren abh\u00e4ngen, <a class=\"mh-excerpt-more\" href=\"https:\/\/www.region-schwabach.de\/wordpress\/zwischen-den-saiten-konzert-im-burgerhaus-am-mittwoch-den-26-juli-2023\/\" title=\"&#8222;Zwischen den Saiten&#8220;-Konzert im B\u00fcrgerhaus am Mittwoch, den 26. Juli 2023\">[&#8230;]<\/a><\/p>\n<\/div>","protected":false},"author":1,"featured_media":209846,"comment_status":"open","ping_status":"open","sticky":false,"template":"","format":"standard","meta":{"_cbd_carousel_blocks":"[]","footnotes":""},"categories":[16,287,61,231,140],"tags":[23097,23043,23042,23099,23098,4387,8953,23100,23101,522,3128,19,2678],"class_list":{"0":"post-209845","1":"post","2":"type-post","3":"status-publish","4":"format-standard","5":"has-post-thumbnail","7":"category-aktuell","8":"category-jugend-und-familie","9":"category-rathaus","10":"category-veranstaltungsnews","11":"category-vereine","12":"tag-zwischen-den-saiten","13":"tag-22-juli-2023","14":"tag-22-07-2023","15":"tag-26-juli-2023","16":"tag-26-07-2023","17":"tag-adolph-von-henselt-musikschule","18":"tag-elias-rapke","19":"tag-fidel-ramirez","20":"tag-joshua-eichler","21":"tag-koenigsplatz","22":"tag-konzert","23":"tag-schwabach","24":"tag-wittelsbacherstrasse"},"_links":{"self":[{"href":"https:\/\/www.region-schwabach.de\/wordpress\/wp-json\/wp\/v2\/posts\/209845","targetHints":{"allow":["GET"]}}],"collection":[{"href":"https:\/\/www.region-schwabach.de\/wordpress\/wp-json\/wp\/v2\/posts"}],"about":[{"href":"https:\/\/www.region-schwabach.de\/wordpress\/wp-json\/wp\/v2\/types\/post"}],"author":[{"embeddable":true,"href":"https:\/\/www.region-schwabach.de\/wordpress\/wp-json\/wp\/v2\/users\/1"}],"replies":[{"embeddable":true,"href":"https:\/\/www.region-schwabach.de\/wordpress\/wp-json\/wp\/v2\/comments?post=209845"}],"version-history":[{"count":0,"href":"https:\/\/www.region-schwabach.de\/wordpress\/wp-json\/wp\/v2\/posts\/209845\/revisions"}],"wp:featuredmedia":[{"embeddable":true,"href":"https:\/\/www.region-schwabach.de\/wordpress\/wp-json\/wp\/v2\/media\/209846"}],"wp:attachment":[{"href":"https:\/\/www.region-schwabach.de\/wordpress\/wp-json\/wp\/v2\/media?parent=209845"}],"wp:term":[{"taxonomy":"category","embeddable":true,"href":"https:\/\/www.region-schwabach.de\/wordpress\/wp-json\/wp\/v2\/categories?post=209845"},{"taxonomy":"post_tag","embeddable":true,"href":"https:\/\/www.region-schwabach.de\/wordpress\/wp-json\/wp\/v2\/tags?post=209845"}],"curies":[{"name":"wp","href":"https:\/\/api.w.org\/{rel}","templated":true}]}}