{"id":209996,"date":"2023-07-29T01:00:00","date_gmt":"2023-07-28T23:00:00","guid":{"rendered":"https:\/\/www.region-schwabach.de\/wordpress\/?p=209996"},"modified":"2023-07-29T08:40:57","modified_gmt":"2023-07-29T06:40:57","slug":"kinderliteraturfest-im-museumspark-in-schwabach-am-samstag-den-29-juli-2023","status":"publish","type":"post","link":"https:\/\/www.region-schwabach.de\/wordpress\/kinderliteraturfest-im-museumspark-in-schwabach-am-samstag-den-29-juli-2023\/","title":{"rendered":"&#8222;KinderLiteraturFest&#8220; im Museumspark in Schwabach, am Samstag, den 29. Juli 2023"},"content":{"rendered":"\t\t<div data-elementor-type=\"wp-post\" data-elementor-id=\"209996\" class=\"elementor elementor-209996\">\n\t\t\t\t\t\t<section class=\"elementor-section elementor-top-section elementor-element elementor-element-678181b elementor-section-boxed elementor-section-height-default elementor-section-height-default\" data-id=\"678181b\" data-element_type=\"section\">\n\t\t\t\t\t\t<div class=\"elementor-container elementor-column-gap-default\">\n\t\t\t\t\t<div class=\"elementor-column elementor-col-50 elementor-top-column elementor-element elementor-element-6b34026\" data-id=\"6b34026\" data-element_type=\"column\">\n\t\t\t<div class=\"elementor-widget-wrap elementor-element-populated\">\n\t\t\t\t\t\t<div class=\"elementor-element elementor-element-dbcebd8 elementor-widget elementor-widget-wp-widget-advads_ad_widget\" data-id=\"dbcebd8\" data-element_type=\"widget\" data-widget_type=\"wp-widget-advads_ad_widget.default\">\n\t\t\t\t<div class=\"elementor-widget-container\">\n\t\t\t<div id=\"regio-2065369102\"><div class=\"regio-adlabel\">Werbung<\/div><center><a href=\"https:\/\/a.partner-versicherung.de\/click.php?partner_id=19992&ad_id=1578&deep=kreditkarten\"  target=\"_blank\"><img decoding=\"async\" src=\"https:\/\/a.partner-versicherung.de\/view.php?partner_id=19992&ad_id=1578\" ><\/a><\/center><\/div>\t\t<\/div>\n\t\t\t\t<\/div>\n\t\t\t\t<div class=\"elementor-element elementor-element-443ab98 elementor-widget elementor-widget-text-editor\" data-id=\"443ab98\" data-element_type=\"widget\" data-widget_type=\"text-editor.default\">\n\t\t\t\t<div class=\"elementor-widget-container\">\n\t\t\t\t\t\t\t<h3 class=\"entry-title\">Am Samstag, den 29. Juli 2023, im Museumspark:<br \/>KinderLiteraturFest mit Musik und Mitmach-Programm<\/h3><p><span style=\"font-size: 12pt;\">Schwabach &#8211; Zu einem KinderLiteraturFest l\u00e4dt die Stadtbibliothek Schwabach am Samstag, den 29. Juli 2023, von 14.00 Uhr bis 18.00 Uhr in den Museumspark in der Dr.-Haas-Stra\u00dfe in Schwabach ein.\u00a0<\/span><\/p><p><span style=\"font-size: 12pt;\"><span id=\"page53R_mcid15\" class=\"markedContent\"><span dir=\"ltr\" role=\"presentation\">Eine Bestseller-Autorin und ein musikalisches Kindertheater, sommerfr\u00f6hliche <\/span><span dir=\"ltr\" role=\"presentation\">Poesie-Spiele und eine Druckwerkstatt f\u00fcr Kids: Das alles ist beim <\/span><span dir=\"ltr\" role=\"presentation\">KinderLiteraturfest am Samstag, 29. Juli im Schwabacher Museumspark <\/span><span dir=\"ltr\" role=\"presentation\">geboten. Es findet von 14.00 Uhr bis 18.00 Uhr am Stadtmuseum, Dr. Haas-Stra\u00dfe, statt <\/span><span dir=\"ltr\" role=\"presentation\">und ist f\u00fcr Kinder von f\u00fcnf bis zehn Jahren geeignet.<\/span><\/span><span id=\"page53R_mcid16\" class=\"markedContent\"><\/span><span id=\"page53R_mcid17\" class=\"markedContent\"><br role=\"presentation\" \/><\/span><\/span><\/p><p><span style=\"font-size: 12pt;\"><span id=\"page53R_mcid17\" class=\"markedContent\"><span dir=\"ltr\" role=\"presentation\">Zum Beispiel brechen Flora und Zaubereule Goldwings dort zu einem neuen <\/span><span dir=\"ltr\" role=\"presentation\">Abenteuer auf. Im Reisekoffer hat die Autorin Ina Brandt aber nicht nur ihren <\/span><span dir=\"ltr\" role=\"presentation\">j\u00fcngsten \u201eEulenzauber\u201c-Band \u201eSterne voller Magie\u201c, sondern auch ganz viel <\/span><span dir=\"ltr\" role=\"presentation\">geheimnisvolles Eulenwissen und ein Quiz f\u00fcr Fans von Waldkauz &amp; Co. (14.30 Uhr <\/span><span dir=\"ltr\" role=\"presentation\">bis 15.15 Uhr, ab 7 Jahren).\u00a0<\/span><\/span><span id=\"page53R_mcid18\" class=\"markedContent\"><\/span><span id=\"page53R_mcid19\" class=\"markedContent\"><br role=\"presentation\" \/><\/span><\/span><\/p><p><span style=\"font-size: 12pt;\"><span id=\"page53R_mcid19\" class=\"markedContent\"><span dir=\"ltr\" role=\"presentation\">Untermalt von Livemusik mit Trommel, Saxophon und weiteren Instrumenten <\/span><span dir=\"ltr\" role=\"presentation\">setzt Matthias St\u00f6rr vom Kindertheater TamBambura das Grimmsche <\/span><span dir=\"ltr\" role=\"presentation\">Naturm\u00e4rchen \u201eDie Bienenk\u00f6nigin\u201c ausdrucksstark und \u00fcberraschend in Szene. <\/span><span dir=\"ltr\" role=\"presentation\">Heraus kommt eine spannende Mischung aus Erz\u00e4hl- und Bewegungstheater <\/span><span dir=\"ltr\" role=\"presentation\">(16.00 Uhr bis 16.45 Uhr, ab 5 Jahren).\u00a0<\/span><\/span><span id=\"page53R_mcid20\" class=\"markedContent\"><\/span><span id=\"page53R_mcid21\" class=\"markedContent\"><br role=\"presentation\" \/><\/span><\/span><\/p><p><span style=\"font-size: 12pt;\"><span id=\"page53R_mcid21\" class=\"markedContent\"><span dir=\"ltr\" role=\"presentation\">Mit Sprache gespielt und dabei alles erlaubt ist in der POEDU PoesieWerkstatt <\/span><span dir=\"ltr\" role=\"presentation\">der Philosophin und Lyrikerin Sabine Burkhardt. Diese ist ein fortlaufendes <\/span><\/span><\/span><span style=\"font-size: 12pt;\"><span id=\"page1R_mcid0\" class=\"markedContent\"><span dir=\"ltr\" role=\"presentation\">Angebot zum kurzen Reinschnuppern oder zum l\u00e4ngeren Verweilen (ab 8 <\/span><span dir=\"ltr\" role=\"presentation\">Jahren).\u00a0<\/span><\/span><span id=\"page1R_mcid1\" class=\"markedContent\"><\/span><span id=\"page1R_mcid2\" class=\"markedContent\"><br role=\"presentation\" \/><\/span><\/span><\/p><p><span style=\"font-size: 12pt;\"><span id=\"page1R_mcid2\" class=\"markedContent\"><span dir=\"ltr\" role=\"presentation\">Druckerfarben, Walzen, verschiedene Materialien und eine Druckerpresse <\/span><span dir=\"ltr\" role=\"presentation\">spielen in der DRUCKWerkstatt mit Heinrich V. Mangold eine Rolle. Unter <\/span><span dir=\"ltr\" role=\"presentation\">Anleitung k\u00f6nnen die Kinder ausprobieren, kreativ experimentieren und <\/span><span dir=\"ltr\" role=\"presentation\">drucken. (Offenes, fortlaufendes Angebot ab 5 Jahren).\u00a0<\/span><\/span><span id=\"page1R_mcid3\" class=\"markedContent\"><\/span><span id=\"page1R_mcid4\" class=\"markedContent\"><br role=\"presentation\" \/><\/span><\/span><\/p><p><span style=\"font-size: 12pt;\"><span id=\"page1R_mcid4\" class=\"markedContent\"><span dir=\"ltr\" role=\"presentation\">Essen und Getr\u00e4nke d\u00fcrfen mitgebracht werden \u2013 zum Verzehr am Sitzplatz. <\/span><span dir=\"ltr\" role=\"presentation\">Ein Eiswagen wird vor Ort sein.<\/span><\/span><span id=\"page1R_mcid5\" class=\"markedContent\"><\/span><span id=\"page1R_mcid6\" class=\"markedContent\"><br role=\"presentation\" \/><\/span><\/span><\/p><p><span style=\"font-size: 12pt;\"><span id=\"page1R_mcid6\" class=\"markedContent\"><span dir=\"ltr\" role=\"presentation\">Der Eintritt zum KinderLiteraturFest im Park ist frei. Der Einlass beginnt um 14.00 <\/span><span dir=\"ltr\" role=\"presentation\">Uhr. Kostenlose Eintrittskarten sind ab Freitag, 21. Juli, in der Stadtbibliothek <\/span><span dir=\"ltr\" role=\"presentation\">K\u00f6nigsplatz 33a, zu den \u00d6ffnungszeiten erh\u00e4ltlich. Es k\u00f6nnen ausschlie\u00dflich <\/span><span dir=\"ltr\" role=\"presentation\">Karten f\u00fcr die eigene Familie abgeholt werden. Bei schlechtem Wetter wird die <\/span><span dir=\"ltr\" role=\"presentation\">Veranstaltung ins Stadtmuseum verlegt.<\/span><\/span><span id=\"page1R_mcid7\" class=\"markedContent\"><\/span><span id=\"page1R_mcid8\" class=\"markedContent\"><br role=\"presentation\" \/><\/span><\/span><\/p><p><strong><span style=\"font-size: 12pt;\"><span id=\"page1R_mcid8\" class=\"markedContent\"><span dir=\"ltr\" role=\"presentation\">Fotos:<\/span><\/span><span id=\"page1R_mcid9\" class=\"markedContent\"><br role=\"presentation\" \/><span dir=\"ltr\" role=\"presentation\">Foto 1 (Elisa Mauruschat, Abdruck honorarfrei): Ina Brandt<\/span><\/span><span id=\"page1R_mcid10\" class=\"markedContent\"><br role=\"presentation\" \/><span dir=\"ltr\" role=\"presentation\">Foto 2 (Matthias St\u00f6rr, Abdruck honorarfrei): TamBambura, Die Bienenk\u00f6nigin<\/span><\/span><span id=\"page1R_mcid11\" class=\"markedContent\"><br role=\"presentation\" \/><span dir=\"ltr\" role=\"presentation\">Foto 3 (Carmen Winter, Abdruck honorarfrei): Sabine Burkhardt, POEDU<\/span><\/span><\/span><\/strong><\/p><h3>Weiterf\u00fchrende Links:<\/h3><p><a href=\"http:\/\/www.schwabach.de\/de\/schwabach-erleben\/kultur\/einrichtungen\/bibliothek.html\" target=\"_blank\" rel=\"noopener\"><span style=\"font-size: 12pt;\">Hier geht&#8217;s zur Homepage<\/span> der\u00a0<span style=\"font-size: 12pt;\">Stadtbibliothek Schwabach &#8230;<\/span><\/a><\/p><p><a href=\"https:\/\/www.region-schwabach.de\/wordpress\/wp-content\/uploads\/2023\/07\/PM166_Brandt_Ina_cElisa-Mauruschat-e1690367204238.jpg\"><img fetchpriority=\"high\" decoding=\"async\" class=\"aligncenter size-full wp-image-210000\" src=\"https:\/\/www.region-schwabach.de\/wordpress\/wp-content\/uploads\/2023\/07\/PM166_Brandt_Ina_cElisa-Mauruschat-e1690367204238.jpg\" alt=\"\" width=\"640\" height=\"904\" srcset=\"https:\/\/www.region-schwabach.de\/wordpress\/wp-content\/uploads\/2023\/07\/PM166_Brandt_Ina_cElisa-Mauruschat-e1690367204238.jpg 640w, https:\/\/www.region-schwabach.de\/wordpress\/wp-content\/uploads\/2023\/07\/PM166_Brandt_Ina_cElisa-Mauruschat-e1690367204238-212x300.jpg 212w\" sizes=\"(max-width: 640px) 100vw, 640px\" \/><\/a><\/p><p><a href=\"https:\/\/www.region-schwabach.de\/wordpress\/wp-content\/uploads\/2023\/07\/PM166_TamBambura_BienenkoenigincMatthias-Stoerr-scaled-e1690367260357.jpg\"><img decoding=\"async\" class=\"aligncenter size-full wp-image-210001\" src=\"https:\/\/www.region-schwabach.de\/wordpress\/wp-content\/uploads\/2023\/07\/PM166_TamBambura_BienenkoenigincMatthias-Stoerr-scaled-e1690367260357.jpg\" alt=\"\" width=\"640\" height=\"855\" srcset=\"https:\/\/www.region-schwabach.de\/wordpress\/wp-content\/uploads\/2023\/07\/PM166_TamBambura_BienenkoenigincMatthias-Stoerr-scaled-e1690367260357.jpg 640w, https:\/\/www.region-schwabach.de\/wordpress\/wp-content\/uploads\/2023\/07\/PM166_TamBambura_BienenkoenigincMatthias-Stoerr-scaled-e1690367260357-225x300.jpg 225w\" sizes=\"(max-width: 640px) 100vw, 640px\" \/><\/a><\/p><p><a href=\"https:\/\/www.region-schwabach.de\/wordpress\/wp-content\/uploads\/2023\/07\/PM166_BurkhardtcCarmenWinter_POEDU-e1690367312753.jpg\"><img decoding=\"async\" class=\"aligncenter size-full wp-image-210002\" src=\"https:\/\/www.region-schwabach.de\/wordpress\/wp-content\/uploads\/2023\/07\/PM166_BurkhardtcCarmenWinter_POEDU-e1690367312753.jpg\" alt=\"\" width=\"640\" height=\"483\" srcset=\"https:\/\/www.region-schwabach.de\/wordpress\/wp-content\/uploads\/2023\/07\/PM166_BurkhardtcCarmenWinter_POEDU-e1690367312753.jpg 640w, https:\/\/www.region-schwabach.de\/wordpress\/wp-content\/uploads\/2023\/07\/PM166_BurkhardtcCarmenWinter_POEDU-e1690367312753-300x226.jpg 300w, https:\/\/www.region-schwabach.de\/wordpress\/wp-content\/uploads\/2023\/07\/PM166_BurkhardtcCarmenWinter_POEDU-e1690367312753-326x245.jpg 326w, https:\/\/www.region-schwabach.de\/wordpress\/wp-content\/uploads\/2023\/07\/PM166_BurkhardtcCarmenWinter_POEDU-e1690367312753-80x60.jpg 80w\" sizes=\"(max-width: 640px) 100vw, 640px\" \/><\/a><\/p>\t\t\t\t\t\t<\/div>\n\t\t\t\t<\/div>\n\t\t\t\t<div class=\"elementor-element elementor-element-7e92798 elementor-widget elementor-widget-shortcode\" data-id=\"7e92798\" data-element_type=\"widget\" data-widget_type=\"shortcode.default\">\n\t\t\t\t<div class=\"elementor-widget-container\">\n\t\t\t\t\t<div class=\"elementor-shortcode\"><!-- Beginn https:\/\/www.financeads.net\/-Code --><a href=\"https:\/\/www.financeads.net\/tc.php?t=36648C38513858B\" target=\"_blank\"><center><img loading=\"lazy\" decoding=\"async\" src=\"https:\/\/www.financeads.net\/tb.php?t=36648V38513858B&https=1\" alt=\"\" border=\"0\" width=\"468\" height=\"60\"><\/a><!-- Ende https:\/\/www.financeads.net\/-Code --><\/div>\n\t\t\t\t<\/div>\n\t\t\t\t<\/div>\n\t\t\t\t<section class=\"elementor-section elementor-inner-section elementor-element elementor-element-b943953 elementor-section-boxed elementor-section-height-default elementor-section-height-default\" data-id=\"b943953\" data-element_type=\"section\">\n\t\t\t\t\t\t<div class=\"elementor-container elementor-column-gap-default\">\n\t\t\t\t\t<div class=\"elementor-column elementor-col-100 elementor-inner-column elementor-element elementor-element-7d40117\" data-id=\"7d40117\" data-element_type=\"column\">\n\t\t\t<div class=\"elementor-widget-wrap elementor-element-populated\">\n\t\t\t\t\t\t<div class=\"elementor-element elementor-element-325f51f elementor-widget elementor-widget-google_maps\" data-id=\"325f51f\" data-element_type=\"widget\" data-widget_type=\"google_maps.default\">\n\t\t\t\t<div class=\"elementor-widget-container\">\n\t\t\t\t\t<div class=\"elementor-custom-embed\">\n\t\t\t<iframe loading=\"lazy\"\n\t\t\t\t\tsrc=\"https:\/\/maps.google.com\/maps?q=Apothekersgarten%2C%20Schwabach%2C%20Deutschland&#038;t=m&#038;z=17&#038;output=embed&#038;iwloc=near\"\n\t\t\t\t\ttitle=\"Apothekersgarten, Schwabach, Deutschland\"\n\t\t\t\t\taria-label=\"Apothekersgarten, Schwabach, Deutschland\"\n\t\t\t><\/iframe>\n\t\t<\/div>\n\t\t\t\t<\/div>\n\t\t\t\t<\/div>\n\t\t\t\t\t<\/div>\n\t\t<\/div>\n\t\t\t\t\t<\/div>\n\t\t<\/section>\n\t\t\t\t<div class=\"elementor-element elementor-element-0c834d7 elementor-widget-divider--view-line elementor-widget elementor-widget-divider\" data-id=\"0c834d7\" data-element_type=\"widget\" data-widget_type=\"divider.default\">\n\t\t\t\t<div class=\"elementor-widget-container\">\n\t\t\t\t\t<div class=\"elementor-divider\">\n\t\t\t<span class=\"elementor-divider-separator\">\n\t\t\t\t\t\t<\/span>\n\t\t<\/div>\n\t\t\t\t<\/div>\n\t\t\t\t<\/div>\n\t\t\t\t\t<\/div>\n\t\t<\/div>\n\t\t\t\t<div class=\"elementor-column elementor-col-50 elementor-top-column elementor-element elementor-element-7c08364\" data-id=\"7c08364\" data-element_type=\"column\">\n\t\t\t<div class=\"elementor-widget-wrap elementor-element-populated\">\n\t\t\t\t\t\t<div class=\"elementor-element elementor-element-1c1ec8b elementor-widget elementor-widget-heading\" data-id=\"1c1ec8b\" data-element_type=\"widget\" data-widget_type=\"heading.default\">\n\t\t\t\t<div class=\"elementor-widget-container\">\n\t\t\t<h3 class=\"elementor-heading-title elementor-size-default\">Schnell vergleichen und sparen!<\/h3>\t\t<\/div>\n\t\t\t\t<\/div>\n\t\t\t\t<div class=\"elementor-element elementor-element-de71dd7 elementor-widget elementor-widget-wp-widget-advads_ad_widget\" data-id=\"de71dd7\" data-element_type=\"widget\" data-widget_type=\"wp-widget-advads_ad_widget.default\">\n\t\t\t\t<div class=\"elementor-widget-container\">\n\t\t\t<div id=\"regio-1845135037\"><div class=\"regio-adlabel\">Werbung<\/div><!-- Beginn https:\/\/www.financeads.net\/-Code --><a href=\"https:\/\/www.financeads.net\/tc.php?t=36648C236142529B\" target=\"_blank\"><img loading=\"lazy\" decoding=\"async\" src=\"https:\/\/www.financeads.net\/tb.php?t=36648V236142529B&https=1\" alt=\"\" border=\"0\" width=\"300\" height=\"250\"><\/a><!-- Ende https:\/\/www.financeads.net\/-Code --><\/div>\t\t<\/div>\n\t\t\t\t<\/div>\n\t\t\t\t<div class=\"elementor-element elementor-element-bfde62f elementor-widget elementor-widget-wp-widget-advads_ad_widget\" data-id=\"bfde62f\" data-element_type=\"widget\" data-widget_type=\"wp-widget-advads_ad_widget.default\">\n\t\t\t\t<div class=\"elementor-widget-container\">\n\t\t\t<div id=\"regio-2377577926\"><div class=\"regio-adlabel\">Werbung<\/div><!-- Beginn https:\/\/www.financeads.net\/-Code --><a href=\"https:\/\/www.financeads.net\/tc.php?t=36648C42614510B\" target=\"_blank\"><img loading=\"lazy\" decoding=\"async\" src=\"https:\/\/www.financeads.net\/tb.php?t=36648V42614510B&https=1\" alt=\"\" border=\"0\" width=\"200\" height=\"300\"><\/a><!-- Ende https:\/\/www.financeads.net\/-Code --><\/div>\t\t<\/div>\n\t\t\t\t<\/div>\n\t\t\t\t<div class=\"elementor-element elementor-element-2d5d28d elementor-widget elementor-widget-wp-widget-advads_ad_widget\" data-id=\"2d5d28d\" data-element_type=\"widget\" data-widget_type=\"wp-widget-advads_ad_widget.default\">\n\t\t\t\t<div class=\"elementor-widget-container\">\n\t\t\t<div id=\"regio-1815206423\"><div class=\"regio-adlabel\">Werbung<\/div><!-- Beginn https:\/\/www.financeads.net\/-Code --><a href=\"https:\/\/www.financeads.net\/tc.php?t=36648C205040072B\" target=\"_blank\"><img loading=\"lazy\" decoding=\"async\" src=\"https:\/\/www.financeads.net\/tb.php?t=36648V205040072B&https=1\" alt=\"\" border=\"0\" width=\"300\" height=\"250\"><\/a><!-- Ende https:\/\/www.financeads.net\/-Code --><\/div>\t\t<\/div>\n\t\t\t\t<\/div>\n\t\t\t\t<div class=\"elementor-element elementor-element-e2c6a6a elementor-widget elementor-widget-wp-widget-advads_ad_widget\" data-id=\"e2c6a6a\" data-element_type=\"widget\" data-widget_type=\"wp-widget-advads_ad_widget.default\">\n\t\t\t\t<div class=\"elementor-widget-container\">\n\t\t\t<div id=\"regio-1183504460\"><div class=\"regio-adlabel\">Werbung<\/div><!-- Beginn https:\/\/www.financeads.net\/-Code --><a href=\"https:\/\/www.financeads.net\/tc.php?t=36648C271460142B\" target=\"_blank\"><img loading=\"lazy\" decoding=\"async\" src=\"https:\/\/www.financeads.net\/tb.php?t=36648V271460142B&https=1\" alt=\"PETPROTECT_Hund&Katze_Banner\" border=\"0\" width=\"250\" height=\"250\"><\/a><!-- Ende https:\/\/www.financeads.net\/-Code --><\/div>\t\t<\/div>\n\t\t\t\t<\/div>\n\t\t\t\t\t<\/div>\n\t\t<\/div>\n\t\t\t\t\t<\/div>\n\t\t<\/section>\n\t\t\t\t<\/div>\n\t\t","protected":false},"excerpt":{"rendered":"<div class=\"mh-excerpt\"><p>Am Samstag, den 29. Juli 2023, im Museumspark: KinderLiteraturFest mit Musik und Mitmach-Programm Schwabach &#8211; Zu einem KinderLiteraturFest l\u00e4dt die Stadtbibliothek Schwabach am Samstag, den 29. Juli 2023, von 14.00 Uhr bis 18.00 Uhr in <a class=\"mh-excerpt-more\" href=\"https:\/\/www.region-schwabach.de\/wordpress\/kinderliteraturfest-im-museumspark-in-schwabach-am-samstag-den-29-juli-2023\/\" title=\"&#8222;KinderLiteraturFest&#8220; im Museumspark in Schwabach, am Samstag, den 29. Juli 2023\">[&#8230;]<\/a><\/p>\n<\/div>","protected":false},"author":1,"featured_media":209997,"comment_status":"open","ping_status":"open","sticky":false,"template":"","format":"standard","meta":{"_cbd_carousel_blocks":"[]","footnotes":""},"categories":[16,287,61,231],"tags":[16175,23116,23115,23117,9982,23121,16185,522,4275,23119,23118,23120,13300,1480,19,3012,3151,3739],"class_list":{"0":"post-209996","1":"post","2":"type-post","3":"status-publish","4":"format-standard","5":"has-post-thumbnail","7":"category-aktuell","8":"category-jugend-und-familie","9":"category-rathaus","10":"category-veranstaltungsnews","11":"tag-kinderliteraturfest","12":"tag-29-juli-2023","13":"tag-29-07-2023","14":"tag-bestseller-autorin","15":"tag-dr-haas-strasse","16":"tag-druckwerkstatt-fuer-kids","17":"tag-kinderlieder-programm","18":"tag-koenigsplatz","19":"tag-lesung","20":"tag-museumspark","21":"tag-musikalisches-kindertheater","22":"tag-ommerfroehliche-poesie-spiele","23":"tag-open-air-2","24":"tag-rathaus","25":"tag-schwabach","26":"tag-stadt","27":"tag-stadt-schwabach","28":"tag-stadtmuseum"},"_links":{"self":[{"href":"https:\/\/www.region-schwabach.de\/wordpress\/wp-json\/wp\/v2\/posts\/209996","targetHints":{"allow":["GET"]}}],"collection":[{"href":"https:\/\/www.region-schwabach.de\/wordpress\/wp-json\/wp\/v2\/posts"}],"about":[{"href":"https:\/\/www.region-schwabach.de\/wordpress\/wp-json\/wp\/v2\/types\/post"}],"author":[{"embeddable":true,"href":"https:\/\/www.region-schwabach.de\/wordpress\/wp-json\/wp\/v2\/users\/1"}],"replies":[{"embeddable":true,"href":"https:\/\/www.region-schwabach.de\/wordpress\/wp-json\/wp\/v2\/comments?post=209996"}],"version-history":[{"count":0,"href":"https:\/\/www.region-schwabach.de\/wordpress\/wp-json\/wp\/v2\/posts\/209996\/revisions"}],"wp:featuredmedia":[{"embeddable":true,"href":"https:\/\/www.region-schwabach.de\/wordpress\/wp-json\/wp\/v2\/media\/209997"}],"wp:attachment":[{"href":"https:\/\/www.region-schwabach.de\/wordpress\/wp-json\/wp\/v2\/media?parent=209996"}],"wp:term":[{"taxonomy":"category","embeddable":true,"href":"https:\/\/www.region-schwabach.de\/wordpress\/wp-json\/wp\/v2\/categories?post=209996"},{"taxonomy":"post_tag","embeddable":true,"href":"https:\/\/www.region-schwabach.de\/wordpress\/wp-json\/wp\/v2\/tags?post=209996"}],"curies":[{"name":"wp","href":"https:\/\/api.w.org\/{rel}","templated":true}]}}