{"id":210059,"date":"2023-07-28T01:00:00","date_gmt":"2023-07-27T23:00:00","guid":{"rendered":"https:\/\/www.region-schwabach.de\/wordpress\/?p=210059"},"modified":"2023-07-27T23:25:53","modified_gmt":"2023-07-27T21:25:53","slug":"offentliche-sitzung-des-stadtrats-am-freitag-den-28-juli-2023","status":"publish","type":"post","link":"https:\/\/www.region-schwabach.de\/wordpress\/offentliche-sitzung-des-stadtrats-am-freitag-den-28-juli-2023\/","title":{"rendered":"\u00d6ffentliche Sitzung des Stadtrats am Freitag, den 28. Juli 2023"},"content":{"rendered":"\t\t<div data-elementor-type=\"wp-post\" data-elementor-id=\"210059\" class=\"elementor elementor-210059\">\n\t\t\t\t\t\t<section class=\"elementor-section elementor-top-section elementor-element elementor-element-678181b elementor-section-boxed elementor-section-height-default elementor-section-height-default\" data-id=\"678181b\" data-element_type=\"section\">\n\t\t\t\t\t\t<div class=\"elementor-container elementor-column-gap-default\">\n\t\t\t\t\t<div class=\"elementor-column elementor-col-50 elementor-top-column elementor-element elementor-element-6b34026\" data-id=\"6b34026\" data-element_type=\"column\">\n\t\t\t<div class=\"elementor-widget-wrap elementor-element-populated\">\n\t\t\t\t\t\t<div class=\"elementor-element elementor-element-2e31143 elementor-widget elementor-widget-wp-widget-advads_ad_widget\" data-id=\"2e31143\" data-element_type=\"widget\" data-widget_type=\"wp-widget-advads_ad_widget.default\">\n\t\t\t\t<div class=\"elementor-widget-container\">\n\t\t\t<div id=\"regio-1809974318\"><div class=\"regio-adlabel\">Werbung<\/div><center><a href=\"https:\/\/a.partner-versicherung.de\/click.php?partner_id=19992&ad_id=1578&deep=kreditkarten\"  target=\"_blank\"><img decoding=\"async\" src=\"https:\/\/a.partner-versicherung.de\/view.php?partner_id=19992&ad_id=1578\" ><\/a><\/center><\/div>\t\t<\/div>\n\t\t\t\t<\/div>\n\t\t\t\t<div class=\"elementor-element elementor-element-443ab98 elementor-widget elementor-widget-text-editor\" data-id=\"443ab98\" data-element_type=\"widget\" data-widget_type=\"text-editor.default\">\n\t\t\t\t<div class=\"elementor-widget-container\">\n\t\t\t\t\t\t\t<h3>Freitag, den 28. Juli 2023, im Markgrafensaal in der Ludwigstra\u00dfe in Schwabach:\u00a0<br \/>\u00d6ffentliche Sitzung des Stadtrats\u00a0<\/h3><p><span style=\"font-size: 12pt;\">Schwabach &#8211; Am Freitag, den 28. Juli 2023, findet im Markgrafensaal in der Ludwigstra\u00dfe 16 in Schwabach, um 16.00 Uhr die \u00f6ffentliche Sitzung des Stadtrats mit folgender Tagesordnung statt:\u00a0<\/span><\/p><ol><li><p><span style=\"font-size: 12pt;\">Niederlegung des Stadtratsmandates durch Herrn Altb\u00fcrgermeister Dr. Roland Oeser\u00a0<\/span><\/p><\/li><li><p><span style=\"font-size: 12pt;\">Wahl und Amtszeit des berufsm\u00e4\u00dfigen Stadtratsmitglieds f\u00fcr Stadtplanung und Bauwesen\u00a0<\/span><\/p><\/li><li><p><span style=\"font-size: 12pt;\">Umbesetzung des Ausschusses f\u00fcr Umwelt und Mobilit\u00e4t\u00a0<\/span><\/p><\/li><li><p><span style=\"font-size: 12pt;\">Konzern St\u00e4dtische Werke Schwabach, Jahresberichte 2022, Gesellschafterversammlung St\u00e4dtische Werke Schwabach GmbH und Gesellschafterversammlung Stadtdienste Schwabach GmbH\u00a0<\/span><\/p><\/li><li><p><span style=\"font-size: 12pt;\">Vollzug des Bayerischen Feuerwehrgesetzes; Best\u00e4tigung des Kommandanten der Freiwilligen Feu-erwehr Schwabach und als Stadtbrandrat der Stadt Schwabach\u00a0<\/span><\/p><\/li><li><p><span style=\"font-size: 12pt;\">Bedarfsanerkennung f\u00fcr die neuen Kinderbetreuungspl\u00e4tze<\/span><br \/><span style=\"font-size: 12pt;\">Schaffung von neuen Kinderbetreuungspl\u00e4tzen auf dem Z\u00f6llnertor-Areal, Projekt \u201eGoldschl\u00e4gerhof\u201c\u00a0<\/span><\/p><\/li><li><p><span style=\"font-size: 12pt;\">Anpassung der Elternbeitr\u00e4ge in den st\u00e4dtischen Kindertageseinrichtungen: Erlass einer Satzung \u00fcber die Erhebung von Geb\u00fchren f\u00fcr die Benutzung der st\u00e4dtischen Kindertageseinrichtungen der Stadt Schwabach (Kindertageseinrichtungen-Geb\u00fchrensatzung- KitaGS)\u00a0<br \/>Erlass einer Satzung f\u00fcr die Kindertageseinrichtungen der Stadt Schwabach (Kindertageseinrich-tungssatzung &#8211; KitaS)\u00a0<\/span><\/p><\/li><li><p><span style=\"font-size: 12pt;\">Antrag des Diakonischen Werkes des Evang-Luth Dekanatsbezirkes Schwabach e.V. auf Gew\u00e4hrung eines Personalkostenzuschusses f\u00fcr die Migrationsberatung (ehem. Asylsozialberatung)\u00a0<\/span><\/p><\/li><li><p><span style=\"font-size: 12pt;\">Jahresabschluss der Stadt Schwabach 2022 mit Bilanz und Rechenschaftsbericht\u00a0<\/span><\/p><\/li><li><p><span style=\"font-size: 12pt;\">Eisentraut&#8217;sche Wohlt\u00e4tigkeitsstiftung; Jahresabschluss 2022 mit Bilanz und Rechenschaftsbericht <\/span><\/p><\/li><li><p><span style=\"font-size: 12pt;\">Hospitalstiftung Schwabach; Jahresabschluss 2022 mit Bilanz und Rechenschaftsbericht<\/span><\/p><\/li><li><p><span style=\"font-size: 12pt;\">Ludwig- und Theresien-Waisenhausstiftung; Jahresabschluss 2022 mit Bilanz und Rechenschaftsbericht\u00a0<\/span><\/p><\/li><li><p><span style=\"font-size: 12pt;\">Bericht \u00fcber den Haushaltsvollzug im 1. Halbjahr 2023\u00a0<\/span><\/p><\/li><li><p><span style=\"font-size: 12pt;\">Nachtragshaushaltssatzung und Nachtragshaushaltsplan 2023\u00a0<\/span><\/p><\/li><li><p><span style=\"font-size: 12pt;\">Schwabach 2031; Planung von Investitionen\u00a0<\/span><\/p><\/li><li><p><span style=\"font-size: 12pt;\">Bebauungsplan S-111-12, 1.\u00c4nderung \u201eAm Dillinghof\u201c mit integriertem Gr\u00fcnordnungsplan im beschleu-nigten Verfahren zur Innenentwicklung \u2013 Satzungsbeschluss\u00a0<\/span><\/p><\/li><li><span style=\"font-size: 12pt;\">Abfallwirtschaft; Abfallbericht 2022<\/span><\/li><li><p><span style=\"font-size: 12pt;\">Abfallwirtschaft\u00a0<\/span><br \/><span style=\"font-size: 12pt;\">1. Betriebsabrechnung 2022 und Vorkalkulation 2024 f\u00fcr den Betrieb des Entsorgungszentrums Schwabach (EZS) durch die Stadtdienste Schwabach GmbH;<\/span><br \/><span style=\"font-size: 12pt;\">2. Investitionsplan EZS 2024; Kosten der Endoberfl\u00e4chenabdichtung Deponie\u00a0<\/span><\/p><\/li><li><p><span style=\"font-size: 12pt;\">Personalwirtschaftlicher Stellenplan 2024; Verlagerung der Stelle &#8222;SB Kommunale Umweltfragen&#8220; von Amt 51 in den Stab von R5\u00a0<\/span><\/p><\/li><\/ol>\t\t\t\t\t\t<\/div>\n\t\t\t\t<\/div>\n\t\t\t\t<div class=\"elementor-element elementor-element-66aafb7 elementor-widget elementor-widget-shortcode\" data-id=\"66aafb7\" data-element_type=\"widget\" data-widget_type=\"shortcode.default\">\n\t\t\t\t<div class=\"elementor-widget-container\">\n\t\t\t\t\t<div class=\"elementor-shortcode\"><center><a href=\"https:\/\/a.partner-versicherung.de\/click.php?partner_id=19992&ad_id=441&deep=kfz-versicherung\"  target=\"_blank\"><img decoding=\"async\" src=\"https:\/\/a.partner-versicherung.de\/view.php?partner_id=19992&ad_id=441\" ><\/a><\/center><\/div>\n\t\t\t\t<\/div>\n\t\t\t\t<\/div>\n\t\t\t\t<div class=\"elementor-element elementor-element-21c3450 elementor-widget-divider--view-line elementor-widget elementor-widget-divider\" data-id=\"21c3450\" data-element_type=\"widget\" data-widget_type=\"divider.default\">\n\t\t\t\t<div class=\"elementor-widget-container\">\n\t\t\t\t\t<div class=\"elementor-divider\">\n\t\t\t<span class=\"elementor-divider-separator\">\n\t\t\t\t\t\t<\/span>\n\t\t<\/div>\n\t\t\t\t<\/div>\n\t\t\t\t<\/div>\n\t\t\t\t<div class=\"elementor-element elementor-element-f4c690c elementor-widget elementor-widget-google_maps\" data-id=\"f4c690c\" data-element_type=\"widget\" data-widget_type=\"google_maps.default\">\n\t\t\t\t<div class=\"elementor-widget-container\">\n\t\t\t\t\t<div class=\"elementor-custom-embed\">\n\t\t\t<iframe loading=\"lazy\"\n\t\t\t\t\tsrc=\"https:\/\/maps.google.com\/maps?q=Bismarckstra%C3%9Fe%206%2C%20Schwabach%2C%20Deutschland&#038;t=m&#038;z=17&#038;output=embed&#038;iwloc=near\"\n\t\t\t\t\ttitle=\"Bismarckstra\u00dfe 6, Schwabach, Deutschland\"\n\t\t\t\t\taria-label=\"Bismarckstra\u00dfe 6, Schwabach, Deutschland\"\n\t\t\t><\/iframe>\n\t\t<\/div>\n\t\t\t\t<\/div>\n\t\t\t\t<\/div>\n\t\t\t\t\t<\/div>\n\t\t<\/div>\n\t\t\t\t<div class=\"elementor-column elementor-col-50 elementor-top-column elementor-element elementor-element-dd4c02c\" data-id=\"dd4c02c\" data-element_type=\"column\">\n\t\t\t<div class=\"elementor-widget-wrap elementor-element-populated\">\n\t\t\t\t\t\t<div class=\"elementor-element elementor-element-afcda01 elementor-widget elementor-widget-heading\" data-id=\"afcda01\" data-element_type=\"widget\" data-widget_type=\"heading.default\">\n\t\t\t\t<div class=\"elementor-widget-container\">\n\t\t\t<h3 class=\"elementor-heading-title elementor-size-default\">Schnell vergleichen und sparen!<\/h3>\t\t<\/div>\n\t\t\t\t<\/div>\n\t\t\t\t<div class=\"elementor-element elementor-element-4a29827 elementor-widget elementor-widget-wp-widget-advads_ad_widget\" data-id=\"4a29827\" data-element_type=\"widget\" data-widget_type=\"wp-widget-advads_ad_widget.default\">\n\t\t\t\t<div class=\"elementor-widget-container\">\n\t\t\t<div id=\"regio-3104876178\"><div class=\"regio-adlabel\">Werbung<\/div><!-- Beginn https:\/\/www.financeads.net\/-Code --><a href=\"https:\/\/www.financeads.net\/tc.php?t=36648C236142529B\" target=\"_blank\"><img fetchpriority=\"high\" decoding=\"async\" src=\"https:\/\/www.financeads.net\/tb.php?t=36648V236142529B&https=1\" alt=\"\" border=\"0\" width=\"300\" height=\"250\"><\/a><!-- Ende https:\/\/www.financeads.net\/-Code --><\/div>\t\t<\/div>\n\t\t\t\t<\/div>\n\t\t\t\t<div class=\"elementor-element elementor-element-1017dfe elementor-widget elementor-widget-wp-widget-advads_ad_widget\" data-id=\"1017dfe\" data-element_type=\"widget\" data-widget_type=\"wp-widget-advads_ad_widget.default\">\n\t\t\t\t<div class=\"elementor-widget-container\">\n\t\t\t<div id=\"regio-4255289308\"><div class=\"regio-adlabel\">Werbung<\/div><!-- Beginn https:\/\/www.financeads.net\/-Code --><a href=\"https:\/\/www.financeads.net\/tc.php?t=36648C42614510B\" target=\"_blank\"><img decoding=\"async\" src=\"https:\/\/www.financeads.net\/tb.php?t=36648V42614510B&https=1\" alt=\"\" border=\"0\" width=\"200\" height=\"300\"><\/a><!-- Ende https:\/\/www.financeads.net\/-Code --><\/div>\t\t<\/div>\n\t\t\t\t<\/div>\n\t\t\t\t<div class=\"elementor-element elementor-element-fd0ad79 elementor-widget elementor-widget-wp-widget-advads_ad_widget\" data-id=\"fd0ad79\" data-element_type=\"widget\" data-widget_type=\"wp-widget-advads_ad_widget.default\">\n\t\t\t\t<div class=\"elementor-widget-container\">\n\t\t\t<div id=\"regio-755170291\"><div class=\"regio-adlabel\">Werbung<\/div><!-- Beginn https:\/\/www.financeads.net\/-Code --><a href=\"https:\/\/www.financeads.net\/tc.php?t=36648C205040072B\" target=\"_blank\"><img decoding=\"async\" src=\"https:\/\/www.financeads.net\/tb.php?t=36648V205040072B&https=1\" alt=\"\" border=\"0\" width=\"300\" height=\"250\"><\/a><!-- Ende https:\/\/www.financeads.net\/-Code --><\/div>\t\t<\/div>\n\t\t\t\t<\/div>\n\t\t\t\t<div class=\"elementor-element elementor-element-4484a81 elementor-widget elementor-widget-wp-widget-advads_ad_widget\" data-id=\"4484a81\" data-element_type=\"widget\" data-widget_type=\"wp-widget-advads_ad_widget.default\">\n\t\t\t\t<div class=\"elementor-widget-container\">\n\t\t\t<div id=\"regio-2320596624\"><div class=\"regio-adlabel\">Werbung<\/div><!-- Beginn https:\/\/www.financeads.net\/-Code --><a href=\"https:\/\/www.financeads.net\/tc.php?t=36648C271460142B\" target=\"_blank\"><img loading=\"lazy\" decoding=\"async\" src=\"https:\/\/www.financeads.net\/tb.php?t=36648V271460142B&https=1\" alt=\"PETPROTECT_Hund&Katze_Banner\" border=\"0\" width=\"250\" height=\"250\"><\/a><!-- Ende https:\/\/www.financeads.net\/-Code --><\/div>\t\t<\/div>\n\t\t\t\t<\/div>\n\t\t\t\t\t<\/div>\n\t\t<\/div>\n\t\t\t\t\t<\/div>\n\t\t<\/section>\n\t\t\t\t<\/div>\n\t\t","protected":false},"excerpt":{"rendered":"<div class=\"mh-excerpt\"><p>Freitag, den 28. Juli 2023, im Markgrafensaal in der Ludwigstra\u00dfe in Schwabach:&nbsp; \u00d6ffentliche Sitzung des Stadtrats&nbsp; Schwabach &#8211; Am Freitag, den 28. Juli 2023, findet im Markgrafensaal in der Ludwigstra\u00dfe 16 in Schwabach, um 16.00 <a class=\"mh-excerpt-more\" href=\"https:\/\/www.region-schwabach.de\/wordpress\/offentliche-sitzung-des-stadtrats-am-freitag-den-28-juli-2023\/\" title=\"\u00d6ffentliche Sitzung des Stadtrats am Freitag, den 28. Juli 2023\">[&#8230;]<\/a><\/p>\n<\/div>","protected":false},"author":1,"featured_media":39357,"comment_status":"open","ping_status":"open","sticky":false,"template":"","format":"standard","meta":{"_cbd_carousel_blocks":"[]","footnotes":""},"categories":[16,79,61],"tags":[23114,23113,2029,2028,3960,1480,19,3012,3151],"class_list":{"0":"post-210059","1":"post","2":"type-post","3":"status-publish","4":"format-standard","5":"has-post-thumbnail","7":"category-aktuell","8":"category-politik","9":"category-rathaus","10":"tag-28-juli-2023","11":"tag-28-07-2023","12":"tag-ludwigstrasse","13":"tag-markgrafensaal","14":"tag-oeffentliche-sitzung-des-stadtrats","15":"tag-rathaus","16":"tag-schwabach","17":"tag-stadt","18":"tag-stadt-schwabach"},"_links":{"self":[{"href":"https:\/\/www.region-schwabach.de\/wordpress\/wp-json\/wp\/v2\/posts\/210059","targetHints":{"allow":["GET"]}}],"collection":[{"href":"https:\/\/www.region-schwabach.de\/wordpress\/wp-json\/wp\/v2\/posts"}],"about":[{"href":"https:\/\/www.region-schwabach.de\/wordpress\/wp-json\/wp\/v2\/types\/post"}],"author":[{"embeddable":true,"href":"https:\/\/www.region-schwabach.de\/wordpress\/wp-json\/wp\/v2\/users\/1"}],"replies":[{"embeddable":true,"href":"https:\/\/www.region-schwabach.de\/wordpress\/wp-json\/wp\/v2\/comments?post=210059"}],"version-history":[{"count":0,"href":"https:\/\/www.region-schwabach.de\/wordpress\/wp-json\/wp\/v2\/posts\/210059\/revisions"}],"wp:featuredmedia":[{"embeddable":true,"href":"https:\/\/www.region-schwabach.de\/wordpress\/wp-json\/wp\/v2\/media\/39357"}],"wp:attachment":[{"href":"https:\/\/www.region-schwabach.de\/wordpress\/wp-json\/wp\/v2\/media?parent=210059"}],"wp:term":[{"taxonomy":"category","embeddable":true,"href":"https:\/\/www.region-schwabach.de\/wordpress\/wp-json\/wp\/v2\/categories?post=210059"},{"taxonomy":"post_tag","embeddable":true,"href":"https:\/\/www.region-schwabach.de\/wordpress\/wp-json\/wp\/v2\/tags?post=210059"}],"curies":[{"name":"wp","href":"https:\/\/api.w.org\/{rel}","templated":true}]}}