{"id":211931,"date":"2023-08-22T00:30:00","date_gmt":"2023-08-21T22:30:00","guid":{"rendered":"https:\/\/www.region-schwabach.de\/wordpress\/?p=211931"},"modified":"2023-08-21T23:52:57","modified_gmt":"2023-08-21T21:52:57","slug":"maria-traumt-oder-die-kunst-des-neuanfangs-sommernachtsfilmfestival-am-dienstag-den-22-august-2023","status":"publish","type":"post","link":"https:\/\/www.region-schwabach.de\/wordpress\/maria-traumt-oder-die-kunst-des-neuanfangs-sommernachtsfilmfestival-am-dienstag-den-22-august-2023\/","title":{"rendered":"\u201eMaria tr\u00e4umt &#8211; Oder: Die Kunst des Neuanfangs\u201c \u2013 Sommernachtsfilmfestival am Dienstag, den 22. August 2023"},"content":{"rendered":"\t\t<div data-elementor-type=\"wp-post\" data-elementor-id=\"211931\" class=\"elementor elementor-211931\">\n\t\t\t\t\t\t<section class=\"elementor-section elementor-top-section elementor-element elementor-element-678181b elementor-section-boxed elementor-section-height-default elementor-section-height-default\" data-id=\"678181b\" data-element_type=\"section\">\n\t\t\t\t\t\t<div class=\"elementor-container elementor-column-gap-default\">\n\t\t\t\t\t<div class=\"elementor-column elementor-col-66 elementor-top-column elementor-element elementor-element-6b34026\" data-id=\"6b34026\" data-element_type=\"column\">\n\t\t\t<div class=\"elementor-widget-wrap elementor-element-populated\">\n\t\t\t\t\t\t<div class=\"elementor-element elementor-element-8c2b086 elementor-widget elementor-widget-wp-widget-advads_ad_widget\" data-id=\"8c2b086\" data-element_type=\"widget\" data-widget_type=\"wp-widget-advads_ad_widget.default\">\n\t\t\t\t<div class=\"elementor-widget-container\">\n\t\t\t<div id=\"regio-2167278215\"><div class=\"regio-adlabel\">Werbung<\/div><center><a href=\"https:\/\/a.partner-versicherung.de\/click.php?partner_id=19992&ad_id=1578&deep=kreditkarten\"  target=\"_blank\"><img decoding=\"async\" src=\"https:\/\/a.partner-versicherung.de\/view.php?partner_id=19992&ad_id=1578\" ><\/a><\/center><\/div>\t\t<\/div>\n\t\t\t\t<\/div>\n\t\t\t\t<div class=\"elementor-element elementor-element-443ab98 elementor-widget elementor-widget-text-editor\" data-id=\"443ab98\" data-element_type=\"widget\" data-widget_type=\"text-editor.default\">\n\t\t\t\t<div class=\"elementor-widget-container\">\n\t\t\t\t\t\t\t<h3>Sommernachtsfilmfestival im Alten DG:<br \/>\u201eMaria tr\u00e4umt &#8211; Oder: Die Kunst des Neuanfangs\u201c am Dienstag, den 22. August 2023, um 20.30 Uhr<\/h3><p><span style=\"font-size: 12pt;\">Schwabach &#8211; <span id=\"page64R_mcid15\" class=\"markedContent\"><span dir=\"ltr\" role=\"presentation\">Das Mobile Kino stellt auch dieses Jahr wieder die gro\u00dfe Leinwand im <\/span><span dir=\"ltr\" role=\"presentation\">Innenhof des Altes DG auf. Fans des Freiluftkinos d\u00fcrfen sich \u00fcber sechs <\/span><span dir=\"ltr\" role=\"presentation\">wunderbare und sehr unterschiedliche Filme freuen. Die Vorstellungen beginnen <\/span><span dir=\"ltr\" role=\"presentation\">jeden Abend um 20.30 Uhr (Einlass 19.30 Uhr). <\/span><\/span><\/span><\/p><p><span style=\"font-size: 12pt;\"><span id=\"page64R_mcid15\" class=\"markedContent\"><span dir=\"ltr\" role=\"presentation\">F\u00fcr Getr\u00e4nke und kleine <\/span><span dir=\"ltr\" role=\"presentation\">Snacks ist gesorgt. Der Vorverkauf hat bereits begonnen und Karten f\u00fcr alle <\/span><span dir=\"ltr\" role=\"presentation\">Filme gibt es auf<\/span><\/span><a href=\"http:\/\/www.sommernachtfilmfestival.de\" target=\"_blank\" rel=\"noopener\"><span id=\"page64R_mcid16\" class=\"markedContent\"> <span dir=\"ltr\" role=\"presentation\">www.sommernachtfilmfestival.de<\/span><\/span><\/a><span id=\"page64R_mcid22\" class=\"markedContent\"> <span dir=\"ltr\" role=\"presentation\">und ggfs. an der <\/span><\/span><span id=\"page64R_mcid23\" class=\"markedContent\"><span dir=\"ltr\" role=\"presentation\">Abendkasse.\u00a0<\/span><\/span><\/span><\/p><h3>Dienstag, den 22. August 2023:<\/h3><ul style=\"list-style-type: disc;\"><li><p><span style=\"font-size: 12pt;\"><strong>Dienstag, 22. August 2023, 20.30 Uhr: \u201eMaria tr\u00e4umt &#8211; Oder: Die Kunst des Neuanfangs\u201c\u00a0<\/strong><\/span><\/p><p><span style=\"font-size: 12pt;\">Frankreich 2023, Spielzeit 116 Minuten, FSK ab 12\u00a0<\/span><br \/><span style=\"font-size: 12pt;\">Regie: Lauriane Escaffre, Yvo Muller\u00a0<\/span><\/p><p><span style=\"font-size: 12pt;\">Diese ebenso romantische wie eigenwillige Kom\u00f6die spielt an einem ungew\u00f6hnlichen Ort: An der Pariser Schule der Sch\u00f6nen K\u00fcnste wird Maria als Putzfrau eingestellt. All die inspirierenden Werke der Studenten haben eine Wirkung auf die gestandene Frau. Erst ist sie zaghaft neugierig, dann l\u00e4sst sie sich sogar mutig in eine Performance einbinden. Die Kunstschule ist ein Spielzimmer f\u00fcr Erwachsene, in dem Hausmeister Hubert die wohlwollend ordnende Hand ist. Zwischen Maria und ihm entsteht eine Art kreative Spannung \u2013 k\u00f6nnen nicht auch Wischmop und Schw\u00e4mme zu moderner Kunst drapiert werden?\u00a0<\/span><\/p><p><span style=\"font-size: 12pt;\"><a href=\"https:\/\/www.youtube.com\/watch?v=fEhHbxN9BDc\" target=\"_blank\" rel=\"noopener\">Vorschau-Trailer zu \u201eMaria tr\u00e4umt &#8211; Oder: Die Kunst des Neuanfangs\u201c (hier klicken \u2026)<\/a><\/span><\/p><\/li><\/ul><h3>Infos:<\/h3><p><span style=\"font-size: 12pt;\">Die Vorstellungen beginnen alle um 20:30 Uhr.\u00a0<\/span><span style=\"font-size: 12pt;\">Die Karten gibt es im Vorverkauf unter <a href=\"http:\/\/www.sommernachtfilmfestival.de\" target=\"_blank\" rel=\"noopener\">www.sommernachtfilmfestival.de<\/a> und Restkarten an der Abendkasse. Wenn der Film online ausverkauft ist, gibt es keine Abendkasse mehr. Der Eintrittspreis betr\u00e4gt 10 \u20ac (dieses Jahr ist keine Erm\u00e4\u00dfigung m\u00f6glich). Wer zusammensitzen m\u00f6chte, sollte auch gemeinsam buchen.\u00a0<\/span><\/p><h3>Getr\u00e4nkeausschank<\/h3><p><span style=\"font-size: 12pt;\">Aus Gr\u00fcnden des Umweltschutzes und der Hygienevorschriften werden dieses Jahr nur Getr\u00e4nke in geschlossenen Flaschen verkauft. Wer Wein, Bier, Wasser oder Limo aus einem Glas trinken m\u00f6chte, wird gebeten, ein eigenes Glas mitzubringen.<\/span><\/p><h3>Karten im Vorverkauf gibt es hier:<\/h3><ul style=\"list-style-type: disc;\"><li><span style=\"font-size: 12pt;\"><a title=\"Online-Kartenvorverkauf\" href=\"https:\/\/www.sommernachtfilmfestival.de\/filme\/?tx_showings_showings%5Baction%5D=show&amp;tx_showings_showings%5Bcontroller%5D=Venue&amp;tx_showings_showings%5Bvenue%5D=75&amp;cHash=0d51475efdad752af82b3691950d50c7\" target=\"_blank\" rel=\"noopener\">Im Online-Vorverkauf (hier klicken &#8230;)<\/a><\/span><\/li><li><span style=\"font-size: 12pt;\">An der Abendkasse<\/span><\/li><\/ul><h3>Weiterf\u00fchrende Links:<\/h3><p><span style=\"font-size: 12pt;\"><a href=\"https:\/\/www.youtube.com\/watch?v=fEhHbxN9BDc\" target=\"_blank\" rel=\"noopener\">Vorschau-Trailer zu \u201eMaria tr\u00e4umt &#8211; Oder: Die Kunst des Neuanfangs\u201c (hier klicken \u2026)<\/a>\u00a0<\/span><\/p>\t\t\t\t\t\t<\/div>\n\t\t\t\t<\/div>\n\t\t\t\t<div class=\"elementor-element elementor-element-b61d463 elementor-widget elementor-widget-shortcode\" data-id=\"b61d463\" data-element_type=\"widget\" data-widget_type=\"shortcode.default\">\n\t\t\t\t<div class=\"elementor-widget-container\">\n\t\t\t\t\t<div class=\"elementor-shortcode\"><center><a href=\"https:\/\/a.partner-versicherung.de\/click.php?partner_id=19992&ad_id=441&deep=kfz-versicherung\"  target=\"_blank\"><img decoding=\"async\" src=\"https:\/\/a.partner-versicherung.de\/view.php?partner_id=19992&ad_id=441\" ><\/a><\/center><\/div>\n\t\t\t\t<\/div>\n\t\t\t\t<\/div>\n\t\t\t\t<div class=\"elementor-element elementor-element-0c834d7 elementor-widget-divider--view-line elementor-widget elementor-widget-divider\" data-id=\"0c834d7\" data-element_type=\"widget\" data-widget_type=\"divider.default\">\n\t\t\t\t<div class=\"elementor-widget-container\">\n\t\t\t\t\t<div class=\"elementor-divider\">\n\t\t\t<span class=\"elementor-divider-separator\">\n\t\t\t\t\t\t<\/span>\n\t\t<\/div>\n\t\t\t\t<\/div>\n\t\t\t\t<\/div>\n\t\t\t\t<div class=\"elementor-element elementor-element-325f51f elementor-widget elementor-widget-google_maps\" data-id=\"325f51f\" data-element_type=\"widget\" data-widget_type=\"google_maps.default\">\n\t\t\t\t<div class=\"elementor-widget-container\">\n\t\t\t\t\t<div class=\"elementor-custom-embed\">\n\t\t\t<iframe loading=\"lazy\"\n\t\t\t\t\tsrc=\"https:\/\/maps.google.com\/maps?q=Wittelsbacher%20Stra%C3%9Fe%201%2C%20Schwabach%2C%20Deutschland&#038;t=m&#038;z=18&#038;output=embed&#038;iwloc=near\"\n\t\t\t\t\ttitle=\"Wittelsbacher Stra\u00dfe 1, Schwabach, Deutschland\"\n\t\t\t\t\taria-label=\"Wittelsbacher Stra\u00dfe 1, Schwabach, Deutschland\"\n\t\t\t><\/iframe>\n\t\t<\/div>\n\t\t\t\t<\/div>\n\t\t\t\t<\/div>\n\t\t\t\t\t<\/div>\n\t\t<\/div>\n\t\t\t\t<div class=\"elementor-column elementor-col-33 elementor-top-column elementor-element elementor-element-f645137\" data-id=\"f645137\" data-element_type=\"column\">\n\t\t\t<div class=\"elementor-widget-wrap elementor-element-populated\">\n\t\t\t\t\t\t<div class=\"elementor-element elementor-element-78f122a elementor-widget elementor-widget-heading\" data-id=\"78f122a\" data-element_type=\"widget\" data-widget_type=\"heading.default\">\n\t\t\t\t<div class=\"elementor-widget-container\">\n\t\t\t<h3 class=\"elementor-heading-title elementor-size-default\">Schnell vergleichen und sparen!<\/h3>\t\t<\/div>\n\t\t\t\t<\/div>\n\t\t\t\t<div class=\"elementor-element elementor-element-815595f elementor-widget elementor-widget-wp-widget-advads_ad_widget\" data-id=\"815595f\" data-element_type=\"widget\" data-widget_type=\"wp-widget-advads_ad_widget.default\">\n\t\t\t\t<div class=\"elementor-widget-container\">\n\t\t\t<div id=\"regio-1982028064\"><div class=\"regio-adlabel\">Werbung<\/div><!-- Beginn https:\/\/www.financeads.net\/-Code --><a href=\"https:\/\/www.financeads.net\/tc.php?t=36648C236142529B\" target=\"_blank\"><img fetchpriority=\"high\" decoding=\"async\" src=\"https:\/\/www.financeads.net\/tb.php?t=36648V236142529B&https=1\" alt=\"\" border=\"0\" width=\"300\" height=\"250\"><\/a><!-- Ende https:\/\/www.financeads.net\/-Code --><\/div>\t\t<\/div>\n\t\t\t\t<\/div>\n\t\t\t\t<div class=\"elementor-element elementor-element-fa1c790 elementor-widget elementor-widget-wp-widget-advads_ad_widget\" data-id=\"fa1c790\" data-element_type=\"widget\" data-widget_type=\"wp-widget-advads_ad_widget.default\">\n\t\t\t\t<div class=\"elementor-widget-container\">\n\t\t\t<div id=\"regio-1699653260\"><div class=\"regio-adlabel\">Werbung<\/div><!-- Beginn https:\/\/www.financeads.net\/-Code --><a href=\"https:\/\/www.financeads.net\/tc.php?t=36648C42614510B\" target=\"_blank\"><img decoding=\"async\" src=\"https:\/\/www.financeads.net\/tb.php?t=36648V42614510B&https=1\" alt=\"\" border=\"0\" width=\"200\" height=\"300\"><\/a><!-- Ende https:\/\/www.financeads.net\/-Code --><\/div>\t\t<\/div>\n\t\t\t\t<\/div>\n\t\t\t\t<div class=\"elementor-element elementor-element-93f6842 elementor-widget elementor-widget-wp-widget-advads_ad_widget\" data-id=\"93f6842\" data-element_type=\"widget\" data-widget_type=\"wp-widget-advads_ad_widget.default\">\n\t\t\t\t<div class=\"elementor-widget-container\">\n\t\t\t<div id=\"regio-4018320138\"><div class=\"regio-adlabel\">Werbung<\/div><!-- Beginn https:\/\/www.financeads.net\/-Code --><a href=\"https:\/\/www.financeads.net\/tc.php?t=36648C205040072B\" target=\"_blank\"><img decoding=\"async\" src=\"https:\/\/www.financeads.net\/tb.php?t=36648V205040072B&https=1\" alt=\"\" border=\"0\" width=\"300\" height=\"250\"><\/a><!-- Ende https:\/\/www.financeads.net\/-Code --><\/div>\t\t<\/div>\n\t\t\t\t<\/div>\n\t\t\t\t<div class=\"elementor-element elementor-element-3baf264 elementor-widget elementor-widget-wp-widget-advads_ad_widget\" data-id=\"3baf264\" data-element_type=\"widget\" data-widget_type=\"wp-widget-advads_ad_widget.default\">\n\t\t\t\t<div class=\"elementor-widget-container\">\n\t\t\t<div id=\"regio-2214533531\"><div class=\"regio-adlabel\">Werbung<\/div><!-- Beginn https:\/\/www.financeads.net\/-Code --><a href=\"https:\/\/www.financeads.net\/tc.php?t=36648C271460142B\" target=\"_blank\"><img loading=\"lazy\" decoding=\"async\" src=\"https:\/\/www.financeads.net\/tb.php?t=36648V271460142B&https=1\" alt=\"PETPROTECT_Hund&Katze_Banner\" border=\"0\" width=\"250\" height=\"250\"><\/a><!-- Ende https:\/\/www.financeads.net\/-Code --><\/div>\t\t<\/div>\n\t\t\t\t<\/div>\n\t\t\t\t\t<\/div>\n\t\t<\/div>\n\t\t\t\t\t<\/div>\n\t\t<\/section>\n\t\t\t\t<\/div>\n\t\t","protected":false},"excerpt":{"rendered":"<div class=\"mh-excerpt\"><p>Sommernachtsfilmfestival im Alten DG:\u201eMaria tr\u00e4umt &#8211; Oder: Die Kunst des Neuanfangs\u201c am Dienstag, den 22. August 2023, um 20.30 Uhr Schwabach &#8211; Das Mobile Kino stellt auch dieses Jahr wieder die gro\u00dfe Leinwand im Innenhof <a class=\"mh-excerpt-more\" href=\"https:\/\/www.region-schwabach.de\/wordpress\/maria-traumt-oder-die-kunst-des-neuanfangs-sommernachtsfilmfestival-am-dienstag-den-22-august-2023\/\" title=\"\u201eMaria tr\u00e4umt &#8211; Oder: Die Kunst des Neuanfangs\u201c \u2013 Sommernachtsfilmfestival am Dienstag, den 22. August 2023\">[&#8230;]<\/a><\/p>\n<\/div>","protected":false},"author":1,"featured_media":211932,"comment_status":"open","ping_status":"open","sticky":false,"template":"","format":"standard","meta":{"_cbd_carousel_blocks":"[]","footnotes":""},"categories":[16,1,287,231],"tags":[23271,23273,23272,5332,5333,6999,5330,1480,19,5329,3012,3151,2678],"class_list":{"0":"post-211931","1":"post","2":"type-post","3":"status-publish","4":"format-standard","5":"has-post-thumbnail","7":"category-aktuell","8":"category-allgemein","9":"category-jugend-und-familie","10":"category-veranstaltungsnews","11":"tag-maria-traeumt-oder-die-kunst-des-neuanfangs","12":"tag-22-august-2023","13":"tag-22-08-2023","14":"tag-hof","15":"tag-hof-des-alten-dg","16":"tag-leinwand","17":"tag-mobiles-kino","18":"tag-rathaus","19":"tag-schwabach","20":"tag-sommernachtfilmfestival","21":"tag-stadt","22":"tag-stadt-schwabach","23":"tag-wittelsbacherstrasse"},"_links":{"self":[{"href":"https:\/\/www.region-schwabach.de\/wordpress\/wp-json\/wp\/v2\/posts\/211931","targetHints":{"allow":["GET"]}}],"collection":[{"href":"https:\/\/www.region-schwabach.de\/wordpress\/wp-json\/wp\/v2\/posts"}],"about":[{"href":"https:\/\/www.region-schwabach.de\/wordpress\/wp-json\/wp\/v2\/types\/post"}],"author":[{"embeddable":true,"href":"https:\/\/www.region-schwabach.de\/wordpress\/wp-json\/wp\/v2\/users\/1"}],"replies":[{"embeddable":true,"href":"https:\/\/www.region-schwabach.de\/wordpress\/wp-json\/wp\/v2\/comments?post=211931"}],"version-history":[{"count":0,"href":"https:\/\/www.region-schwabach.de\/wordpress\/wp-json\/wp\/v2\/posts\/211931\/revisions"}],"wp:featuredmedia":[{"embeddable":true,"href":"https:\/\/www.region-schwabach.de\/wordpress\/wp-json\/wp\/v2\/media\/211932"}],"wp:attachment":[{"href":"https:\/\/www.region-schwabach.de\/wordpress\/wp-json\/wp\/v2\/media?parent=211931"}],"wp:term":[{"taxonomy":"category","embeddable":true,"href":"https:\/\/www.region-schwabach.de\/wordpress\/wp-json\/wp\/v2\/categories?post=211931"},{"taxonomy":"post_tag","embeddable":true,"href":"https:\/\/www.region-schwabach.de\/wordpress\/wp-json\/wp\/v2\/tags?post=211931"}],"curies":[{"name":"wp","href":"https:\/\/api.w.org\/{rel}","templated":true}]}}