{"id":213550,"date":"2023-09-12T00:37:00","date_gmt":"2023-09-11T22:37:00","guid":{"rendered":"https:\/\/www.region-schwabach.de\/wordpress\/?p=213550"},"modified":"2023-09-12T00:48:41","modified_gmt":"2023-09-11T22:48:41","slug":"schwerer-unfall-zwischen-pkw-und-fahrradern-auf-staatsstrasse-bei-hilpoltstein","status":"publish","type":"post","link":"https:\/\/www.region-schwabach.de\/wordpress\/schwerer-unfall-zwischen-pkw-und-fahrradern-auf-staatsstrasse-bei-hilpoltstein\/","title":{"rendered":"Schwerer Unfall zwischen PKW und Fahrr\u00e4dern auf Staatsstra\u00dfe bei Hilpoltstein"},"content":{"rendered":"\t\t<div data-elementor-type=\"wp-post\" data-elementor-id=\"213550\" class=\"elementor elementor-213550\">\n\t\t\t\t\t\t<section class=\"elementor-section elementor-top-section elementor-element elementor-element-1cuv9jr elementor-section-boxed elementor-section-height-default elementor-section-height-default\" data-id=\"1cuv9jr\" data-element_type=\"section\">\n\t\t\t\t\t\t<div class=\"elementor-container elementor-column-gap-default\">\n\t\t\t\t\t<div class=\"elementor-column elementor-col-50 elementor-top-column elementor-element elementor-element-q5zak7b\" data-id=\"q5zak7b\" data-element_type=\"column\">\n\t\t\t<div class=\"elementor-widget-wrap elementor-element-populated\">\n\t\t\t\t\t\t<div class=\"elementor-element elementor-element-dcef279 elementor-widget elementor-widget-wp-widget-advads_ad_widget\" data-id=\"dcef279\" data-element_type=\"widget\" data-widget_type=\"wp-widget-advads_ad_widget.default\">\n\t\t\t\t<div class=\"elementor-widget-container\">\n\t\t\t<div id=\"regio-1850890477\"><div class=\"regio-adlabel\">Werbung<\/div><center><a href=\"https:\/\/a.partner-versicherung.de\/click.php?partner_id=19992&ad_id=1578&deep=kreditkarten\"  target=\"_blank\"><img decoding=\"async\" src=\"https:\/\/a.partner-versicherung.de\/view.php?partner_id=19992&ad_id=1578\" ><\/a><\/center><\/div>\t\t<\/div>\n\t\t\t\t<\/div>\n\t\t\t\t<div class=\"elementor-element elementor-element-a4daeae elementor-widget elementor-widget-text-editor\" data-id=\"a4daeae\" data-element_type=\"widget\" data-widget_type=\"text-editor.default\">\n\t\t\t\t<div class=\"elementor-widget-container\">\n\t\t\t\t\t\t\t<h3>Schwerer Verkehrsunfall auf der ST2238\u00a0<\/h3><p><span style=\"font-size: 12pt;\">Hilpoltstein (ots) &#8211; Am Sonntagabend (10.09.2023) ereignete sich auf der Staatsstra\u00dfe 2238 bei Hilpoltstein ein schwerer Verkehrsunfall. Zwei Radfahrer erlitten lebensgef\u00e4hrliche Verletzungen.\u00a0<\/span><\/p><p><span style=\"font-size: 12pt;\">Der 27-j\u00e4hrige Fahrer eines VW Golf war gegen 17:10 Uhr aus Richtung Autobahn A9 kommend auf der ST2238 in Fahrtrichtung Hilpoltstein unterwegs. An der Abzweigung nach Patersholz wollte er nach links abbiegen. Hierbei \u00fcbersah er ersten Ermittlungen zu Folge einen entgegenkommenden VW Tiguan. Durch die Wucht des Zusammensto\u00dfes wurde der VW Tiguan von der Fahrbahn geschleudert. Das Fahrzeug erfasste hierbei insgesamt drei Personen einer achtk\u00f6pfigen Gruppe von Fahrradfahrern, die gerade im Kreuzungsbereich warteten. Ein 47- und ein 54-j\u00e4hriger Mann erlitten hierbei lebensgef\u00e4hrliche Verletzungen. Sie kamen nach einer ersten medizinischen Versorgung vor Ort mit zwei Rettungshubschraubern in umliegende Krankenh\u00e4user. Die dritte erfasste Person &#8211; eine 50-j\u00e4hrige Frau &#8211; kam mit leichteren Verletzungen davon. Ebenfalls leichter verletzt wurden die beiden Fahrer der PKW.\u00a0<\/span><\/p><p><span style=\"font-size: 12pt;\">Beamtinnen und Beamte der Polizeiinspektion Hilpoltstein nahmen den Unfall vor Ort auf. Zur Kl\u00e4rung der genauen Unfallursache kam zudem ein Sachverst\u00e4ndiger hinzu. Neben den Beamtinnen und Beamten der Polizei waren zudem rund 30 Einsatzkr\u00e4fte der Freiwilligen Feuerwehren Jahrsdorf und Hilpoltstein an der Einsatzstelle. Die Staatsstra\u00dfe 2238 war f\u00fcr die Dauer der Unfallaufnahme f\u00fcr den Verkehr gesperrt.\u00a0<\/span><\/p><p><strong><span style=\"font-size: 12pt;\">Erstellt durch: Marc Siegl\u00a0<\/span><\/strong><\/p><p><span style=\"font-size: 12pt;\">Original-Content von: Polizeipr\u00e4sidium Mittelfranken\u00a0<\/span><\/p>\t\t\t\t\t\t<\/div>\n\t\t\t\t<\/div>\n\t\t\t\t<div class=\"elementor-element elementor-element-6c3f9de elementor-widget elementor-widget-shortcode\" data-id=\"6c3f9de\" data-element_type=\"widget\" data-widget_type=\"shortcode.default\">\n\t\t\t\t<div class=\"elementor-widget-container\">\n\t\t\t\t\t<div class=\"elementor-shortcode\"><center><a href=\"https:\/\/a.partner-versicherung.de\/click.php?partner_id=19992&ad_id=441&deep=kfz-versicherung\"  target=\"_blank\"><img decoding=\"async\" src=\"https:\/\/a.partner-versicherung.de\/view.php?partner_id=19992&ad_id=441\" ><\/a><\/center><\/div>\n\t\t\t\t<\/div>\n\t\t\t\t<\/div>\n\t\t\t\t<div class=\"elementor-element elementor-element-ace1283 elementor-widget-divider--view-line elementor-widget elementor-widget-divider\" data-id=\"ace1283\" data-element_type=\"widget\" data-widget_type=\"divider.default\">\n\t\t\t\t<div class=\"elementor-widget-container\">\n\t\t\t\t\t<div class=\"elementor-divider\">\n\t\t\t<span class=\"elementor-divider-separator\">\n\t\t\t\t\t\t<\/span>\n\t\t<\/div>\n\t\t\t\t<\/div>\n\t\t\t\t<\/div>\n\t\t\t\t<div class=\"elementor-element elementor-element-ac34ac3 elementor-widget elementor-widget-google_maps\" data-id=\"ac34ac3\" data-element_type=\"widget\" data-widget_type=\"google_maps.default\">\n\t\t\t\t<div class=\"elementor-widget-container\">\n\t\t\t\t\t<div class=\"elementor-custom-embed\">\n\t\t\t<iframe loading=\"lazy\"\n\t\t\t\t\tsrc=\"https:\/\/maps.google.com\/maps?q=Patersholz%2C%20Deutschland&#038;t=m&#038;z=14&#038;output=embed&#038;iwloc=near\"\n\t\t\t\t\ttitle=\"Patersholz, Deutschland\"\n\t\t\t\t\taria-label=\"Patersholz, Deutschland\"\n\t\t\t><\/iframe>\n\t\t<\/div>\n\t\t\t\t<\/div>\n\t\t\t\t<\/div>\n\t\t\t\t\t<\/div>\n\t\t<\/div>\n\t\t\t\t<div class=\"elementor-column elementor-col-50 elementor-top-column elementor-element elementor-element-4ce46fb\" data-id=\"4ce46fb\" data-element_type=\"column\">\n\t\t\t<div class=\"elementor-widget-wrap elementor-element-populated\">\n\t\t\t\t\t\t<div class=\"elementor-element elementor-element-38f4e35 elementor-widget elementor-widget-heading\" data-id=\"38f4e35\" data-element_type=\"widget\" data-widget_type=\"heading.default\">\n\t\t\t\t<div class=\"elementor-widget-container\">\n\t\t\t<h3 class=\"elementor-heading-title elementor-size-default\">Schnell vergleichen und sparen!<\/h3>\t\t<\/div>\n\t\t\t\t<\/div>\n\t\t\t\t<div class=\"elementor-element elementor-element-92c49bc elementor-widget elementor-widget-wp-widget-advads_ad_widget\" data-id=\"92c49bc\" data-element_type=\"widget\" data-widget_type=\"wp-widget-advads_ad_widget.default\">\n\t\t\t\t<div class=\"elementor-widget-container\">\n\t\t\t<div id=\"regio-3763342045\"><div class=\"regio-adlabel\">Werbung<\/div><!-- Beginn https:\/\/www.financeads.net\/-Code --><a href=\"https:\/\/www.financeads.net\/tc.php?t=36648C236142529B\" target=\"_blank\"><img fetchpriority=\"high\" decoding=\"async\" src=\"https:\/\/www.financeads.net\/tb.php?t=36648V236142529B&https=1\" alt=\"\" border=\"0\" width=\"300\" height=\"250\"><\/a><!-- Ende https:\/\/www.financeads.net\/-Code --><\/div>\t\t<\/div>\n\t\t\t\t<\/div>\n\t\t\t\t<div class=\"elementor-element elementor-element-cb0c78c elementor-widget elementor-widget-wp-widget-advads_ad_widget\" data-id=\"cb0c78c\" data-element_type=\"widget\" data-widget_type=\"wp-widget-advads_ad_widget.default\">\n\t\t\t\t<div class=\"elementor-widget-container\">\n\t\t\t<div id=\"regio-633682390\"><div class=\"regio-adlabel\">Werbung<\/div><!-- Beginn https:\/\/www.financeads.net\/-Code --><a href=\"https:\/\/www.financeads.net\/tc.php?t=36648C42614510B\" target=\"_blank\"><img decoding=\"async\" src=\"https:\/\/www.financeads.net\/tb.php?t=36648V42614510B&https=1\" alt=\"\" border=\"0\" width=\"200\" height=\"300\"><\/a><!-- Ende https:\/\/www.financeads.net\/-Code --><\/div>\t\t<\/div>\n\t\t\t\t<\/div>\n\t\t\t\t<div class=\"elementor-element elementor-element-31c9ced elementor-widget elementor-widget-wp-widget-advads_ad_widget\" data-id=\"31c9ced\" data-element_type=\"widget\" data-widget_type=\"wp-widget-advads_ad_widget.default\">\n\t\t\t\t<div class=\"elementor-widget-container\">\n\t\t\t<div id=\"regio-1090553650\"><div class=\"regio-adlabel\">Werbung<\/div><!-- Beginn https:\/\/www.financeads.net\/-Code --><a href=\"https:\/\/www.financeads.net\/tc.php?t=36648C205040072B\" target=\"_blank\"><img decoding=\"async\" src=\"https:\/\/www.financeads.net\/tb.php?t=36648V205040072B&https=1\" alt=\"\" border=\"0\" width=\"300\" height=\"250\"><\/a><!-- Ende https:\/\/www.financeads.net\/-Code --><\/div>\t\t<\/div>\n\t\t\t\t<\/div>\n\t\t\t\t<div class=\"elementor-element elementor-element-0344b9f elementor-widget elementor-widget-wp-widget-advads_ad_widget\" data-id=\"0344b9f\" data-element_type=\"widget\" data-widget_type=\"wp-widget-advads_ad_widget.default\">\n\t\t\t\t<div class=\"elementor-widget-container\">\n\t\t\t<div id=\"regio-104506143\"><div class=\"regio-adlabel\">Werbung<\/div><!-- Beginn https:\/\/www.financeads.net\/-Code --><a href=\"https:\/\/www.financeads.net\/tc.php?t=36648C271460142B\" target=\"_blank\"><img loading=\"lazy\" decoding=\"async\" src=\"https:\/\/www.financeads.net\/tb.php?t=36648V271460142B&https=1\" alt=\"PETPROTECT_Hund&Katze_Banner\" border=\"0\" width=\"250\" height=\"250\"><\/a><!-- Ende https:\/\/www.financeads.net\/-Code --><\/div>\t\t<\/div>\n\t\t\t\t<\/div>\n\t\t\t\t\t<\/div>\n\t\t<\/div>\n\t\t\t\t\t<\/div>\n\t\t<\/section>\n\t\t\t\t<\/div>\n\t\t","protected":false},"excerpt":{"rendered":"<div class=\"mh-excerpt\"><p>Schwerer Verkehrsunfall auf der ST2238\u00a0 Hilpoltstein (ots) &#8211; Am Sonntagabend (10.09.2023) ereignete sich auf der Staatsstra\u00dfe 2238 bei Hilpoltstein ein schwerer Verkehrsunfall. Zwei Radfahrer erlitten lebensgef\u00e4hrliche Verletzungen.\u00a0 Der 27-j\u00e4hrige Fahrer eines VW Golf war gegen <a class=\"mh-excerpt-more\" href=\"https:\/\/www.region-schwabach.de\/wordpress\/schwerer-unfall-zwischen-pkw-und-fahrradern-auf-staatsstrasse-bei-hilpoltstein\/\" title=\"Schwerer Unfall zwischen PKW und Fahrr\u00e4dern auf Staatsstra\u00dfe bei Hilpoltstein\">[&#8230;]<\/a><\/p>\n<\/div>","protected":false},"author":1,"featured_media":213551,"comment_status":"open","ping_status":"open","sticky":false,"template":"","format":"standard","meta":{"_cbd_carousel_blocks":"[]","footnotes":""},"categories":[22135,21581,21316,22879,22614,22354,21838,15],"tags":[23422,6373,2396,4624,643,296,7505,297,1748,2345,1856,1417,9823,9893,463,981,972,5347,8146,276,538,334,17922,1483,8796,7498],"class_list":{"0":"post-213550","1":"post","2":"type-post","3":"status-publish","4":"format-standard","5":"has-post-thumbnail","7":"category-polizei-april-2023","8":"category-polizei-februar-2023","9":"category-polizei-januar-2023","10":"category-polizei-juli-2023","11":"category-polizei-juni-2023","12":"category-polizei-mai-2023","13":"category-polizei-maerz-2023","14":"category-polizeimeldungen","15":"tag-10-09-2023","16":"tag-abbiegevorgang","17":"tag-abzweigung","18":"tag-autobahn-a9","19":"tag-fahrrad","20":"tag-feuerwehr","21":"tag-gruppe","22":"tag-hilpoltstein","23":"tag-jahrsdorf","24":"tag-kollision","25":"tag-krankenhaus","26":"tag-kreuzungsbereich","27":"tag-lebensgefaehrlich-verletzt","28":"tag-patersholz","29":"tag-pkw","30":"tag-polizei","31":"tag-rettungshubschrauber","32":"tag-sachverstaendiger","33":"tag-schleudern","34":"tag-sperrung","35":"tag-staatsstrasse-2238","36":"tag-unfall","37":"tag-versorgung","38":"tag-vw-golf","39":"tag-vw-tiguan-2","40":"tag-zusammenstoss-2"},"_links":{"self":[{"href":"https:\/\/www.region-schwabach.de\/wordpress\/wp-json\/wp\/v2\/posts\/213550","targetHints":{"allow":["GET"]}}],"collection":[{"href":"https:\/\/www.region-schwabach.de\/wordpress\/wp-json\/wp\/v2\/posts"}],"about":[{"href":"https:\/\/www.region-schwabach.de\/wordpress\/wp-json\/wp\/v2\/types\/post"}],"author":[{"embeddable":true,"href":"https:\/\/www.region-schwabach.de\/wordpress\/wp-json\/wp\/v2\/users\/1"}],"replies":[{"embeddable":true,"href":"https:\/\/www.region-schwabach.de\/wordpress\/wp-json\/wp\/v2\/comments?post=213550"}],"version-history":[{"count":0,"href":"https:\/\/www.region-schwabach.de\/wordpress\/wp-json\/wp\/v2\/posts\/213550\/revisions"}],"wp:featuredmedia":[{"embeddable":true,"href":"https:\/\/www.region-schwabach.de\/wordpress\/wp-json\/wp\/v2\/media\/213551"}],"wp:attachment":[{"href":"https:\/\/www.region-schwabach.de\/wordpress\/wp-json\/wp\/v2\/media?parent=213550"}],"wp:term":[{"taxonomy":"category","embeddable":true,"href":"https:\/\/www.region-schwabach.de\/wordpress\/wp-json\/wp\/v2\/categories?post=213550"},{"taxonomy":"post_tag","embeddable":true,"href":"https:\/\/www.region-schwabach.de\/wordpress\/wp-json\/wp\/v2\/tags?post=213550"}],"curies":[{"name":"wp","href":"https:\/\/api.w.org\/{rel}","templated":true}]}}