{"id":213578,"date":"2023-09-12T00:45:00","date_gmt":"2023-09-11T22:45:00","guid":{"rendered":"https:\/\/www.region-schwabach.de\/wordpress\/?p=213578"},"modified":"2023-09-12T09:56:49","modified_gmt":"2023-09-12T07:56:49","slug":"durchgang-am-schillerplatz-ab-dienstag-den-12-september-2023-wieder-freigegeben","status":"publish","type":"post","link":"https:\/\/www.region-schwabach.de\/wordpress\/durchgang-am-schillerplatz-ab-dienstag-den-12-september-2023-wieder-freigegeben\/","title":{"rendered":"Durchgang am Schillerplatz ab Dienstag, den 12. September 2023, wieder freigegeben"},"content":{"rendered":"\t\t<div data-elementor-type=\"wp-post\" data-elementor-id=\"213578\" class=\"elementor elementor-213578\">\n\t\t\t\t\t\t<section class=\"elementor-section elementor-top-section elementor-element elementor-element-tlus4ia elementor-section-boxed elementor-section-height-default elementor-section-height-default\" data-id=\"tlus4ia\" data-element_type=\"section\">\n\t\t\t\t\t\t<div class=\"elementor-container elementor-column-gap-default\">\n\t\t\t\t\t<div class=\"elementor-column elementor-col-50 elementor-top-column elementor-element elementor-element-sphcucl\" data-id=\"sphcucl\" data-element_type=\"column\">\n\t\t\t<div class=\"elementor-widget-wrap elementor-element-populated\">\n\t\t\t\t\t\t<div class=\"elementor-element elementor-element-903340f elementor-widget elementor-widget-wp-widget-advads_ad_widget\" data-id=\"903340f\" data-element_type=\"widget\" data-widget_type=\"wp-widget-advads_ad_widget.default\">\n\t\t\t\t<div class=\"elementor-widget-container\">\n\t\t\t<div id=\"regio-2380068435\"><div class=\"regio-adlabel\">Werbung<\/div><center><a href=\"https:\/\/a.partner-versicherung.de\/click.php?partner_id=19992&ad_id=1578&deep=kreditkarten\"  target=\"_blank\"><img decoding=\"async\" src=\"https:\/\/a.partner-versicherung.de\/view.php?partner_id=19992&ad_id=1578\" ><\/a><\/center><\/div>\t\t<\/div>\n\t\t\t\t<\/div>\n\t\t\t\t<div class=\"elementor-element elementor-element-4f2h2af elementor-widget elementor-widget-text-editor\" data-id=\"4f2h2af\" data-element_type=\"widget\" data-widget_type=\"text-editor.default\">\n\t\t\t\t<div class=\"elementor-widget-container\">\n\t\t\t\t\t\t\t<h3><span style=\"font-size: 14pt;\"><span id=\"page42R_mcid25\" class=\"markedContent\"><span dir=\"ltr\" role=\"presentation\">Ab Dienstag, den 12 September 2023\u00a0<\/span><\/span><span id=\"undefined\" class=\"markedContent\"><\/span><span id=\"page42R_mcid12\" class=\"markedContent\"><\/span><span id=\"page42R_mcid13\" class=\"markedContent\"><br role=\"presentation\" \/><span dir=\"ltr\" role=\"presentation\">Durchgang am Schillerplatz wird wieder freigegeben\u00a0<\/span><\/span><\/span><\/h3><p><span style=\"font-size: 12pt;\">Schwabach &#8211; <span id=\"page42R_mcid15\" class=\"markedContent\"><span dir=\"ltr\" role=\"presentation\">P\u00fcnktlich zum Schulanfang am Dienstag, 12. September, wird es wieder <\/span><span dir=\"ltr\" role=\"presentation\">m\u00f6glich sein, den Schillerplatz zu passieren. Die Baustellen-Absperrung wird <\/span><span dir=\"ltr\" role=\"presentation\">dann so umgesetzt, dass es m\u00f6glich ist, den Durchgang von der Schillerstra\u00dfe <\/span><span dir=\"ltr\" role=\"presentation\">aus zum Schulhof zu nutzen. Dieser verl\u00e4uft dann so wie fr\u00fcher, als der <\/span><span dir=\"ltr\" role=\"presentation\">Brunnen am Schillerplatz noch stand.\u00a0<\/span><\/span><\/span><\/p><p><span style=\"font-size: 12pt;\"><span id=\"page42R_mcid17\" class=\"markedContent\"><span dir=\"ltr\" role=\"presentation\">Die Bauarbeiten werden noch bis November dauern. Anschlie\u00dfend kann der <\/span><span dir=\"ltr\" role=\"presentation\">Schillerplatz wieder vollst\u00e4ndig freigegeben werden. Die Inbetriebnahme des <\/span><span dir=\"ltr\" role=\"presentation\">neuen Brunnens erfolgt dann im kommenden Fr\u00fchjahr.<\/span><\/span><span id=\"page42R_mcid18\" class=\"markedContent\"><\/span><span id=\"page42R_mcid19\" class=\"markedContent\"><br role=\"presentation\" \/><\/span><\/span><\/p><p><span style=\"font-size: 12pt;\"><span id=\"page42R_mcid19\" class=\"markedContent\"><span dir=\"ltr\" role=\"presentation\">Auch der Durchgang zwischen der Wirtschaftsschule und der ehemaligen <\/span><span dir=\"ltr\" role=\"presentation\">Berufsschule, das so genannte \u201eBaumtor\u201c, wird mit dem Beginn des neuen <\/span><span dir=\"ltr\" role=\"presentation\">Schuljahres wieder als Weg zu benutzen sein.<\/span><\/span><span id=\"page42R_mcid20\" class=\"markedContent\"><\/span><span id=\"page42R_mcid21\" class=\"markedContent\"><br role=\"presentation\" \/><\/span><\/span><\/p><p><strong><span style=\"font-size: 12pt;\"><span id=\"page42R_mcid21\" class=\"markedContent\"><span dir=\"ltr\" role=\"presentation\">Foto 1: Wo jetzt noch eifrig gearbeitet wird, soll am 12. September ein Korridor <\/span><span dir=\"ltr\" role=\"presentation\">abgesteckt sein, damit dieser Bereich vom Fu\u00dfg\u00e4nger\u00fcberweg dahinter zu <\/span><span dir=\"ltr\" role=\"presentation\">passieren ist.\u00a0<\/span><\/span><\/span><\/strong><\/p><p><strong><span style=\"font-size: 12pt;\"><span id=\"page42R_mcid22\" class=\"markedContent\"><span dir=\"ltr\" role=\"presentation\">Foto 2: Auch der Bereich unter dem Baumtor wird f\u00fcr die\u00a0 Schulgemeinschaft <\/span><span dir=\"ltr\" role=\"presentation\">und andere zu begehen sein.\u00a0<\/span><\/span><\/span><\/strong><\/p><p><a href=\"https:\/\/www.region-schwabach.de\/wordpress\/wp-content\/uploads\/2023\/09\/PM202_Schillerplatz_Baumtor-scaled-e1694505096222.jpg\"><img fetchpriority=\"high\" decoding=\"async\" class=\"aligncenter size-full wp-image-213588\" src=\"https:\/\/www.region-schwabach.de\/wordpress\/wp-content\/uploads\/2023\/09\/PM202_Schillerplatz_Baumtor-scaled-e1694505096222.jpg\" alt=\"\" width=\"640\" height=\"960\" \/><\/a><\/p>\t\t\t\t\t\t<\/div>\n\t\t\t\t<\/div>\n\t\t\t\t<div class=\"elementor-element elementor-element-36f6d65 elementor-widget elementor-widget-shortcode\" data-id=\"36f6d65\" data-element_type=\"widget\" data-widget_type=\"shortcode.default\">\n\t\t\t\t<div class=\"elementor-widget-container\">\n\t\t\t\t\t<div class=\"elementor-shortcode\"><center><a href=\"https:\/\/a.partner-versicherung.de\/click.php?partner_id=19992&ad_id=441&deep=kfz-versicherung\"  target=\"_blank\"><img decoding=\"async\" src=\"https:\/\/a.partner-versicherung.de\/view.php?partner_id=19992&ad_id=441\" ><\/a><\/center><\/div>\n\t\t\t\t<\/div>\n\t\t\t\t<\/div>\n\t\t\t\t<div class=\"elementor-element elementor-element-39c5f74 elementor-widget elementor-widget-google_maps\" data-id=\"39c5f74\" data-element_type=\"widget\" data-widget_type=\"google_maps.default\">\n\t\t\t\t<div class=\"elementor-widget-container\">\n\t\t\t\t\t<div class=\"elementor-custom-embed\">\n\t\t\t<iframe loading=\"lazy\"\n\t\t\t\t\tsrc=\"https:\/\/maps.google.com\/maps?q=Schillerplatz%2C%20Schwabach%2C%20Deutschland&#038;t=m&#038;z=18&#038;output=embed&#038;iwloc=near\"\n\t\t\t\t\ttitle=\"Schillerplatz, Schwabach, Deutschland\"\n\t\t\t\t\taria-label=\"Schillerplatz, Schwabach, Deutschland\"\n\t\t\t><\/iframe>\n\t\t<\/div>\n\t\t\t\t<\/div>\n\t\t\t\t<\/div>\n\t\t\t\t\t<\/div>\n\t\t<\/div>\n\t\t\t\t<div class=\"elementor-column elementor-col-50 elementor-top-column elementor-element elementor-element-e69aac1\" data-id=\"e69aac1\" data-element_type=\"column\">\n\t\t\t<div class=\"elementor-widget-wrap elementor-element-populated\">\n\t\t\t\t\t\t<div class=\"elementor-element elementor-element-99c00af elementor-widget elementor-widget-heading\" data-id=\"99c00af\" data-element_type=\"widget\" data-widget_type=\"heading.default\">\n\t\t\t\t<div class=\"elementor-widget-container\">\n\t\t\t<h3 class=\"elementor-heading-title elementor-size-default\">Schnell vergleichen und sparen!<\/h3>\t\t<\/div>\n\t\t\t\t<\/div>\n\t\t\t\t<div class=\"elementor-element elementor-element-d5349f5 elementor-widget elementor-widget-wp-widget-advads_ad_widget\" data-id=\"d5349f5\" data-element_type=\"widget\" data-widget_type=\"wp-widget-advads_ad_widget.default\">\n\t\t\t\t<div class=\"elementor-widget-container\">\n\t\t\t<div id=\"regio-2795045351\"><div class=\"regio-adlabel\">Werbung<\/div><!-- Beginn https:\/\/www.financeads.net\/-Code --><a href=\"https:\/\/www.financeads.net\/tc.php?t=36648C236142529B\" target=\"_blank\"><img decoding=\"async\" src=\"https:\/\/www.financeads.net\/tb.php?t=36648V236142529B&https=1\" alt=\"\" border=\"0\" width=\"300\" height=\"250\"><\/a><!-- Ende https:\/\/www.financeads.net\/-Code --><\/div>\t\t<\/div>\n\t\t\t\t<\/div>\n\t\t\t\t<div class=\"elementor-element elementor-element-4111b41 elementor-widget elementor-widget-wp-widget-advads_ad_widget\" data-id=\"4111b41\" data-element_type=\"widget\" data-widget_type=\"wp-widget-advads_ad_widget.default\">\n\t\t\t\t<div class=\"elementor-widget-container\">\n\t\t\t<div id=\"regio-215643044\"><div class=\"regio-adlabel\">Werbung<\/div><!-- Beginn https:\/\/www.financeads.net\/-Code --><a href=\"https:\/\/www.financeads.net\/tc.php?t=36648C42614510B\" target=\"_blank\"><img decoding=\"async\" src=\"https:\/\/www.financeads.net\/tb.php?t=36648V42614510B&https=1\" alt=\"\" border=\"0\" width=\"200\" height=\"300\"><\/a><!-- Ende https:\/\/www.financeads.net\/-Code --><\/div>\t\t<\/div>\n\t\t\t\t<\/div>\n\t\t\t\t<div class=\"elementor-element elementor-element-049ce1a elementor-widget elementor-widget-wp-widget-advads_ad_widget\" data-id=\"049ce1a\" data-element_type=\"widget\" data-widget_type=\"wp-widget-advads_ad_widget.default\">\n\t\t\t\t<div class=\"elementor-widget-container\">\n\t\t\t<div id=\"regio-219286659\"><div class=\"regio-adlabel\">Werbung<\/div><!-- Beginn https:\/\/www.financeads.net\/-Code --><a href=\"https:\/\/www.financeads.net\/tc.php?t=36648C205040072B\" target=\"_blank\"><img loading=\"lazy\" decoding=\"async\" src=\"https:\/\/www.financeads.net\/tb.php?t=36648V205040072B&https=1\" alt=\"\" border=\"0\" width=\"300\" height=\"250\"><\/a><!-- Ende https:\/\/www.financeads.net\/-Code --><\/div>\t\t<\/div>\n\t\t\t\t<\/div>\n\t\t\t\t<div class=\"elementor-element elementor-element-ebec242 elementor-widget elementor-widget-wp-widget-advads_ad_widget\" data-id=\"ebec242\" data-element_type=\"widget\" data-widget_type=\"wp-widget-advads_ad_widget.default\">\n\t\t\t\t<div class=\"elementor-widget-container\">\n\t\t\t<div id=\"regio-4018753369\"><div class=\"regio-adlabel\">Werbung<\/div><!-- Beginn https:\/\/www.financeads.net\/-Code --><a href=\"https:\/\/www.financeads.net\/tc.php?t=36648C271460142B\" target=\"_blank\"><img loading=\"lazy\" decoding=\"async\" src=\"https:\/\/www.financeads.net\/tb.php?t=36648V271460142B&https=1\" alt=\"PETPROTECT_Hund&Katze_Banner\" border=\"0\" width=\"250\" height=\"250\"><\/a><!-- Ende https:\/\/www.financeads.net\/-Code --><\/div>\t\t<\/div>\n\t\t\t\t<\/div>\n\t\t\t\t\t<\/div>\n\t\t<\/div>\n\t\t\t\t\t<\/div>\n\t\t<\/section>\n\t\t\t\t<\/div>\n\t\t","protected":false},"excerpt":{"rendered":"<div class=\"mh-excerpt\"><p>Ab Dienstag, den 12 September 2023\u00a0Durchgang am Schillerplatz wird wieder freigegeben Schwabach &#8211; P\u00fcnktlich zum Schulanfang am Dienstag, 12. September, wird es wieder m\u00f6glich sein, den Schillerplatz zu passieren. Die Baustellen-Absperrung wird dann so umgesetzt, <a class=\"mh-excerpt-more\" href=\"https:\/\/www.region-schwabach.de\/wordpress\/durchgang-am-schillerplatz-ab-dienstag-den-12-september-2023-wieder-freigegeben\/\" title=\"Durchgang am Schillerplatz ab Dienstag, den 12. September 2023, wieder freigegeben\">[&#8230;]<\/a><\/p>\n<\/div>","protected":false},"author":1,"featured_media":213579,"comment_status":"open","ping_status":"open","sticky":false,"template":"","format":"standard","meta":{"_cbd_carousel_blocks":"[]","footnotes":""},"categories":[16,287,61,14],"tags":[23442,23441,526,13306,522,1480,911,6899,19,3151],"class_list":{"0":"post-213578","1":"post","2":"type-post","3":"status-publish","4":"format-standard","5":"has-post-thumbnail","7":"category-aktuell","8":"category-jugend-und-familie","9":"category-rathaus","10":"category-verkehrsinfos","11":"tag-12-september-2023","12":"tag-12-09-2023","13":"tag-baustelle","14":"tag-durchgang","15":"tag-koenigsplatz","16":"tag-rathaus","17":"tag-schillerbrunnen","18":"tag-schillerplatz","19":"tag-schwabach","20":"tag-stadt-schwabach"},"_links":{"self":[{"href":"https:\/\/www.region-schwabach.de\/wordpress\/wp-json\/wp\/v2\/posts\/213578","targetHints":{"allow":["GET"]}}],"collection":[{"href":"https:\/\/www.region-schwabach.de\/wordpress\/wp-json\/wp\/v2\/posts"}],"about":[{"href":"https:\/\/www.region-schwabach.de\/wordpress\/wp-json\/wp\/v2\/types\/post"}],"author":[{"embeddable":true,"href":"https:\/\/www.region-schwabach.de\/wordpress\/wp-json\/wp\/v2\/users\/1"}],"replies":[{"embeddable":true,"href":"https:\/\/www.region-schwabach.de\/wordpress\/wp-json\/wp\/v2\/comments?post=213578"}],"version-history":[{"count":0,"href":"https:\/\/www.region-schwabach.de\/wordpress\/wp-json\/wp\/v2\/posts\/213578\/revisions"}],"wp:featuredmedia":[{"embeddable":true,"href":"https:\/\/www.region-schwabach.de\/wordpress\/wp-json\/wp\/v2\/media\/213579"}],"wp:attachment":[{"href":"https:\/\/www.region-schwabach.de\/wordpress\/wp-json\/wp\/v2\/media?parent=213578"}],"wp:term":[{"taxonomy":"category","embeddable":true,"href":"https:\/\/www.region-schwabach.de\/wordpress\/wp-json\/wp\/v2\/categories?post=213578"},{"taxonomy":"post_tag","embeddable":true,"href":"https:\/\/www.region-schwabach.de\/wordpress\/wp-json\/wp\/v2\/tags?post=213578"}],"curies":[{"name":"wp","href":"https:\/\/api.w.org\/{rel}","templated":true}]}}