{"id":213666,"date":"2023-09-15T00:45:00","date_gmt":"2023-09-14T22:45:00","guid":{"rendered":"https:\/\/www.region-schwabach.de\/wordpress\/?p=213666"},"modified":"2023-09-14T22:55:06","modified_gmt":"2023-09-14T20:55:06","slug":"a-b-c-fest-am-freitag-den-15-september-2023-ab-11-00-uhr-in-der-stadtbibliothek","status":"publish","type":"post","link":"https:\/\/www.region-schwabach.de\/wordpress\/a-b-c-fest-am-freitag-den-15-september-2023-ab-11-00-uhr-in-der-stadtbibliothek\/","title":{"rendered":"A-B-C-Fest am Freitag, den 15. September 2023, ab 11.00 Uhr in der Stadtbibliothek"},"content":{"rendered":"\t\t<div data-elementor-type=\"wp-post\" data-elementor-id=\"213666\" class=\"elementor elementor-213666\">\n\t\t\t\t\t\t<section class=\"elementor-section elementor-top-section elementor-element elementor-element-678181b elementor-section-boxed elementor-section-height-default elementor-section-height-default\" data-id=\"678181b\" data-element_type=\"section\">\n\t\t\t\t\t\t<div class=\"elementor-container elementor-column-gap-default\">\n\t\t\t\t\t<div class=\"elementor-column elementor-col-50 elementor-top-column elementor-element elementor-element-6b34026\" data-id=\"6b34026\" data-element_type=\"column\">\n\t\t\t<div class=\"elementor-widget-wrap elementor-element-populated\">\n\t\t\t\t\t\t<div class=\"elementor-element elementor-element-dbcebd8 elementor-widget elementor-widget-wp-widget-advads_ad_widget\" data-id=\"dbcebd8\" data-element_type=\"widget\" data-widget_type=\"wp-widget-advads_ad_widget.default\">\n\t\t\t\t<div class=\"elementor-widget-container\">\n\t\t\t<div id=\"regio-514031511\"><div class=\"regio-adlabel\">Werbung<\/div><center><a href=\"https:\/\/a.partner-versicherung.de\/click.php?partner_id=19992&ad_id=1578&deep=kreditkarten\"  target=\"_blank\"><img decoding=\"async\" src=\"https:\/\/a.partner-versicherung.de\/view.php?partner_id=19992&ad_id=1578\" ><\/a><\/center><\/div>\t\t<\/div>\n\t\t\t\t<\/div>\n\t\t\t\t<div class=\"elementor-element elementor-element-443ab98 elementor-widget elementor-widget-text-editor\" data-id=\"443ab98\" data-element_type=\"widget\" data-widget_type=\"text-editor.default\">\n\t\t\t\t<div class=\"elementor-widget-container\">\n\t\t\t\t\t\t\t<h3 class=\"entry-title\"><strong>Freitag, den 15. September 2023, ab 11. 00 Uhr\u00a0<br \/>Einladung zum \u201eA-B-C-Fest\u201c in der Stadtbibliothek!\u00a0<\/strong><\/h3><p><span style=\"font-size: 12pt;\">Schwabach &#8211;\u00a0Erstmals veranstaltet die Stadtbibliothek in diesem Jahr\u00a0 ein\u00a0<strong>\u201eA-B-C-Fest\u201c\u00a0<\/strong>f\u00fcr alle frischgebackenen Schwabacher Schulanf\u00e4ngerinnen und Schulanf\u00e4nger und ihre Familien!\u00a0<\/span><\/p><p><span style=\"font-size: 12pt;\">Damit bietet die Stadtbibliothek den kleinen Leseanf\u00e4ngern einen vielleicht ersten, unbeschwerten und fr\u00f6hlichen Zugang zu ihren R\u00e4umlichkeiten und ihrem umfangreichen Lese- und Spielangebot: In der Kinderbibliothek im 2. Obergeschoss ist ein \u201eA-B-C-Parcours\u201c mit zahlreichen Stationen aufgebaut, an denen es spielerisch um das Alphabet geht, und es werden viele Erstleseb\u00fccher vorgestellt. Zudem gibt es die M\u00f6glichkeit, gleich vor Ort einen (kostenlosen) Bibliotheksausweis zu machen.\u00a0<\/span><\/p><p><span style=\"font-size: 12pt;\">Als\u00a0<strong>Highlight<\/strong>\u00a0um 15 Uhr gibt es f\u00fcr Kinder ab 5 Jahren eine\u00a0<strong>\u201eHardy Hamster \u2013 Speziallesung\u201c mit Oberb\u00fcrgermeister Peter Rei\u00df<\/strong>, der eine sehr nette Schulanfangs-Geschichte vorlesen wird: \u201eDer Ernst des Lebens\u201c von Sabine J\u00f6rg und Antje Drescher.\u00a0<\/span><\/p><p><span style=\"font-size: 12pt;\">Die Veranstaltung ist kostenlos!\u00a0<\/span><\/p><h3>Weiterf\u00fchrende Links:\u00a0<\/h3><p><a href=\"https:\/\/www.schwabach.de\/de\/kultureinrichtung-stadtbibliothek\/stadtbibliothek.html\" target=\"_blank\" rel=\"noopener\"><span style=\"font-size: 12pt;\">Hier geht&#8217;s zur Homepage<\/span> der\u00a0<span style=\"font-size: 12pt;\">Stadtbibliothek Schwabach &#8230;<\/span><\/a>5<\/p>\t\t\t\t\t\t<\/div>\n\t\t\t\t<\/div>\n\t\t\t\t<section class=\"elementor-section elementor-inner-section elementor-element elementor-element-b943953 elementor-section-boxed elementor-section-height-default elementor-section-height-default\" data-id=\"b943953\" data-element_type=\"section\">\n\t\t\t\t\t\t<div class=\"elementor-container elementor-column-gap-default\">\n\t\t\t\t\t<div class=\"elementor-column elementor-col-100 elementor-inner-column elementor-element elementor-element-7d40117\" data-id=\"7d40117\" data-element_type=\"column\">\n\t\t\t<div class=\"elementor-widget-wrap elementor-element-populated\">\n\t\t\t\t\t\t<div class=\"elementor-element elementor-element-593b939 elementor-widget elementor-widget-shortcode\" data-id=\"593b939\" data-element_type=\"widget\" data-widget_type=\"shortcode.default\">\n\t\t\t\t<div class=\"elementor-widget-container\">\n\t\t\t\t\t<div class=\"elementor-shortcode\"><center><a href=\"https:\/\/a.partner-versicherung.de\/click.php?partner_id=19992&ad_id=441&deep=kfz-versicherung\"  target=\"_blank\"><img decoding=\"async\" src=\"https:\/\/a.partner-versicherung.de\/view.php?partner_id=19992&ad_id=441\" ><\/a><\/center><\/div>\n\t\t\t\t<\/div>\n\t\t\t\t<\/div>\n\t\t\t\t<div class=\"elementor-element elementor-element-325f51f elementor-widget elementor-widget-google_maps\" data-id=\"325f51f\" data-element_type=\"widget\" data-widget_type=\"google_maps.default\">\n\t\t\t\t<div class=\"elementor-widget-container\">\n\t\t\t\t\t<div class=\"elementor-custom-embed\">\n\t\t\t<iframe loading=\"lazy\"\n\t\t\t\t\tsrc=\"https:\/\/maps.google.com\/maps?q=K%C3%B6nigsplatz%2029a%2C%20Schwabach%2C%20Deutschland&#038;t=m&#038;z=17&#038;output=embed&#038;iwloc=near\"\n\t\t\t\t\ttitle=\"K\u00f6nigsplatz 29a, Schwabach, Deutschland\"\n\t\t\t\t\taria-label=\"K\u00f6nigsplatz 29a, Schwabach, Deutschland\"\n\t\t\t><\/iframe>\n\t\t<\/div>\n\t\t\t\t<\/div>\n\t\t\t\t<\/div>\n\t\t\t\t\t<\/div>\n\t\t<\/div>\n\t\t\t\t\t<\/div>\n\t\t<\/section>\n\t\t\t\t<div class=\"elementor-element elementor-element-0c834d7 elementor-widget-divider--view-line elementor-widget elementor-widget-divider\" data-id=\"0c834d7\" data-element_type=\"widget\" data-widget_type=\"divider.default\">\n\t\t\t\t<div class=\"elementor-widget-container\">\n\t\t\t\t\t<div class=\"elementor-divider\">\n\t\t\t<span class=\"elementor-divider-separator\">\n\t\t\t\t\t\t<\/span>\n\t\t<\/div>\n\t\t\t\t<\/div>\n\t\t\t\t<\/div>\n\t\t\t\t\t<\/div>\n\t\t<\/div>\n\t\t\t\t<div class=\"elementor-column elementor-col-50 elementor-top-column elementor-element elementor-element-7c08364\" data-id=\"7c08364\" data-element_type=\"column\">\n\t\t\t<div class=\"elementor-widget-wrap elementor-element-populated\">\n\t\t\t\t\t\t<div class=\"elementor-element elementor-element-1c1ec8b elementor-widget elementor-widget-heading\" data-id=\"1c1ec8b\" data-element_type=\"widget\" data-widget_type=\"heading.default\">\n\t\t\t\t<div class=\"elementor-widget-container\">\n\t\t\t<h3 class=\"elementor-heading-title elementor-size-default\">Schnell vergleichen und sparen!<\/h3>\t\t<\/div>\n\t\t\t\t<\/div>\n\t\t\t\t<div class=\"elementor-element elementor-element-de71dd7 elementor-widget elementor-widget-wp-widget-advads_ad_widget\" data-id=\"de71dd7\" data-element_type=\"widget\" data-widget_type=\"wp-widget-advads_ad_widget.default\">\n\t\t\t\t<div class=\"elementor-widget-container\">\n\t\t\t<div id=\"regio-325988967\"><div class=\"regio-adlabel\">Werbung<\/div><!-- Beginn https:\/\/www.financeads.net\/-Code --><a href=\"https:\/\/www.financeads.net\/tc.php?t=36648C236142529B\" target=\"_blank\"><img fetchpriority=\"high\" decoding=\"async\" src=\"https:\/\/www.financeads.net\/tb.php?t=36648V236142529B&https=1\" alt=\"\" border=\"0\" width=\"300\" height=\"250\"><\/a><!-- Ende https:\/\/www.financeads.net\/-Code --><\/div>\t\t<\/div>\n\t\t\t\t<\/div>\n\t\t\t\t<div class=\"elementor-element elementor-element-bfde62f elementor-widget elementor-widget-wp-widget-advads_ad_widget\" data-id=\"bfde62f\" data-element_type=\"widget\" data-widget_type=\"wp-widget-advads_ad_widget.default\">\n\t\t\t\t<div class=\"elementor-widget-container\">\n\t\t\t<div id=\"regio-4240983088\"><div class=\"regio-adlabel\">Werbung<\/div><!-- Beginn https:\/\/www.financeads.net\/-Code --><a href=\"https:\/\/www.financeads.net\/tc.php?t=36648C42614510B\" target=\"_blank\"><img decoding=\"async\" src=\"https:\/\/www.financeads.net\/tb.php?t=36648V42614510B&https=1\" alt=\"\" border=\"0\" width=\"200\" height=\"300\"><\/a><!-- Ende https:\/\/www.financeads.net\/-Code --><\/div>\t\t<\/div>\n\t\t\t\t<\/div>\n\t\t\t\t<div class=\"elementor-element elementor-element-2d5d28d elementor-widget elementor-widget-wp-widget-advads_ad_widget\" data-id=\"2d5d28d\" data-element_type=\"widget\" data-widget_type=\"wp-widget-advads_ad_widget.default\">\n\t\t\t\t<div class=\"elementor-widget-container\">\n\t\t\t<div id=\"regio-73861031\"><div class=\"regio-adlabel\">Werbung<\/div><!-- Beginn https:\/\/www.financeads.net\/-Code --><a href=\"https:\/\/www.financeads.net\/tc.php?t=36648C205040072B\" target=\"_blank\"><img decoding=\"async\" src=\"https:\/\/www.financeads.net\/tb.php?t=36648V205040072B&https=1\" alt=\"\" border=\"0\" width=\"300\" height=\"250\"><\/a><!-- Ende https:\/\/www.financeads.net\/-Code --><\/div>\t\t<\/div>\n\t\t\t\t<\/div>\n\t\t\t\t<div class=\"elementor-element elementor-element-e2c6a6a elementor-widget elementor-widget-wp-widget-advads_ad_widget\" data-id=\"e2c6a6a\" data-element_type=\"widget\" data-widget_type=\"wp-widget-advads_ad_widget.default\">\n\t\t\t\t<div class=\"elementor-widget-container\">\n\t\t\t<div id=\"regio-1676697605\"><div class=\"regio-adlabel\">Werbung<\/div><!-- Beginn https:\/\/www.financeads.net\/-Code --><a href=\"https:\/\/www.financeads.net\/tc.php?t=36648C271460142B\" target=\"_blank\"><img loading=\"lazy\" decoding=\"async\" src=\"https:\/\/www.financeads.net\/tb.php?t=36648V271460142B&https=1\" alt=\"PETPROTECT_Hund&Katze_Banner\" border=\"0\" width=\"250\" height=\"250\"><\/a><!-- Ende https:\/\/www.financeads.net\/-Code --><\/div>\t\t<\/div>\n\t\t\t\t<\/div>\n\t\t\t\t\t<\/div>\n\t\t<\/div>\n\t\t\t\t\t<\/div>\n\t\t<\/section>\n\t\t\t\t<\/div>\n\t\t","protected":false},"excerpt":{"rendered":"<div class=\"mh-excerpt\"><p>Freitag, den 15. September 2023, ab 11. 00 Uhr Einladung zum \u201eA-B-C-Fest\u201c in der Stadtbibliothek!\u00a0 Schwabach &#8211;\u00a0Erstmals veranstaltet die Stadtbibliothek in diesem Jahr\u00a0 ein\u00a0\u201eA-B-C-Fest\u201c\u00a0f\u00fcr alle frischgebackenen Schwabacher Schulanf\u00e4ngerinnen und Schulanf\u00e4nger und ihre Familien! Damit bietet <a class=\"mh-excerpt-more\" href=\"https:\/\/www.region-schwabach.de\/wordpress\/a-b-c-fest-am-freitag-den-15-september-2023-ab-11-00-uhr-in-der-stadtbibliothek\/\" title=\"A-B-C-Fest am Freitag, den 15. September 2023, ab 11.00 Uhr in der Stadtbibliothek\">[&#8230;]<\/a><\/p>\n<\/div>","protected":false},"author":1,"featured_media":213667,"comment_status":"open","ping_status":"open","sticky":false,"template":"","format":"standard","meta":{"_cbd_carousel_blocks":"[]","footnotes":""},"categories":[16,287,61,231],"tags":[23449,4274,23447,4273,522,4275,1480,10602,19,3151,2555],"class_list":{"0":"post-213666","1":"post","2":"type-post","3":"status-publish","4":"format-standard","5":"has-post-thumbnail","7":"category-aktuell","8":"category-jugend-und-familie","9":"category-rathaus","10":"category-veranstaltungsnews","11":"tag-15-09-2023","12":"tag-2-obergeschoss","13":"tag-a-b-c-fest","14":"tag-kinderbibliothek","15":"tag-koenigsplatz","16":"tag-lesung","17":"tag-rathaus","18":"tag-schulanfaenger","19":"tag-schwabach","20":"tag-stadt-schwabach","21":"tag-stadtbibliothek"},"_links":{"self":[{"href":"https:\/\/www.region-schwabach.de\/wordpress\/wp-json\/wp\/v2\/posts\/213666","targetHints":{"allow":["GET"]}}],"collection":[{"href":"https:\/\/www.region-schwabach.de\/wordpress\/wp-json\/wp\/v2\/posts"}],"about":[{"href":"https:\/\/www.region-schwabach.de\/wordpress\/wp-json\/wp\/v2\/types\/post"}],"author":[{"embeddable":true,"href":"https:\/\/www.region-schwabach.de\/wordpress\/wp-json\/wp\/v2\/users\/1"}],"replies":[{"embeddable":true,"href":"https:\/\/www.region-schwabach.de\/wordpress\/wp-json\/wp\/v2\/comments?post=213666"}],"version-history":[{"count":0,"href":"https:\/\/www.region-schwabach.de\/wordpress\/wp-json\/wp\/v2\/posts\/213666\/revisions"}],"wp:featuredmedia":[{"embeddable":true,"href":"https:\/\/www.region-schwabach.de\/wordpress\/wp-json\/wp\/v2\/media\/213667"}],"wp:attachment":[{"href":"https:\/\/www.region-schwabach.de\/wordpress\/wp-json\/wp\/v2\/media?parent=213666"}],"wp:term":[{"taxonomy":"category","embeddable":true,"href":"https:\/\/www.region-schwabach.de\/wordpress\/wp-json\/wp\/v2\/categories?post=213666"},{"taxonomy":"post_tag","embeddable":true,"href":"https:\/\/www.region-schwabach.de\/wordpress\/wp-json\/wp\/v2\/tags?post=213666"}],"curies":[{"name":"wp","href":"https:\/\/api.w.org\/{rel}","templated":true}]}}