{"id":21396,"date":"2017-11-28T10:31:21","date_gmt":"2017-11-28T09:31:21","guid":{"rendered":"http:\/\/www.region-schwabach.de\/wordpress\/?p=21396"},"modified":"2017-11-28T11:13:53","modified_gmt":"2017-11-28T10:13:53","slug":"busfahrer-am-bahnhof-altenfelden-das-handy-gestohlen","status":"publish","type":"post","link":"https:\/\/www.region-schwabach.de\/wordpress\/busfahrer-am-bahnhof-altenfelden-das-handy-gestohlen\/","title":{"rendered":"Busfahrer am Bahnhof Altenfelden das Handy gestohlen"},"content":{"rendered":"\t\t<div data-elementor-type=\"wp-post\" data-elementor-id=\"21396\" class=\"elementor elementor-21396 elementor-bc-flex-widget\">\n\t\t\t\t\t\t<section class=\"elementor-section elementor-top-section elementor-element elementor-element-1cuv9jr elementor-section-boxed elementor-section-height-default elementor-section-height-default\" data-id=\"1cuv9jr\" data-element_type=\"section\">\n\t\t\t\t\t\t<div class=\"elementor-container elementor-column-gap-default\">\n\t\t\t\t\t<div class=\"elementor-column elementor-col-66 elementor-top-column elementor-element elementor-element-q5zak7b\" data-id=\"q5zak7b\" data-element_type=\"column\">\n\t\t\t<div class=\"elementor-widget-wrap elementor-element-populated\">\n\t\t\t\t\t\t<div class=\"elementor-element elementor-element-86qws23 elementor-widget elementor-widget-text-editor\" data-id=\"86qws23\" data-element_type=\"widget\" data-widget_type=\"text-editor.default\">\n\t\t\t\t<div class=\"elementor-widget-container\">\n\t\t\t\t\t\t\t<h3>Busfahrer das Handy gestohlen<\/h3><p>Allersberg &#8211; Am Samstag, den 25.11.2017 wurde\u00a0einem Linienbusfahrer am Bahnhof in Altenfelden, in der Zeit zwischen\u00a020.38 Uhr und 20.44 Uhr sein Handy aus seinem Linienbus &#8211; der an der Haltestelle 4 abgestellt war &#8211; gestohlen.<\/p><p>W\u00e4hrend der Wartezeit verlie\u00df der Fahrer kurzzeitig seinen Bus. Diese kurze Zeitspanne nutzten die T\u00e4ter, um das Handy der Marke Samsung A5 aus der Ablage beim Fahrersitz zu entwenden.<\/p><h3>Zwei Tatverd\u00e4chtige beobachtet<\/h3><p>Als der Fahrer in den Bus zur\u00fcckkam, sah er noch zwei M\u00e4nner, welche den Bus vor der Abfahrt wieder verlassen hatten, und sich in Richtung Unterf\u00fchrung Altenfelden aus dem Staub machten.<\/p><h3>T\u00e4terbeschreibung:<\/h3><ul style=\"list-style-type: disc;\"><li>beide zwischen 18 und 25 Jahre alt<\/li><li>schwarz gekleidet<\/li><li>einer trug eine schwarze Wollm\u00fctze, der andere ein schwarze Kapuze<\/li><\/ul><h3>Polizei bittet um Mithilfe<\/h3><p>Personen, die verd\u00e4chtige Beobachtungen gemacht haben, werden gebeten, diese der Polizei in Hilpoltstein unter der Rufnummer 09174-4789-0 mitzuteilen.<\/p>\t\t\t\t\t\t<\/div>\n\t\t\t\t<\/div>\n\t\t\t\t<div class=\"elementor-element elementor-element-id240nb elementor-widget elementor-widget-google_maps\" data-id=\"id240nb\" data-element_type=\"widget\" data-widget_type=\"google_maps.default\">\n\t\t\t\t<div class=\"elementor-widget-container\">\n\t\t\t\t\t<div class=\"elementor-custom-embed\">\n\t\t\t<iframe loading=\"lazy\"\n\t\t\t\t\tsrc=\"https:\/\/maps.google.com\/maps?q=49.262249%2C%2011.211453&#038;t=m&#038;z=16&#038;output=embed&#038;iwloc=near\"\n\t\t\t\t\ttitle=\"49.262249, 11.211453\"\n\t\t\t\t\taria-label=\"49.262249, 11.211453\"\n\t\t\t><\/iframe>\n\t\t<\/div>\n\t\t\t\t<\/div>\n\t\t\t\t<\/div>\n\t\t\t\t\t<\/div>\n\t\t<\/div>\n\t\t\t\t<div class=\"elementor-column elementor-col-33 elementor-top-column elementor-element elementor-element-0w0urt1\" data-id=\"0w0urt1\" data-element_type=\"column\">\n\t\t\t<div class=\"elementor-widget-wrap elementor-element-populated\">\n\t\t\t\t\t\t<div class=\"elementor-element elementor-element-mo6nk5i elementor-widget elementor-widget-image\" data-id=\"mo6nk5i\" data-element_type=\"widget\" data-widget_type=\"image.default\">\n\t\t\t\t<div class=\"elementor-widget-container\">\n\t\t\t\t\t\t\t\t\t\t\t\t\t\t<a href=\"http:\/\/www.region-schwabach.de\/wordpress\/werben-auf-region-schwabach\/\" target=\"_blank\">\n\t\t\t\t\t\t\t<img fetchpriority=\"high\" decoding=\"async\" width=\"1024\" height=\"1024\" src=\"https:\/\/www.region-schwabach.de\/wordpress\/wp-content\/uploads\/2017\/06\/werbung8-1024x1024.png\" class=\"attachment-large size-large wp-image-2484\" alt=\"\" srcset=\"https:\/\/www.region-schwabach.de\/wordpress\/wp-content\/uploads\/2017\/06\/werbung8-1024x1024.png 1024w, https:\/\/www.region-schwabach.de\/wordpress\/wp-content\/uploads\/2017\/06\/werbung8-150x150.png 150w, https:\/\/www.region-schwabach.de\/wordpress\/wp-content\/uploads\/2017\/06\/werbung8-300x300.png 300w, https:\/\/www.region-schwabach.de\/wordpress\/wp-content\/uploads\/2017\/06\/werbung8-768x768.png 768w, https:\/\/www.region-schwabach.de\/wordpress\/wp-content\/uploads\/2017\/06\/werbung8-600x600.png 600w, https:\/\/www.region-schwabach.de\/wordpress\/wp-content\/uploads\/2017\/06\/werbung8.png 1200w\" sizes=\"(max-width: 1024px) 100vw, 1024px\" \/>\t\t\t\t\t\t\t\t<\/a>\n\t\t\t\t\t\t\t\t\t\t\t\t\t<\/div>\n\t\t\t\t<\/div>\n\t\t\t\t\t<\/div>\n\t\t<\/div>\n\t\t\t\t\t<\/div>\n\t\t<\/section>\n\t\t\t\t<\/div>\n\t\t","protected":false},"excerpt":{"rendered":"<div class=\"mh-excerpt\"><p>Busfahrer das Handy gestohlen Allersberg &#8211; Am Samstag, den 25.11.2017 wurde\u00a0einem Linienbusfahrer am Bahnhof in Altenfelden, in der Zeit zwischen\u00a020.38 Uhr und 20.44 Uhr sein Handy aus seinem Linienbus &#8211; der an der Haltestelle 4 <a class=\"mh-excerpt-more\" href=\"https:\/\/www.region-schwabach.de\/wordpress\/busfahrer-am-bahnhof-altenfelden-das-handy-gestohlen\/\" title=\"Busfahrer am Bahnhof Altenfelden das Handy gestohlen\">[&#8230;]<\/a><\/p>\n<\/div>","protected":false},"author":1,"featured_media":21397,"comment_status":"open","ping_status":"open","sticky":false,"template":"","format":"standard","meta":{"_cbd_carousel_blocks":"[]","footnotes":""},"categories":[15],"tags":[1335,556,758,274,1650,30,1651,297,713],"class_list":{"0":"post-21396","1":"post","2":"type-post","3":"status-publish","4":"format-standard","5":"has-post-thumbnail","7":"category-polizeimeldungen","8":"tag-25-11-2017","9":"tag-allersberg","10":"tag-altenfelden","11":"tag-bahnhof","12":"tag-bus","13":"tag-diebstahl","14":"tag-haltestelle-4","15":"tag-hilpoltstein","16":"tag-schaden"},"_links":{"self":[{"href":"https:\/\/www.region-schwabach.de\/wordpress\/wp-json\/wp\/v2\/posts\/21396","targetHints":{"allow":["GET"]}}],"collection":[{"href":"https:\/\/www.region-schwabach.de\/wordpress\/wp-json\/wp\/v2\/posts"}],"about":[{"href":"https:\/\/www.region-schwabach.de\/wordpress\/wp-json\/wp\/v2\/types\/post"}],"author":[{"embeddable":true,"href":"https:\/\/www.region-schwabach.de\/wordpress\/wp-json\/wp\/v2\/users\/1"}],"replies":[{"embeddable":true,"href":"https:\/\/www.region-schwabach.de\/wordpress\/wp-json\/wp\/v2\/comments?post=21396"}],"version-history":[{"count":0,"href":"https:\/\/www.region-schwabach.de\/wordpress\/wp-json\/wp\/v2\/posts\/21396\/revisions"}],"wp:featuredmedia":[{"embeddable":true,"href":"https:\/\/www.region-schwabach.de\/wordpress\/wp-json\/wp\/v2\/media\/21397"}],"wp:attachment":[{"href":"https:\/\/www.region-schwabach.de\/wordpress\/wp-json\/wp\/v2\/media?parent=21396"}],"wp:term":[{"taxonomy":"category","embeddable":true,"href":"https:\/\/www.region-schwabach.de\/wordpress\/wp-json\/wp\/v2\/categories?post=21396"},{"taxonomy":"post_tag","embeddable":true,"href":"https:\/\/www.region-schwabach.de\/wordpress\/wp-json\/wp\/v2\/tags?post=21396"}],"curies":[{"name":"wp","href":"https:\/\/api.w.org\/{rel}","templated":true}]}}