{"id":214742,"date":"2023-09-29T00:45:00","date_gmt":"2023-09-28T22:45:00","guid":{"rendered":"https:\/\/www.region-schwabach.de\/wordpress\/?p=214742"},"modified":"2023-09-29T00:29:11","modified_gmt":"2023-09-28T22:29:11","slug":"schwabacher-digi-day-am-freitag-den-29-september-2023","status":"publish","type":"post","link":"https:\/\/www.region-schwabach.de\/wordpress\/schwabacher-digi-day-am-freitag-den-29-september-2023\/","title":{"rendered":"\u201eSchwabacher Digi-Day\u201c am Freitag, den 29. September 2023"},"content":{"rendered":"\t\t<div data-elementor-type=\"wp-post\" data-elementor-id=\"214742\" class=\"elementor elementor-214742\">\n\t\t\t\t\t\t<section class=\"elementor-section elementor-top-section elementor-element elementor-element-678181b elementor-section-boxed elementor-section-height-default elementor-section-height-default\" data-id=\"678181b\" data-element_type=\"section\">\n\t\t\t\t\t\t<div class=\"elementor-container elementor-column-gap-default\">\n\t\t\t\t\t<div class=\"elementor-column elementor-col-50 elementor-top-column elementor-element elementor-element-6b34026\" data-id=\"6b34026\" data-element_type=\"column\">\n\t\t\t<div class=\"elementor-widget-wrap elementor-element-populated\">\n\t\t\t\t\t\t<div class=\"elementor-element elementor-element-5fea1cd elementor-widget elementor-widget-wp-widget-advads_ad_widget\" data-id=\"5fea1cd\" data-element_type=\"widget\" data-widget_type=\"wp-widget-advads_ad_widget.default\">\n\t\t\t\t<div class=\"elementor-widget-container\">\n\t\t\t<div id=\"regio-3212991759\"><div class=\"regio-adlabel\">Werbung<\/div><center><a href=\"https:\/\/a.partner-versicherung.de\/click.php?partner_id=19992&ad_id=1578&deep=kreditkarten\"  target=\"_blank\"><img decoding=\"async\" src=\"https:\/\/a.partner-versicherung.de\/view.php?partner_id=19992&ad_id=1578\" ><\/a><\/center><\/div>\t\t<\/div>\n\t\t\t\t<\/div>\n\t\t\t\t<div class=\"elementor-element elementor-element-443ab98 elementor-widget elementor-widget-text-editor\" data-id=\"443ab98\" data-element_type=\"widget\" data-widget_type=\"text-editor.default\">\n\t\t\t\t<div class=\"elementor-widget-container\">\n\t\t\t\t\t\t\t<h3><span id=\"page3R_mcid11\" class=\"markedContent\"><span dir=\"ltr\" role=\"presentation\">\u201eSchwabacher Digi-Day\u201c am Freitag, den 29. September 2023, ab 13.00 Uhr\u00a0<\/span><\/span><span id=\"page3R_mcid13\" class=\"markedContent\"><br \/><\/span><\/h3><p><span style=\"font-size: 12pt;\">Schwabach &#8211;\u00a0Die Digitalisierung hat uns alle fest in ihrem Griff \u2013 egal ob es sich um Privatpersonen, St\u00e4dte und Gemeinde oder Unternehmen handelt. Um keinem Wettbewerbsnachteil zu unterliegen, ist es daher gerade f\u00fcr Firmeninhaber enorm wichtig Schritt zu halten und sich immer wieder \u00fcber neue Trends und M\u00f6glichkeiten zu informieren. Die Pandemie hat gezeigt, dass es hier noch viele L\u00fccken zu schlie\u00dfen gilt.\u00a0<\/span><\/p><p><span style=\"font-size: 12pt;\">Die Schwabacher Wirtschaftsjunioren organisieren dieses Jahr zum zweiten Mal mit Unterst\u00fctzung der st\u00e4dtischen Wirtschaftsf\u00f6rderung den \u201eSchwabacher Digi-Day\u201c.\u00a0<\/span><\/p><p><span style=\"font-size: 12pt;\">Beim Digi-Day werden bekannte Firmen, sowie verschiedene Schwabacher Referenten aus ihrem Fachbereich berichten, wie Digitalisierung im eigenen Betrieb gestaltet, genutzt und gef\u00f6rdert werden kann. So wird es auf Fragen wie: Welche Strategien gibt es, um im Bereich Social Media Fu\u00df zu fassen? Wie funktionieren virtuelle Meetings? Welchen Einfluss hat die Digitalisierung auf Zahlverfahren? etc. Antworten geben. Neben den Vortragsrunden besteht die M\u00f6glichkeit sich an den jeweiligen Informationsst\u00e4nden weitere Ausk\u00fcnfte einzuholen.\u00a0<\/span><\/p><p><span style=\"font-size: 12pt;\">Ziel der Veranstaltung ist es, den Teilnehmern einen \u00dcberblick \u00fcber die Chancen der Digitalisierung zu geben und wie man diese im eigenen Unternehmen umsetzen kann. Au\u00dferdem ist ausreichend Zeit f\u00fcr Gespr\u00e4che unter Gleichgesinnten eingeplant.\u00a0<\/span><\/p><p><span style=\"font-size: 12pt;\">Die kostenlose Veranstaltung findet am Freitag, den 29.9.2023 ab 13.00 Uhr bei der L\u00e4mmermann Systeme GmbH &amp; Co. KG, in der Bortenmacherstra\u00dfe 1 in Schwabach statt.\u00a0<\/span><\/p><h3>Weiterf\u00fchrende Informationen:\u00a0<\/h3><p><span style=\"font-size: 12pt;\"><a href=\"https:\/\/digiday-schwabach.de\/\" target=\"_blank\" rel=\"noopener\">Weitere Details zum Rahmenprogramm, den Organisatoren und den Referenten gibt es hier &#8230;\u00a0<\/a><\/span><\/p>\t\t\t\t\t\t<\/div>\n\t\t\t\t<\/div>\n\t\t\t\t<div class=\"elementor-element elementor-element-7cc9469 elementor-widget elementor-widget-shortcode\" data-id=\"7cc9469\" data-element_type=\"widget\" data-widget_type=\"shortcode.default\">\n\t\t\t\t<div class=\"elementor-widget-container\">\n\t\t\t\t\t<div class=\"elementor-shortcode\"><center><a href=\"https:\/\/a.partner-versicherung.de\/click.php?partner_id=19992&ad_id=441&deep=kfz-versicherung\"  target=\"_blank\"><img decoding=\"async\" src=\"https:\/\/a.partner-versicherung.de\/view.php?partner_id=19992&ad_id=441\" ><\/a><\/center><\/div>\n\t\t\t\t<\/div>\n\t\t\t\t<\/div>\n\t\t\t\t<div class=\"elementor-element elementor-element-0c834d7 elementor-widget-divider--view-line elementor-widget elementor-widget-divider\" data-id=\"0c834d7\" data-element_type=\"widget\" data-widget_type=\"divider.default\">\n\t\t\t\t<div class=\"elementor-widget-container\">\n\t\t\t\t\t<div class=\"elementor-divider\">\n\t\t\t<span class=\"elementor-divider-separator\">\n\t\t\t\t\t\t<\/span>\n\t\t<\/div>\n\t\t\t\t<\/div>\n\t\t\t\t<\/div>\n\t\t\t\t<div class=\"elementor-element elementor-element-325f51f elementor-widget elementor-widget-google_maps\" data-id=\"325f51f\" data-element_type=\"widget\" data-widget_type=\"google_maps.default\">\n\t\t\t\t<div class=\"elementor-widget-container\">\n\t\t\t\t\t<div class=\"elementor-custom-embed\">\n\t\t\t<iframe loading=\"lazy\"\n\t\t\t\t\tsrc=\"https:\/\/maps.google.com\/maps?q=Bortenmacherstra%C3%9Fe%201%2C%20Schwabach%2C%20Deutschland&#038;t=m&#038;z=16&#038;output=embed&#038;iwloc=near\"\n\t\t\t\t\ttitle=\"Bortenmacherstra\u00dfe 1, Schwabach, Deutschland\"\n\t\t\t\t\taria-label=\"Bortenmacherstra\u00dfe 1, Schwabach, Deutschland\"\n\t\t\t><\/iframe>\n\t\t<\/div>\n\t\t\t\t<\/div>\n\t\t\t\t<\/div>\n\t\t\t\t\t<\/div>\n\t\t<\/div>\n\t\t\t\t<div class=\"elementor-column elementor-col-50 elementor-top-column elementor-element elementor-element-f141625\" data-id=\"f141625\" data-element_type=\"column\">\n\t\t\t<div class=\"elementor-widget-wrap elementor-element-populated\">\n\t\t\t\t\t\t<div class=\"elementor-element elementor-element-aa635e8 elementor-widget elementor-widget-heading\" data-id=\"aa635e8\" data-element_type=\"widget\" data-widget_type=\"heading.default\">\n\t\t\t\t<div class=\"elementor-widget-container\">\n\t\t\t<h3 class=\"elementor-heading-title elementor-size-default\">Schnell vergleichen und sparen!<\/h3>\t\t<\/div>\n\t\t\t\t<\/div>\n\t\t\t\t<div class=\"elementor-element elementor-element-380778c elementor-widget elementor-widget-wp-widget-advads_ad_widget\" data-id=\"380778c\" data-element_type=\"widget\" data-widget_type=\"wp-widget-advads_ad_widget.default\">\n\t\t\t\t<div class=\"elementor-widget-container\">\n\t\t\t<div id=\"regio-4272146630\"><div class=\"regio-adlabel\">Werbung<\/div><!-- Beginn https:\/\/www.financeads.net\/-Code --><a href=\"https:\/\/www.financeads.net\/tc.php?t=36648C236142529B\" target=\"_blank\"><img fetchpriority=\"high\" decoding=\"async\" src=\"https:\/\/www.financeads.net\/tb.php?t=36648V236142529B&https=1\" alt=\"\" border=\"0\" width=\"300\" height=\"250\"><\/a><!-- Ende https:\/\/www.financeads.net\/-Code --><\/div>\t\t<\/div>\n\t\t\t\t<\/div>\n\t\t\t\t<div class=\"elementor-element elementor-element-bd26aa5 elementor-widget elementor-widget-wp-widget-advads_ad_widget\" data-id=\"bd26aa5\" data-element_type=\"widget\" data-widget_type=\"wp-widget-advads_ad_widget.default\">\n\t\t\t\t<div class=\"elementor-widget-container\">\n\t\t\t<div id=\"regio-3353909336\"><div class=\"regio-adlabel\">Werbung<\/div><!-- Beginn https:\/\/www.financeads.net\/-Code --><a href=\"https:\/\/www.financeads.net\/tc.php?t=36648C42614510B\" target=\"_blank\"><img decoding=\"async\" src=\"https:\/\/www.financeads.net\/tb.php?t=36648V42614510B&https=1\" alt=\"\" border=\"0\" width=\"200\" height=\"300\"><\/a><!-- Ende https:\/\/www.financeads.net\/-Code --><\/div>\t\t<\/div>\n\t\t\t\t<\/div>\n\t\t\t\t<div class=\"elementor-element elementor-element-abfc6b5 elementor-widget elementor-widget-wp-widget-advads_ad_widget\" data-id=\"abfc6b5\" data-element_type=\"widget\" data-widget_type=\"wp-widget-advads_ad_widget.default\">\n\t\t\t\t<div class=\"elementor-widget-container\">\n\t\t\t<div id=\"regio-3282297473\"><div class=\"regio-adlabel\">Werbung<\/div><!-- Beginn https:\/\/www.financeads.net\/-Code --><a href=\"https:\/\/www.financeads.net\/tc.php?t=36648C205040072B\" target=\"_blank\"><img decoding=\"async\" src=\"https:\/\/www.financeads.net\/tb.php?t=36648V205040072B&https=1\" alt=\"\" border=\"0\" width=\"300\" height=\"250\"><\/a><!-- Ende https:\/\/www.financeads.net\/-Code --><\/div>\t\t<\/div>\n\t\t\t\t<\/div>\n\t\t\t\t<div class=\"elementor-element elementor-element-9b68655 elementor-widget elementor-widget-wp-widget-advads_ad_widget\" data-id=\"9b68655\" data-element_type=\"widget\" data-widget_type=\"wp-widget-advads_ad_widget.default\">\n\t\t\t\t<div class=\"elementor-widget-container\">\n\t\t\t<div id=\"regio-1030605247\"><div class=\"regio-adlabel\">Werbung<\/div><!-- Beginn https:\/\/www.financeads.net\/-Code --><a href=\"https:\/\/www.financeads.net\/tc.php?t=36648C271460142B\" target=\"_blank\"><img loading=\"lazy\" decoding=\"async\" src=\"https:\/\/www.financeads.net\/tb.php?t=36648V271460142B&https=1\" alt=\"PETPROTECT_Hund&Katze_Banner\" border=\"0\" width=\"250\" height=\"250\"><\/a><!-- Ende https:\/\/www.financeads.net\/-Code --><\/div>\t\t<\/div>\n\t\t\t\t<\/div>\n\t\t\t\t\t<\/div>\n\t\t<\/div>\n\t\t\t\t\t<\/div>\n\t\t<\/section>\n\t\t\t\t<\/div>\n\t\t","protected":false},"excerpt":{"rendered":"<div class=\"mh-excerpt\"><p>\u201eSchwabacher Digi-Day\u201c am Freitag, den 29. September 2023, ab 13.00 Uhr Schwabach &#8211;\u00a0Die Digitalisierung hat uns alle fest in ihrem Griff \u2013 egal ob es sich um Privatpersonen, St\u00e4dte und Gemeinde oder Unternehmen handelt. Um <a class=\"mh-excerpt-more\" href=\"https:\/\/www.region-schwabach.de\/wordpress\/schwabacher-digi-day-am-freitag-den-29-september-2023\/\" title=\"\u201eSchwabacher Digi-Day\u201c am Freitag, den 29. September 2023\">[&#8230;]<\/a><\/p>\n<\/div>","protected":false},"author":1,"featured_media":214743,"comment_status":"open","ping_status":"open","sticky":false,"template":"","format":"standard","meta":{"_cbd_carousel_blocks":"[]","footnotes":""},"categories":[16,78,4306,61,231,46],"tags":[23538,23537,5322,23541,14397,522,23540,1480,19,3012,3151,22100,3651],"class_list":{"0":"post-214742","1":"post","2":"type-post","3":"status-publish","4":"format-standard","5":"has-post-thumbnail","7":"category-aktuell","8":"category-handel-und-wirtschaft","9":"category-ratgeber","10":"category-rathaus","11":"category-veranstaltungsnews","12":"category-verbaende","13":"tag-29-september-2023","14":"tag-29-09-2023","15":"tag-bortenmacherstrasse","16":"tag-digi-day","17":"tag-digitalisierung","18":"tag-koenigsplatz","19":"tag-laemmermann-systeme","20":"tag-rathaus","21":"tag-schwabach","22":"tag-stadt","23":"tag-stadt-schwabach","24":"tag-wirtschaftsfoerderung","25":"tag-wirtschaftsjunioren"},"_links":{"self":[{"href":"https:\/\/www.region-schwabach.de\/wordpress\/wp-json\/wp\/v2\/posts\/214742","targetHints":{"allow":["GET"]}}],"collection":[{"href":"https:\/\/www.region-schwabach.de\/wordpress\/wp-json\/wp\/v2\/posts"}],"about":[{"href":"https:\/\/www.region-schwabach.de\/wordpress\/wp-json\/wp\/v2\/types\/post"}],"author":[{"embeddable":true,"href":"https:\/\/www.region-schwabach.de\/wordpress\/wp-json\/wp\/v2\/users\/1"}],"replies":[{"embeddable":true,"href":"https:\/\/www.region-schwabach.de\/wordpress\/wp-json\/wp\/v2\/comments?post=214742"}],"version-history":[{"count":0,"href":"https:\/\/www.region-schwabach.de\/wordpress\/wp-json\/wp\/v2\/posts\/214742\/revisions"}],"wp:featuredmedia":[{"embeddable":true,"href":"https:\/\/www.region-schwabach.de\/wordpress\/wp-json\/wp\/v2\/media\/214743"}],"wp:attachment":[{"href":"https:\/\/www.region-schwabach.de\/wordpress\/wp-json\/wp\/v2\/media?parent=214742"}],"wp:term":[{"taxonomy":"category","embeddable":true,"href":"https:\/\/www.region-schwabach.de\/wordpress\/wp-json\/wp\/v2\/categories?post=214742"},{"taxonomy":"post_tag","embeddable":true,"href":"https:\/\/www.region-schwabach.de\/wordpress\/wp-json\/wp\/v2\/tags?post=214742"}],"curies":[{"name":"wp","href":"https:\/\/api.w.org\/{rel}","templated":true}]}}