{"id":215410,"date":"2023-10-07T02:00:00","date_gmt":"2023-10-07T00:00:00","guid":{"rendered":"https:\/\/www.region-schwabach.de\/wordpress\/?p=215410"},"modified":"2023-10-07T00:34:27","modified_gmt":"2023-10-06T22:34:27","slug":"25-schwabacher-regionalmarkt-am-samstag-den-7-oktober-2023","status":"publish","type":"post","link":"https:\/\/www.region-schwabach.de\/wordpress\/25-schwabacher-regionalmarkt-am-samstag-den-7-oktober-2023\/","title":{"rendered":"25. Schwabacher Regionalmarkt am Samstag, den 7. Oktober 2023"},"content":{"rendered":"\t\t<div data-elementor-type=\"wp-post\" data-elementor-id=\"215410\" class=\"elementor elementor-215410\">\n\t\t\t\t\t\t<section class=\"elementor-section elementor-top-section elementor-element elementor-element-678181b elementor-section-boxed elementor-section-height-default elementor-section-height-default\" data-id=\"678181b\" data-element_type=\"section\">\n\t\t\t\t\t\t<div class=\"elementor-container elementor-column-gap-default\">\n\t\t\t\t\t<div class=\"elementor-column elementor-col-50 elementor-top-column elementor-element elementor-element-6b34026\" data-id=\"6b34026\" data-element_type=\"column\">\n\t\t\t<div class=\"elementor-widget-wrap elementor-element-populated\">\n\t\t\t\t\t\t<div class=\"elementor-element elementor-element-4f584f9 elementor-widget elementor-widget-wp-widget-advads_ad_widget\" data-id=\"4f584f9\" data-element_type=\"widget\" data-widget_type=\"wp-widget-advads_ad_widget.default\">\n\t\t\t\t<div class=\"elementor-widget-container\">\n\t\t\t<div id=\"regio-3969229246\"><div class=\"regio-adlabel\">Werbung<\/div><center><a href=\"https:\/\/a.partner-versicherung.de\/click.php?partner_id=19992&ad_id=1578&deep=kreditkarten\"  target=\"_blank\"><img decoding=\"async\" src=\"https:\/\/a.partner-versicherung.de\/view.php?partner_id=19992&ad_id=1578\" ><\/a><\/center><\/div>\t\t<\/div>\n\t\t\t\t<\/div>\n\t\t\t\t<div class=\"elementor-element elementor-element-443ab98 elementor-widget elementor-widget-text-editor\" data-id=\"443ab98\" data-element_type=\"widget\" data-widget_type=\"text-editor.default\">\n\t\t\t\t<div class=\"elementor-widget-container\">\n\t\t\t\t\t\t\t<h3>Regionale Vermarktung und Informationen f\u00fcr Verbraucher<br \/>25. Schwabacher Regionalmarkt am Samstag, den 7. Oktober 2023\u00a0<\/h3><p><span style=\"font-size: 12pt;\">Schwabach &#8211; Es ist wieder Erntezeit in Schwabach und der Region: Am Samstag, 7. Oktober, findet zum 25.ten Mal von 9 bis 16 Uhr der Schwabacher Regionalmarkt im Herzen der historischen Altstadt statt. Bauern, Handwerker und Dienstleister der Region pr\u00e4sentieren ihre Produkte. Wieder mit dabei sind verschiedene \u00f6rtliche Umwelt- und Naturschutzverb\u00e4nde.\u00a0<br \/><\/span><\/p><p><span style=\"font-size: 12pt;\">Auf dem Martin-Luther-Platz und K\u00f6nigsplatz wird an etwa 70 St\u00e4nden eine bunte Palette des regionalen Wirtschaftens geboten. Einkaufen wie auf dem Bauernhof, kulinarische Spezialit\u00e4ten, traditionelles Handwerk sowie Informationen zu verschiedensten Umweltthemen sind die Schwerpunkte der Veranstaltung, die ganz im Zeichen der regionalen Wirtschaftskreisl\u00e4ufe steht.<br \/><\/span><\/p><p><span style=\"font-size: 12pt;\">Der Regionalmarkt ist der Schwabacher Beitrag zum Tag der Regionen, der heuer unter dem Motto \u201eWurzeln in einer globalisierten Welt\u201c steht. \u201eDie vergangenen Jahre haben gezeigt, welchen gro\u00dfen Beitrag der Bauernhof, Metzger oder B\u00e4cker von nebenan leistet\u201c, meint Andreas Barthel vom Schwabacher Landschaftspflegeverband, der die Veranstaltung gemeinsam mit der Stadt Schwabach organisiert.\u00a0<br \/><\/span><\/p><p><span style=\"font-size: 12pt;\">Die \u00c4cker und Wiesen der Region liefern in dieser Jahreszeit ein breites Angebot an Lebensmitteln, so dass der Regionalmarkt vieles aufbieten kann: Obst, Kartoffeln, Gem\u00fcse und Fleisch, Fisch, K\u00e4se sowie Eier, Marmeladen und Nudel- oder Sojaprodukte seinen hier stellvertretend f\u00fcr die Vielzahl der pr\u00e4sentierten Produkte genannt. <\/span><\/p><p><span style=\"font-size: 12pt;\">Der Landschaftspflegeverband Schwabach informiert wieder \u00fcber Obstsorten &#8211; eine Sortenbestimmung von \u00c4pfeln und Birnen wird angeboten. Dazu sind 5 typische Fr\u00fcchte eines Obstbaumes mitzubringen und abzugeben. Wissenswertes zum Thema Obst erf\u00e4hrt man auch beim Obst- und Gartenbauverein Unterreichenbach. Fair gehandelten Kaffee und Tee bietet der Eine-Welt-Laden an und die Fairtrade-Stadt Schwabach informiert \u00fcber M\u00f6glichkeiten sich zu engagieren. S\u00fc\u00dfe Leckereien f\u00fcr Jung und Alt erg\u00e4nzen das gro\u00dfe kulinarische Angebot. Originelle und individuelle Artikel aus Holz, Keramik sowie Seifen bieten Handwerker und K\u00fcnstler.\u00a0<br \/><\/span><\/p><p><span style=\"font-size: 12pt;\">Auch die Stadtverwaltung ist am Markt vertreten und ber\u00e4t im pers\u00f6nlichen Gespr\u00e4ch \u00fcber Klimaschutz sowie zum immer wichtiger werdenden Thema Abfall und Vermeidung. Rund um den nachwachsenden Rohstoff Holz dreht sich alles beim Stand der Stadtf\u00f6rsterei Schwabach.\u00a0<br \/><\/span><\/p><p><span style=\"font-size: 12pt;\">Zum Thema Energieerzeugung aus der Kraft der Sonne auf dem heimischen Balkon wird erstmalig ein Startup aus Schwabach \u00fcber diese einfache M\u00f6glichkeit zur Stromerzeugung f\u00fcr jedermann informieren und f\u00fcr Fragen zur Verf\u00fcgung stehen. Der ADFC Schwabach informiert \u00fcber die umweltfreundliche Fortbewegung mit dem Fahrrad und codiert den Rahmen derselben um den rechtm\u00e4\u00dfigen Eigent\u00fcmer der Drahtesel identifizieren zu k\u00f6nnen. Hierf\u00fcr ist ein Kaufnachweis vorzulegen.\u00a0<br \/><\/span><\/p><p><span style=\"font-size: 12pt;\">\u201eZum 25-j\u00e4hrigen Jubil\u00e4um wird nach einigen Jahren Pause auch wieder Life-Musik von der Band BBQ Chiefs Duo zur Unterhaltung geboten\u201c, freuen sich die Veranstalter. F\u00fcr kleine G\u00e4ste gibt es wieder eine Kastenrutsche, Basteln, Schminken und einen Streichelzoo. Ein quirlig lebendiger Bienenstand wird sowohl Jung und Alt begeistern.\u00a0<br \/><\/span><\/p><p><span style=\"font-size: 12pt;\"><strong>Fotos vom Regionalmarkt: Stadt Schwabach und Patrik Schrankler\u00a0<\/strong><\/span><\/p><h3>Infos:<\/h3><p><span id=\"page1R_mcid6\" class=\"markedContent\" style=\"font-size: 12pt;\"><span dir=\"ltr\" role=\"presentation\">Ausf\u00fchrliche Programmhinweise finden sich im Internet unter <\/span><span dir=\"ltr\" role=\"presentation\"><a href=\"https:\/\/www.schwabach.de\/\/de\/stadtverwaltung\/referat-2-recht-soziales-und-umwelt\/92-ordnungsamt\/96-einrichtungen-und-sachgebiete\/355-gewerbeangelegenheiten\/526-maerkte-und-veranstaltungen\/8648-24-regionalmarkt-2022.html\" target=\"_blank\" rel=\"noopener\">www.schwabach.de<\/a> und ab Anfang September an den st\u00e4dtischen <\/span><span dir=\"ltr\" role=\"presentation\">Auslagestellen. Der Regionalmarkt wird unterst\u00fctzt durch die Stadtwerke <\/span><span dir=\"ltr\" role=\"presentation\">Schwabach, die GEWOBAU und die Sparkasse Mittelfranken-S\u00fcd.\u00a0<\/span><\/span><\/p><p><span id=\"page1R_mcid7\" class=\"markedContent\"><\/span><strong><span id=\"page1R_mcid8\" class=\"markedContent\" style=\"font-size: 12pt;\"><span dir=\"ltr\" role=\"presentation\">Fotos: Regionale Produkte stehen beim Regionalmarkt im Mittelpunkt<\/span><\/span><\/strong><\/p>\t\t\t\t\t\t<\/div>\n\t\t\t\t<\/div>\n\t\t\t\t<div class=\"elementor-element elementor-element-090d49a elementor-widget elementor-widget-shortcode\" data-id=\"090d49a\" data-element_type=\"widget\" data-widget_type=\"shortcode.default\">\n\t\t\t\t<div class=\"elementor-widget-container\">\n\t\t\t\t\t<div class=\"elementor-shortcode\"><!-- Beginn https:\/\/www.financeads.net\/-Code --><a href=\"https:\/\/www.financeads.net\/tc.php?t=36648C38513858B\" target=\"_blank\"><center><img decoding=\"async\" src=\"https:\/\/www.financeads.net\/tb.php?t=36648V38513858B&https=1\" alt=\"\" border=\"0\" width=\"468\" height=\"60\"><\/a><!-- Ende https:\/\/www.financeads.net\/-Code --><\/div>\n\t\t\t\t<\/div>\n\t\t\t\t<\/div>\n\t\t\t\t<div class=\"elementor-element elementor-element-d6578e8 elementor-widget elementor-widget-image\" data-id=\"d6578e8\" data-element_type=\"widget\" data-widget_type=\"image.default\">\n\t\t\t\t<div class=\"elementor-widget-container\">\n\t\t\t\t\t\t\t\t\t\t\t\t\t<img fetchpriority=\"high\" decoding=\"async\" width=\"1024\" height=\"683\" src=\"https:\/\/www.region-schwabach.de\/wordpress\/wp-content\/uploads\/2022\/09\/PM132_Apfelausstellung-1024x683.jpg\" class=\"attachment-large size-large wp-image-183593\" alt=\"\" srcset=\"https:\/\/www.region-schwabach.de\/wordpress\/wp-content\/uploads\/2022\/09\/PM132_Apfelausstellung-1024x683.jpg 1024w, https:\/\/www.region-schwabach.de\/wordpress\/wp-content\/uploads\/2022\/09\/PM132_Apfelausstellung-e1664368768906-300x200.jpg 300w, https:\/\/www.region-schwabach.de\/wordpress\/wp-content\/uploads\/2022\/09\/PM132_Apfelausstellung-768x512.jpg 768w, https:\/\/www.region-schwabach.de\/wordpress\/wp-content\/uploads\/2022\/09\/PM132_Apfelausstellung-e1664368768906.jpg 640w\" sizes=\"(max-width: 1024px) 100vw, 1024px\" \/>\t\t\t\t\t\t\t\t\t\t\t\t\t<\/div>\n\t\t\t\t<\/div>\n\t\t\t\t<div class=\"elementor-element elementor-element-288741a elementor-widget elementor-widget-image\" data-id=\"288741a\" data-element_type=\"widget\" data-widget_type=\"image.default\">\n\t\t\t\t<div class=\"elementor-widget-container\">\n\t\t\t\t\t\t\t\t\t\t\t\t\t<img decoding=\"async\" width=\"640\" height=\"427\" src=\"https:\/\/www.region-schwabach.de\/wordpress\/wp-content\/uploads\/2022\/09\/PM132_Kuerbisse-e1664368866152.jpg\" class=\"attachment-full size-full wp-image-183594\" alt=\"\" srcset=\"https:\/\/www.region-schwabach.de\/wordpress\/wp-content\/uploads\/2022\/09\/PM132_Kuerbisse-e1664368866152.jpg 640w, https:\/\/www.region-schwabach.de\/wordpress\/wp-content\/uploads\/2022\/09\/PM132_Kuerbisse-e1664368866152-300x200.jpg 300w\" sizes=\"(max-width: 640px) 100vw, 640px\" \/>\t\t\t\t\t\t\t\t\t\t\t\t\t<\/div>\n\t\t\t\t<\/div>\n\t\t\t\t<div class=\"elementor-element elementor-element-89ca901 elementor-widget elementor-widget-image\" data-id=\"89ca901\" data-element_type=\"widget\" data-widget_type=\"image.default\">\n\t\t\t\t<div class=\"elementor-widget-container\">\n\t\t\t\t\t\t\t\t\t\t\t\t\t<img loading=\"lazy\" decoding=\"async\" width=\"1024\" height=\"768\" src=\"https:\/\/www.region-schwabach.de\/wordpress\/wp-content\/uploads\/2022\/09\/PM132_Lammfleisch_Wolle-1024x768.jpg\" class=\"attachment-large size-large wp-image-183595\" alt=\"\" srcset=\"https:\/\/www.region-schwabach.de\/wordpress\/wp-content\/uploads\/2022\/09\/PM132_Lammfleisch_Wolle-1024x768.jpg 1024w, https:\/\/www.region-schwabach.de\/wordpress\/wp-content\/uploads\/2022\/09\/PM132_Lammfleisch_Wolle-e1664368970474-300x225.jpg 300w, https:\/\/www.region-schwabach.de\/wordpress\/wp-content\/uploads\/2022\/09\/PM132_Lammfleisch_Wolle-768x576.jpg 768w, https:\/\/www.region-schwabach.de\/wordpress\/wp-content\/uploads\/2022\/09\/PM132_Lammfleisch_Wolle-678x509.jpg 678w, https:\/\/www.region-schwabach.de\/wordpress\/wp-content\/uploads\/2022\/09\/PM132_Lammfleisch_Wolle-e1664368970474-326x245.jpg 326w, https:\/\/www.region-schwabach.de\/wordpress\/wp-content\/uploads\/2022\/09\/PM132_Lammfleisch_Wolle-e1664368970474-80x60.jpg 80w, https:\/\/www.region-schwabach.de\/wordpress\/wp-content\/uploads\/2022\/09\/PM132_Lammfleisch_Wolle-e1664368970474.jpg 640w\" sizes=\"(max-width: 1024px) 100vw, 1024px\" \/>\t\t\t\t\t\t\t\t\t\t\t\t\t<\/div>\n\t\t\t\t<\/div>\n\t\t\t\t<div class=\"elementor-element elementor-element-893041c elementor-widget-divider--view-line elementor-widget elementor-widget-divider\" data-id=\"893041c\" data-element_type=\"widget\" data-widget_type=\"divider.default\">\n\t\t\t\t<div class=\"elementor-widget-container\">\n\t\t\t\t\t<div class=\"elementor-divider\">\n\t\t\t<span class=\"elementor-divider-separator\">\n\t\t\t\t\t\t<\/span>\n\t\t<\/div>\n\t\t\t\t<\/div>\n\t\t\t\t<\/div>\n\t\t\t\t<div class=\"elementor-element elementor-element-35de09e elementor-widget elementor-widget-google_maps\" data-id=\"35de09e\" data-element_type=\"widget\" data-widget_type=\"google_maps.default\">\n\t\t\t\t<div class=\"elementor-widget-container\">\n\t\t\t\t\t<div class=\"elementor-custom-embed\">\n\t\t\t<iframe loading=\"lazy\"\n\t\t\t\t\tsrc=\"https:\/\/maps.google.com\/maps?q=K%C3%B6nigsplatz%201%2C%20Schwabach%2C%20Deutschland&#038;t=m&#038;z=18&#038;output=embed&#038;iwloc=near\"\n\t\t\t\t\ttitle=\"K\u00f6nigsplatz 1, Schwabach, Deutschland\"\n\t\t\t\t\taria-label=\"K\u00f6nigsplatz 1, Schwabach, Deutschland\"\n\t\t\t><\/iframe>\n\t\t<\/div>\n\t\t\t\t<\/div>\n\t\t\t\t<\/div>\n\t\t\t\t\t<\/div>\n\t\t<\/div>\n\t\t\t\t<div class=\"elementor-column elementor-col-50 elementor-top-column elementor-element elementor-element-93e72a0\" data-id=\"93e72a0\" data-element_type=\"column\">\n\t\t\t<div class=\"elementor-widget-wrap elementor-element-populated\">\n\t\t\t\t\t\t<div class=\"elementor-element elementor-element-076d041 elementor-widget elementor-widget-heading\" data-id=\"076d041\" data-element_type=\"widget\" data-widget_type=\"heading.default\">\n\t\t\t\t<div class=\"elementor-widget-container\">\n\t\t\t<h3 class=\"elementor-heading-title elementor-size-default\">Schnell vergleichen und sparen!<\/h3>\t\t<\/div>\n\t\t\t\t<\/div>\n\t\t\t\t<div class=\"elementor-element elementor-element-61c315e elementor-widget elementor-widget-wp-widget-advads_ad_widget\" data-id=\"61c315e\" data-element_type=\"widget\" data-widget_type=\"wp-widget-advads_ad_widget.default\">\n\t\t\t\t<div class=\"elementor-widget-container\">\n\t\t\t<div id=\"regio-2665364948\"><div class=\"regio-adlabel\">Werbung<\/div><!-- Beginn https:\/\/www.financeads.net\/-Code --><a href=\"https:\/\/www.financeads.net\/tc.php?t=36648C236142529B\" target=\"_blank\"><img loading=\"lazy\" decoding=\"async\" src=\"https:\/\/www.financeads.net\/tb.php?t=36648V236142529B&https=1\" alt=\"\" border=\"0\" width=\"300\" height=\"250\"><\/a><!-- Ende https:\/\/www.financeads.net\/-Code --><\/div>\t\t<\/div>\n\t\t\t\t<\/div>\n\t\t\t\t<div class=\"elementor-element elementor-element-be0317b elementor-widget elementor-widget-wp-widget-advads_ad_widget\" data-id=\"be0317b\" data-element_type=\"widget\" data-widget_type=\"wp-widget-advads_ad_widget.default\">\n\t\t\t\t<div class=\"elementor-widget-container\">\n\t\t\t<div id=\"regio-2761983680\"><div class=\"regio-adlabel\">Werbung<\/div><!-- Beginn https:\/\/www.financeads.net\/-Code --><a href=\"https:\/\/www.financeads.net\/tc.php?t=36648C42614510B\" target=\"_blank\"><img loading=\"lazy\" decoding=\"async\" src=\"https:\/\/www.financeads.net\/tb.php?t=36648V42614510B&https=1\" alt=\"\" border=\"0\" width=\"200\" height=\"300\"><\/a><!-- Ende https:\/\/www.financeads.net\/-Code --><\/div>\t\t<\/div>\n\t\t\t\t<\/div>\n\t\t\t\t<div class=\"elementor-element elementor-element-bb732ec elementor-widget elementor-widget-wp-widget-advads_ad_widget\" data-id=\"bb732ec\" data-element_type=\"widget\" data-widget_type=\"wp-widget-advads_ad_widget.default\">\n\t\t\t\t<div class=\"elementor-widget-container\">\n\t\t\t<div id=\"regio-1461838083\"><div class=\"regio-adlabel\">Werbung<\/div><!-- Beginn https:\/\/www.financeads.net\/-Code --><a href=\"https:\/\/www.financeads.net\/tc.php?t=36648C205040072B\" target=\"_blank\"><img loading=\"lazy\" decoding=\"async\" src=\"https:\/\/www.financeads.net\/tb.php?t=36648V205040072B&https=1\" alt=\"\" border=\"0\" width=\"300\" height=\"250\"><\/a><!-- Ende https:\/\/www.financeads.net\/-Code --><\/div>\t\t<\/div>\n\t\t\t\t<\/div>\n\t\t\t\t<div class=\"elementor-element elementor-element-eedb13d elementor-widget elementor-widget-wp-widget-advads_ad_widget\" data-id=\"eedb13d\" data-element_type=\"widget\" data-widget_type=\"wp-widget-advads_ad_widget.default\">\n\t\t\t\t<div class=\"elementor-widget-container\">\n\t\t\t<div id=\"regio-668800833\"><div class=\"regio-adlabel\">Werbung<\/div><!-- Beginn https:\/\/www.financeads.net\/-Code --><a href=\"https:\/\/www.financeads.net\/tc.php?t=36648C271460142B\" target=\"_blank\"><img loading=\"lazy\" decoding=\"async\" src=\"https:\/\/www.financeads.net\/tb.php?t=36648V271460142B&https=1\" alt=\"PETPROTECT_Hund&Katze_Banner\" border=\"0\" width=\"250\" height=\"250\"><\/a><!-- Ende https:\/\/www.financeads.net\/-Code --><\/div>\t\t<\/div>\n\t\t\t\t<\/div>\n\t\t\t\t\t<\/div>\n\t\t<\/div>\n\t\t\t\t\t<\/div>\n\t\t<\/section>\n\t\t\t\t<\/div>\n\t\t","protected":false},"excerpt":{"rendered":"<div class=\"mh-excerpt\"><p>Regionale Vermarktung und Informationen f\u00fcr Verbraucher 25. Schwabacher Regionalmarkt am Samstag, den 7. Oktober 2023 Schwabach &#8211; Es ist wieder Erntezeit in Schwabach und der Region: Am Samstag, 7. Oktober, findet zum 25.ten Mal von <a class=\"mh-excerpt-more\" href=\"https:\/\/www.region-schwabach.de\/wordpress\/25-schwabacher-regionalmarkt-am-samstag-den-7-oktober-2023\/\" title=\"25. Schwabacher Regionalmarkt am Samstag, den 7. Oktober 2023\">[&#8230;]<\/a><\/p>\n<\/div>","protected":false},"author":1,"featured_media":215411,"comment_status":"open","ping_status":"open","sticky":false,"template":"","format":"standard","meta":{"_cbd_carousel_blocks":"[]","footnotes":""},"categories":[16,1,78,287,61,231,46,140],"tags":[23575,23576,3641,522,6018,523,6017,686,3642,19,207],"class_list":{"0":"post-215410","1":"post","2":"type-post","3":"status-publish","4":"format-standard","5":"has-post-thumbnail","7":"category-aktuell","8":"category-allgemein","9":"category-handel-und-wirtschaft","10":"category-jugend-und-familie","11":"category-rathaus","12":"category-veranstaltungsnews","13":"category-verbaende","14":"category-vereine","15":"tag-07-10-2023","16":"tag-7-oktober-2023","17":"tag-buntes-angebot","18":"tag-koenigsplatz","19":"tag-landschaftspflegeverband","20":"tag-martin-luther-platz","21":"tag-regionale-vermarktung","22":"tag-regionalmarkt","23":"tag-samstag","24":"tag-schwabach","25":"tag-umweltschutzamt"},"_links":{"self":[{"href":"https:\/\/www.region-schwabach.de\/wordpress\/wp-json\/wp\/v2\/posts\/215410","targetHints":{"allow":["GET"]}}],"collection":[{"href":"https:\/\/www.region-schwabach.de\/wordpress\/wp-json\/wp\/v2\/posts"}],"about":[{"href":"https:\/\/www.region-schwabach.de\/wordpress\/wp-json\/wp\/v2\/types\/post"}],"author":[{"embeddable":true,"href":"https:\/\/www.region-schwabach.de\/wordpress\/wp-json\/wp\/v2\/users\/1"}],"replies":[{"embeddable":true,"href":"https:\/\/www.region-schwabach.de\/wordpress\/wp-json\/wp\/v2\/comments?post=215410"}],"version-history":[{"count":0,"href":"https:\/\/www.region-schwabach.de\/wordpress\/wp-json\/wp\/v2\/posts\/215410\/revisions"}],"wp:featuredmedia":[{"embeddable":true,"href":"https:\/\/www.region-schwabach.de\/wordpress\/wp-json\/wp\/v2\/media\/215411"}],"wp:attachment":[{"href":"https:\/\/www.region-schwabach.de\/wordpress\/wp-json\/wp\/v2\/media?parent=215410"}],"wp:term":[{"taxonomy":"category","embeddable":true,"href":"https:\/\/www.region-schwabach.de\/wordpress\/wp-json\/wp\/v2\/categories?post=215410"},{"taxonomy":"post_tag","embeddable":true,"href":"https:\/\/www.region-schwabach.de\/wordpress\/wp-json\/wp\/v2\/tags?post=215410"}],"curies":[{"name":"wp","href":"https:\/\/api.w.org\/{rel}","templated":true}]}}