{"id":216205,"date":"2023-10-18T01:00:00","date_gmt":"2023-10-17T23:00:00","guid":{"rendered":"https:\/\/www.region-schwabach.de\/wordpress\/?p=216205"},"modified":"2023-10-18T01:02:40","modified_gmt":"2023-10-17T23:02:40","slug":"forum-burgerstiftung-urbane-utopien-konnen-stadte-nachhaltige-lebens-raume-sein-am-mittwoch-den-18-oktober-2023-im-akg","status":"publish","type":"post","link":"https:\/\/www.region-schwabach.de\/wordpress\/forum-burgerstiftung-urbane-utopien-konnen-stadte-nachhaltige-lebens-raume-sein-am-mittwoch-den-18-oktober-2023-im-akg\/","title":{"rendered":"Forum B\u00fcrgerstiftung: \u201eUrbane Utopien: K\u00f6nnen St\u00e4dte nachhaltige (Lebens-)R\u00e4ume sein?&#8220; am Mittwoch, den 18. Oktober 2023 im AKG"},"content":{"rendered":"\t\t<div data-elementor-type=\"wp-post\" data-elementor-id=\"216205\" class=\"elementor elementor-216205\">\n\t\t\t\t\t\t<section class=\"elementor-section elementor-top-section elementor-element elementor-element-e04de7f elementor-section-boxed elementor-section-height-default elementor-section-height-default\" data-id=\"e04de7f\" data-element_type=\"section\">\n\t\t\t\t\t\t<div class=\"elementor-container elementor-column-gap-default\">\n\t\t\t\t\t<div class=\"elementor-column elementor-col-50 elementor-top-column elementor-element elementor-element-0e30e33\" data-id=\"0e30e33\" data-element_type=\"column\">\n\t\t\t<div class=\"elementor-widget-wrap elementor-element-populated\">\n\t\t\t\t\t\t<div class=\"elementor-element elementor-element-a547771 elementor-widget elementor-widget-wp-widget-advads_ad_widget\" data-id=\"a547771\" data-element_type=\"widget\" data-widget_type=\"wp-widget-advads_ad_widget.default\">\n\t\t\t\t<div class=\"elementor-widget-container\">\n\t\t\t<div id=\"regio-1280386829\"><div class=\"regio-adlabel\">Werbung<\/div><center><a href=\"https:\/\/a.partner-versicherung.de\/click.php?partner_id=19992&ad_id=1578&deep=kreditkarten\"  target=\"_blank\"><img decoding=\"async\" src=\"https:\/\/a.partner-versicherung.de\/view.php?partner_id=19992&ad_id=1578\" ><\/a><\/center><\/div>\t\t<\/div>\n\t\t\t\t<\/div>\n\t\t\t\t<div class=\"elementor-element elementor-element-1331cc3 elementor-widget elementor-widget-text-editor\" data-id=\"1331cc3\" data-element_type=\"widget\" data-widget_type=\"text-editor.default\">\n\t\t\t\t<div class=\"elementor-widget-container\">\n\t\t\t\t\t\t\t<h3><span class=\"markedContent\"><span dir=\"ltr\" role=\"presentation\">Mittwoch, den 18. Oktober 2023, um 19.30 Uhr im <strong>Adam-Kraft-Gymnasium in der Bismarckstra\u00dfe in Schwabach\u00a0<br \/><\/strong><\/span><\/span>\u201eUrbane Utopien: K\u00f6nnen St\u00e4dte nachhaltige (Lebens-)R\u00e4ume sein?\u201c\u00a0<\/h3><p><span style=\"font-size: 12pt;\">Schwabach &#8211;\u00a0Veronika Cummings (geborene Deffner) besuchte von 1984-1988 die Grund\u00adschule in Unter\u00adreichen\u00adbach und von 1988-1997 das Wolfram-von-Eschenbach-Gymnasium in Schwabach. Mit dem dortigen Abitur studierte sie von 1997-2003 Geo\u00adgra\u00adphie und So\u00adzio\u00adlo\u00adgie an der Julius-Maximilians-Universit\u00e4t W\u00fcrzburg und der Universit\u00e9 de Caen (Frankreich, Normandie). <\/span><\/p><p><span style=\"font-size: 12pt;\">Ihr Fokus auf den Bereich der Geo\u00adgra\u00adphischen Ent\u00adwicklungs\u00adforschung f\u00fchrte sie auf verschiedene Exkursionen in den Nahen und Mittleren Osten und schlie\u00dflich als Projekt\u00adassistentin nach Madagaskar, wo sie f\u00fcr die Gesellschaft f\u00fcr Technische Zusammen\u00adarbeit (heute GIZ) im Bereich des urbanen Wasser\u00admanagements t\u00e4tig war. <\/span><\/p><p><span style=\"font-size: 12pt;\">Ihre Diplom\u00adarbeit wurde mit dem Nachwuchs\u00adwis\u00adsen\u00adschaftler:innen-Preis der KfW im Bereich der Entwicklungs\u00adforschung ausgezeichnet. Um einen weiteren Beitrag zur St\u00e4rkung des Br\u00fccken\u00adschlags zwischen Entwicklungs\u00adforschung und Entwicklungs\u00adpolitik zu leisten, widmete sie sich in der anschlie\u00dfenden Doktor\u00adarbeit Fragen r\u00e4um\u00adlicher Un\u00adgleich\u00adheit und gesell\u00adschaftlicher Stigmatisierung in den Favelas von Salvador da Bahia in Brasilien. <\/span><\/p><p><span style=\"font-size: 12pt;\">Sie blieb ihrer Neugierde, die Welt und Gesellschafts-Raum-Zusammen\u00adh\u00e4nge weiter zu verstehen treu und nahm 2009 eine Postdoc-Stelle an der Rheinisch-Westf\u00e4lischen Technischen Hochschule Aachen im Bereich der Kultur\u00adgeo\u00adgra\u00adphie an. Dort widmete sie sich im Rahmen ihres Habilitations\u00adprojektes dem Sultanat Oman und dem Migrations\u00adregime im Indischen Ozean. <\/span><\/p><p><span style=\"font-size: 12pt;\">Im Anschluss lehrte sie als Gastprofessorin an der German University of Technology im Oman und nahm 2015 eine Stelle als Senior Research Fellow am Middle East Institute der National University of Singapore an. Im Jahr 2017 folgte Sie dem Ruf auf den Lehrstuhl f\u00fcr Human\u00adgeographie in Mainz.\u00a0<\/span><\/p><p><span style=\"font-size: 12pt;\">Veronika Cummings aktuelle Forschung widmet sich zum einen im Rahmen einer philosophisch inspirierten Geo-Ethik besonders dem Zusammen\u00adspiel entgrenzter Ver\u00adant\u00adwortung und der Suche nach geeigneten Werte\u00adverst\u00e4nd\u00adnissen in der gegen\u00adw\u00e4rtigen Post\u00adglobalisierungs-\u00c4ra. Zum anderen der Utopie- und Zukunfts\u00adforschung mit Blick auf Nach\u00adhaltigkeits\u00advisionen und die sozial-\u00f6kologische Trans\u00adformation von urbanen R\u00e4umen.\u00a0<\/span><\/p><p><span style=\"font-size: 12pt;\">In ihrem Vortrag wird sie Einblicke in ihre Forschung und Erfahrungen zu den Zukunfts\u00adst\u00e4dten Singapur und Dubai geben, und erl\u00e4utern, was Geographie mit der Zukunft zu tun hat, die f\u00fcr sie in Schwabach begann. Mit ihren S\u00f6hnen und ihrem Mann kommt sie oft zur\u00fcck in ihre Heimatstadt Schwabach zu ihren Eltern.\u00a0<\/span><\/p><p><span style=\"font-size: 12pt;\"><strong>Der Vortrag wendet sich an jede\/n Interessierte\/n. Der Eintritt ist frei.\u00a0<\/strong><\/span><\/p><h3>Weiterf\u00fchrende Links:<\/h3><p><span style=\"font-size: 12pt;\"><a href=\"https:\/\/www.buergerstiftung-schwabach.de\/cm\/\" target=\"_blank\" rel=\"noopener\">Homepage der B\u00fcrgerstiftung Schwabach &#8230;\u00a0<\/a><\/span><\/p><p><a href=\"https:\/\/www.buergerstiftung-schwabach.de\/images\/sampledata\/forum\/20231018Cummings.pdf\" target=\"_blank\" rel=\"noopener\"><strong><span style=\"font-size: 12pt;\">Den Flyer Flyer zum Herunterladen f\u00fcr die Veranstaltung gibt es hier &#8230;\u00a0\u00a0<\/span><\/strong><\/a><\/p>\t\t\t\t\t\t<\/div>\n\t\t\t\t<\/div>\n\t\t\t\t<div class=\"elementor-element elementor-element-2cd8ba4 elementor-widget elementor-widget-shortcode\" data-id=\"2cd8ba4\" data-element_type=\"widget\" data-widget_type=\"shortcode.default\">\n\t\t\t\t<div class=\"elementor-widget-container\">\n\t\t\t\t\t<div class=\"elementor-shortcode\"><center><a href=\"https:\/\/a.partner-versicherung.de\/click.php?partner_id=19992&ad_id=441&deep=kfz-versicherung\"  target=\"_blank\"><img decoding=\"async\" src=\"https:\/\/a.partner-versicherung.de\/view.php?partner_id=19992&ad_id=441\" ><\/a><\/center><\/div>\n\t\t\t\t<\/div>\n\t\t\t\t<\/div>\n\t\t\t\t<div class=\"elementor-element elementor-element-9c4562b elementor-widget-divider--view-line elementor-widget elementor-widget-divider\" data-id=\"9c4562b\" data-element_type=\"widget\" data-widget_type=\"divider.default\">\n\t\t\t\t<div class=\"elementor-widget-container\">\n\t\t\t\t\t<div class=\"elementor-divider\">\n\t\t\t<span class=\"elementor-divider-separator\">\n\t\t\t\t\t\t<\/span>\n\t\t<\/div>\n\t\t\t\t<\/div>\n\t\t\t\t<\/div>\n\t\t\t\t<div class=\"elementor-element elementor-element-86e1f80 elementor-widget elementor-widget-google_maps\" data-id=\"86e1f80\" data-element_type=\"widget\" data-widget_type=\"google_maps.default\">\n\t\t\t\t<div class=\"elementor-widget-container\">\n\t\t\t\t\t<div class=\"elementor-custom-embed\">\n\t\t\t<iframe loading=\"lazy\"\n\t\t\t\t\tsrc=\"https:\/\/maps.google.com\/maps?q=Tuchergasse%201%2C%20Schwabach%2C%20Deutschland&#038;t=m&#038;z=18&#038;output=embed&#038;iwloc=near\"\n\t\t\t\t\ttitle=\"Tuchergasse 1, Schwabach, Deutschland\"\n\t\t\t\t\taria-label=\"Tuchergasse 1, Schwabach, Deutschland\"\n\t\t\t><\/iframe>\n\t\t<\/div>\n\t\t\t\t<\/div>\n\t\t\t\t<\/div>\n\t\t\t\t\t<\/div>\n\t\t<\/div>\n\t\t\t\t<div class=\"elementor-column elementor-col-50 elementor-top-column elementor-element elementor-element-6593bea\" data-id=\"6593bea\" data-element_type=\"column\">\n\t\t\t<div class=\"elementor-widget-wrap elementor-element-populated\">\n\t\t\t\t\t\t<div class=\"elementor-element elementor-element-fc2a6e1 elementor-widget elementor-widget-heading\" data-id=\"fc2a6e1\" data-element_type=\"widget\" data-widget_type=\"heading.default\">\n\t\t\t\t<div class=\"elementor-widget-container\">\n\t\t\t<h3 class=\"elementor-heading-title elementor-size-default\">Schnell vergleichen und sparen!<\/h3>\t\t<\/div>\n\t\t\t\t<\/div>\n\t\t\t\t<div class=\"elementor-element elementor-element-ddf0bc8 elementor-widget elementor-widget-wp-widget-advads_ad_widget\" data-id=\"ddf0bc8\" data-element_type=\"widget\" data-widget_type=\"wp-widget-advads_ad_widget.default\">\n\t\t\t\t<div class=\"elementor-widget-container\">\n\t\t\t<div id=\"regio-4276821077\"><div class=\"regio-adlabel\">Werbung<\/div><!-- Beginn https:\/\/www.financeads.net\/-Code --><a href=\"https:\/\/www.financeads.net\/tc.php?t=36648C236142529B\" target=\"_blank\"><img fetchpriority=\"high\" decoding=\"async\" src=\"https:\/\/www.financeads.net\/tb.php?t=36648V236142529B&https=1\" alt=\"\" border=\"0\" width=\"300\" height=\"250\"><\/a><!-- Ende https:\/\/www.financeads.net\/-Code --><\/div>\t\t<\/div>\n\t\t\t\t<\/div>\n\t\t\t\t<div class=\"elementor-element elementor-element-6d4efc9 elementor-widget elementor-widget-wp-widget-advads_ad_widget\" data-id=\"6d4efc9\" data-element_type=\"widget\" data-widget_type=\"wp-widget-advads_ad_widget.default\">\n\t\t\t\t<div class=\"elementor-widget-container\">\n\t\t\t<div id=\"regio-526664895\"><div class=\"regio-adlabel\">Werbung<\/div><!-- Beginn https:\/\/www.financeads.net\/-Code --><a href=\"https:\/\/www.financeads.net\/tc.php?t=36648C42614510B\" target=\"_blank\"><img decoding=\"async\" src=\"https:\/\/www.financeads.net\/tb.php?t=36648V42614510B&https=1\" alt=\"\" border=\"0\" width=\"200\" height=\"300\"><\/a><!-- Ende https:\/\/www.financeads.net\/-Code --><\/div>\t\t<\/div>\n\t\t\t\t<\/div>\n\t\t\t\t<div class=\"elementor-element elementor-element-6bb80a8 elementor-widget elementor-widget-wp-widget-advads_ad_widget\" data-id=\"6bb80a8\" data-element_type=\"widget\" data-widget_type=\"wp-widget-advads_ad_widget.default\">\n\t\t\t\t<div class=\"elementor-widget-container\">\n\t\t\t<div id=\"regio-2207602237\"><div class=\"regio-adlabel\">Werbung<\/div><!-- Beginn https:\/\/www.financeads.net\/-Code --><a href=\"https:\/\/www.financeads.net\/tc.php?t=36648C205040072B\" target=\"_blank\"><img decoding=\"async\" src=\"https:\/\/www.financeads.net\/tb.php?t=36648V205040072B&https=1\" alt=\"\" border=\"0\" width=\"300\" height=\"250\"><\/a><!-- Ende https:\/\/www.financeads.net\/-Code --><\/div>\t\t<\/div>\n\t\t\t\t<\/div>\n\t\t\t\t<div class=\"elementor-element elementor-element-adcddc0 elementor-widget elementor-widget-wp-widget-advads_ad_widget\" data-id=\"adcddc0\" data-element_type=\"widget\" data-widget_type=\"wp-widget-advads_ad_widget.default\">\n\t\t\t\t<div class=\"elementor-widget-container\">\n\t\t\t<div id=\"regio-3473041238\"><div class=\"regio-adlabel\">Werbung<\/div><!-- Beginn https:\/\/www.financeads.net\/-Code --><a href=\"https:\/\/www.financeads.net\/tc.php?t=36648C271460142B\" target=\"_blank\"><img loading=\"lazy\" decoding=\"async\" src=\"https:\/\/www.financeads.net\/tb.php?t=36648V271460142B&https=1\" alt=\"PETPROTECT_Hund&Katze_Banner\" border=\"0\" width=\"250\" height=\"250\"><\/a><!-- Ende https:\/\/www.financeads.net\/-Code --><\/div>\t\t<\/div>\n\t\t\t\t<\/div>\n\t\t\t\t\t<\/div>\n\t\t<\/div>\n\t\t\t\t\t<\/div>\n\t\t<\/section>\n\t\t\t\t<\/div>\n\t\t","protected":false},"excerpt":{"rendered":"<div class=\"mh-excerpt\"><p>Mittwoch, den 18. Oktober 2023, um 19.30 Uhr im Adam-Kraft-Gymnasium in der Bismarckstra\u00dfe in Schwabach \u201eUrbane Utopien: K\u00f6nnen St\u00e4dte nachhaltige (Lebens-)R\u00e4ume sein?\u201c Schwabach &#8211;\u00a0Veronika Cummings (geborene Deffner) besuchte von 1984-1988 die Grund\u00adschule in Unter\u00adreichen\u00adbach und <a class=\"mh-excerpt-more\" href=\"https:\/\/www.region-schwabach.de\/wordpress\/forum-burgerstiftung-urbane-utopien-konnen-stadte-nachhaltige-lebens-raume-sein-am-mittwoch-den-18-oktober-2023-im-akg\/\" title=\"Forum B\u00fcrgerstiftung: \u201eUrbane Utopien: K\u00f6nnen St\u00e4dte nachhaltige (Lebens-)R\u00e4ume sein?&#8220; am Mittwoch, den 18. Oktober 2023 im AKG\">[&#8230;]<\/a><\/p>\n<\/div>","protected":false},"author":1,"featured_media":216206,"comment_status":"open","ping_status":"open","sticky":false,"template":"","format":"standard","meta":{"_cbd_carousel_blocks":"[]","footnotes":""},"categories":[16,287,61,231,46],"tags":[23679,23681,23680,6311,7031,4671,6525,6527,19,5652],"class_list":{"0":"post-216205","1":"post","2":"type-post","3":"status-publish","4":"format-standard","5":"has-post-thumbnail","7":"category-aktuell","8":"category-jugend-und-familie","9":"category-rathaus","10":"category-veranstaltungsnews","11":"category-verbaende","12":"tag-urbane-utopien-koennen-staedte-nachhaltige-lebens-raeume-sein","13":"tag-18-oktober-2023","14":"tag-18-10-2023","15":"tag-adam-kraft-gymnasium","16":"tag-akg","17":"tag-bismarckstrasse","18":"tag-forum-buergerstiftung","19":"tag-mensa","20":"tag-schwabach","21":"tag-vortrag"},"_links":{"self":[{"href":"https:\/\/www.region-schwabach.de\/wordpress\/wp-json\/wp\/v2\/posts\/216205","targetHints":{"allow":["GET"]}}],"collection":[{"href":"https:\/\/www.region-schwabach.de\/wordpress\/wp-json\/wp\/v2\/posts"}],"about":[{"href":"https:\/\/www.region-schwabach.de\/wordpress\/wp-json\/wp\/v2\/types\/post"}],"author":[{"embeddable":true,"href":"https:\/\/www.region-schwabach.de\/wordpress\/wp-json\/wp\/v2\/users\/1"}],"replies":[{"embeddable":true,"href":"https:\/\/www.region-schwabach.de\/wordpress\/wp-json\/wp\/v2\/comments?post=216205"}],"version-history":[{"count":0,"href":"https:\/\/www.region-schwabach.de\/wordpress\/wp-json\/wp\/v2\/posts\/216205\/revisions"}],"wp:featuredmedia":[{"embeddable":true,"href":"https:\/\/www.region-schwabach.de\/wordpress\/wp-json\/wp\/v2\/media\/216206"}],"wp:attachment":[{"href":"https:\/\/www.region-schwabach.de\/wordpress\/wp-json\/wp\/v2\/media?parent=216205"}],"wp:term":[{"taxonomy":"category","embeddable":true,"href":"https:\/\/www.region-schwabach.de\/wordpress\/wp-json\/wp\/v2\/categories?post=216205"},{"taxonomy":"post_tag","embeddable":true,"href":"https:\/\/www.region-schwabach.de\/wordpress\/wp-json\/wp\/v2\/tags?post=216205"}],"curies":[{"name":"wp","href":"https:\/\/api.w.org\/{rel}","templated":true}]}}