{"id":216464,"date":"2023-10-21T01:45:00","date_gmt":"2023-10-20T23:45:00","guid":{"rendered":"https:\/\/www.region-schwabach.de\/wordpress\/?p=216464"},"modified":"2023-10-20T21:06:46","modified_gmt":"2023-10-20T19:06:46","slug":"pedelec-training-fur-senioren-am-samstag-den-21-oktober-2023","status":"publish","type":"post","link":"https:\/\/www.region-schwabach.de\/wordpress\/pedelec-training-fur-senioren-am-samstag-den-21-oktober-2023\/","title":{"rendered":"Pedelec-Training f\u00fcr Senioren am Samstag, den 21. Oktober 2023"},"content":{"rendered":"\t\t<div data-elementor-type=\"wp-post\" data-elementor-id=\"216464\" class=\"elementor elementor-216464\">\n\t\t\t\t\t\t<section class=\"elementor-section elementor-top-section elementor-element elementor-element-678181b elementor-section-boxed elementor-section-height-default elementor-section-height-default\" data-id=\"678181b\" data-element_type=\"section\">\n\t\t\t\t\t\t<div class=\"elementor-container elementor-column-gap-default\">\n\t\t\t\t\t<div class=\"elementor-column elementor-col-66 elementor-top-column elementor-element elementor-element-6b34026\" data-id=\"6b34026\" data-element_type=\"column\">\n\t\t\t<div class=\"elementor-widget-wrap elementor-element-populated\">\n\t\t\t\t\t\t<div class=\"elementor-element elementor-element-e24cfb8 elementor-widget elementor-widget-wp-widget-advads_ad_widget\" data-id=\"e24cfb8\" data-element_type=\"widget\" data-widget_type=\"wp-widget-advads_ad_widget.default\">\n\t\t\t\t<div class=\"elementor-widget-container\">\n\t\t\t<div id=\"regio-1556382270\"><div class=\"regio-adlabel\">Werbung<\/div><center><a href=\"https:\/\/a.partner-versicherung.de\/click.php?partner_id=19992&ad_id=1578&deep=kreditkarten\"  target=\"_blank\"><img decoding=\"async\" src=\"https:\/\/a.partner-versicherung.de\/view.php?partner_id=19992&ad_id=1578\" ><\/a><\/center><\/div>\t\t<\/div>\n\t\t\t\t<\/div>\n\t\t\t\t<div class=\"elementor-element elementor-element-443ab98 elementor-widget elementor-widget-text-editor\" data-id=\"443ab98\" data-element_type=\"widget\" data-widget_type=\"text-editor.default\">\n\t\t\t\t<div class=\"elementor-widget-container\">\n\t\t\t\t\t\t\t<h3><span id=\"page3R_mcid11\" class=\"markedContent\"><span dir=\"ltr\" role=\"presentation\">Samstag,<\/span> den <span dir=\"ltr\" role=\"presentation\">21. Oktober 2023<\/span><span dir=\"ltr\" role=\"presentation\">,\u00a0 um 10.00 Uhr auf dem Gel\u00e4nde der Christian-Maar-Schule\u00a0\u00a0<\/span><\/span><span id=\"page3R_mcid12\" class=\"markedContent\"><\/span><span id=\"page3R_mcid13\" class=\"markedContent\"><br role=\"presentation\" \/>Pedelec-Training des Seniorenrates f\u00fcr Seniorinnen und Senioren\u00a0<\/span><\/h3>\n<p><span style=\"font-size: 12pt;\">Schwabach &#8211; Im Sommer gab es \u201eFitness im Stadtpark\u201c, nun bietet der Seniorenrat der Stadt zusammen mit der Verkehrswacht Schwabach am Samstag, 21.Oktober 2023, um 10.00 Uhr ein E- Bike-Pedelectraining f\u00fcr \u00e4ltere Menschen an. Beide Angebote haben das Ziel, bei Seniorinnen und Senioren die Fitness zu st\u00e4rken, die Mobilit\u00e4t zu verbessern und auch geistige und k\u00f6rperliche Flexibilit\u00e4t zu f\u00f6rdern.\u00a0<br \/><\/span><\/p>\n<p><span style=\"font-size: 12pt;\">Das E-Bike-Pedelectraining findet auf dem Gel\u00e4nde der Christian-Maar-Schule, Galgengartenstra\u00dfe 3, statt. Dabei wird unter anderem das Bremsen bei unterschiedlichen Geschwindigkeiten ge\u00fcbt und die Geschicklichkeit mit dem Rad getestet. Auf dem \u00dcbungsplatz wird mit dem eigenen Pedelec gefahren und es muss ein Helm getragen werden. Das Training dauert etwa drei Stunden und ist kostenlos.\u00a0<br \/><\/span><\/p>\n<p><span style=\"font-size: 12pt;\">Die Zahl der Teilnehmenden ist allerdings begrenzt und eine Anmeldung in der Gesch\u00e4ftsstelle des Seniorenrats unter E-Mail: <a href=\"mailto:seniorenrat@schwabach.de\" target=\"_blank\" rel=\"noopener\">seniorenrat@schwabach.de<\/a> oder unter Telefon 09122 860-240 erforderlich.\u00a0<\/span><\/p>\n<h3>Weiterf\u00fchrende Links:\u00a0<\/h3>\n<p><a href=\"https:\/\/www.schwabach.de\/de\/zuhause-in-schwabach\/senioren\/seniorenrat.html\" target=\"_blank\" rel=\"noopener\"><span style=\"font-size: 12pt;\">Zur Homepage vom Seniorenrat Schwabach geht&#8217;s hier &#8230;\u00a0<\/span><\/a><\/p>\t\t\t\t\t\t<\/div>\n\t\t\t\t<\/div>\n\t\t\t\t<div class=\"elementor-element elementor-element-21c3450 elementor-widget-divider--view-line elementor-widget elementor-widget-divider\" data-id=\"21c3450\" data-element_type=\"widget\" data-widget_type=\"divider.default\">\n\t\t\t\t<div class=\"elementor-widget-container\">\n\t\t\t\t\t<div class=\"elementor-divider\">\n\t\t\t<span class=\"elementor-divider-separator\">\n\t\t\t\t\t\t<\/span>\n\t\t<\/div>\n\t\t\t\t<\/div>\n\t\t\t\t<\/div>\n\t\t\t\t<div class=\"elementor-element elementor-element-f4c690c elementor-widget elementor-widget-google_maps\" data-id=\"f4c690c\" data-element_type=\"widget\" data-widget_type=\"google_maps.default\">\n\t\t\t\t<div class=\"elementor-widget-container\">\n\t\t\t\t\t<div class=\"elementor-custom-embed\">\n\t\t\t<iframe loading=\"lazy\"\n\t\t\t\t\tsrc=\"https:\/\/maps.google.com\/maps?q=Galgengartenstra%C3%9Fe%203%2C%20Schwabach%2C%20Deutschland&#038;t=m&#038;z=15&#038;output=embed&#038;iwloc=near\"\n\t\t\t\t\ttitle=\"Galgengartenstra\u00dfe 3, Schwabach, Deutschland\"\n\t\t\t\t\taria-label=\"Galgengartenstra\u00dfe 3, Schwabach, Deutschland\"\n\t\t\t><\/iframe>\n\t\t<\/div>\n\t\t\t\t<\/div>\n\t\t\t\t<\/div>\n\t\t\t\t\t<\/div>\n\t\t<\/div>\n\t\t\t\t<div class=\"elementor-column elementor-col-33 elementor-top-column elementor-element elementor-element-f645137\" data-id=\"f645137\" data-element_type=\"column\">\n\t\t\t<div class=\"elementor-widget-wrap elementor-element-populated\">\n\t\t\t\t\t\t<div class=\"elementor-element elementor-element-e865445 elementor-widget elementor-widget-wp-widget-advads_ad_widget\" data-id=\"e865445\" data-element_type=\"widget\" data-widget_type=\"wp-widget-advads_ad_widget.default\">\n\t\t\t\t<div class=\"elementor-widget-container\">\n\t\t\t<div id=\"regio-2140528955\"><div class=\"regio-adlabel\">Werbung<\/div><div id=\"regio-911313400\"><!-- Beginn https:\/\/www.financeads.net\/-Code --><a href=\"https:\/\/www.financeads.net\/tc.php?t=36648C271460142B\" target=\"_blank\"><img fetchpriority=\"high\" decoding=\"async\" src=\"https:\/\/www.financeads.net\/tb.php?t=36648V271460142B&https=1\" alt=\"PETPROTECT_Hund&Katze_Banner\" border=\"0\" width=\"250\" height=\"250\"><\/a><!-- Ende https:\/\/www.financeads.net\/-Code --><\/div><div id=\"regio-366260317\"><!-- Beginn https:\/\/www.financeads.net\/-Code --><a href=\"https:\/\/www.financeads.net\/tc.php?t=36648C236142529B\" target=\"_blank\"><img decoding=\"async\" src=\"https:\/\/www.financeads.net\/tb.php?t=36648V236142529B&https=1\" alt=\"\" border=\"0\" width=\"300\" height=\"250\"><\/a><!-- Ende https:\/\/www.financeads.net\/-Code --><\/div><div id=\"regio-2473456139\"><!-- Beginn https:\/\/www.financeads.net\/-Code --><a href=\"https:\/\/www.financeads.net\/tc.php?t=36648C205040072B\" target=\"_blank\"><img decoding=\"async\" src=\"https:\/\/www.financeads.net\/tb.php?t=36648V205040072B&https=1\" alt=\"\" border=\"0\" width=\"300\" height=\"250\"><\/a><!-- Ende https:\/\/www.financeads.net\/-Code --><\/div><div id=\"regio-2765309497\"><!-- Beginn https:\/\/www.financeads.net\/-Code --><a href=\"https:\/\/www.financeads.net\/tc.php?t=36648C42614510B\" target=\"_blank\"><img loading=\"lazy\" decoding=\"async\" src=\"https:\/\/www.financeads.net\/tb.php?t=36648V42614510B&https=1\" alt=\"\" border=\"0\" width=\"200\" height=\"300\"><\/a><!-- Ende https:\/\/www.financeads.net\/-Code --><\/div><\/div>\t\t<\/div>\n\t\t\t\t<\/div>\n\t\t\t\t\t<\/div>\n\t\t<\/div>\n\t\t\t\t\t<\/div>\n\t\t<\/section>\n\t\t\t\t<\/div>\n\t\t","protected":false},"excerpt":{"rendered":"<div class=\"mh-excerpt\"><p>Samstag, den 21. Oktober 2023,\u00a0 um 10.00 Uhr auf dem Gel\u00e4nde der Christian-Maar-Schule\u00a0\u00a0Pedelec-Training des Seniorenrates f\u00fcr Seniorinnen und Senioren Schwabach &#8211; Im Sommer gab es \u201eFitness im Stadtpark\u201c, nun bietet der Seniorenrat der Stadt zusammen <a class=\"mh-excerpt-more\" href=\"https:\/\/www.region-schwabach.de\/wordpress\/pedelec-training-fur-senioren-am-samstag-den-21-oktober-2023\/\" title=\"Pedelec-Training f\u00fcr Senioren am Samstag, den 21. Oktober 2023\">[&#8230;]<\/a><\/p>\n<\/div>","protected":false},"author":1,"featured_media":216465,"comment_status":"open","ping_status":"open","sticky":false,"template":"","format":"standard","meta":{"_cbd_carousel_blocks":"[]","footnotes":""},"categories":[16,1,61,231,46,140],"tags":[23710,23709,2172,449,23711,1480,19,3315,4070,3316,3151,2637],"class_list":{"0":"post-216464","1":"post","2":"type-post","3":"status-publish","4":"format-standard","5":"has-post-thumbnail","7":"category-aktuell","8":"category-allgemein","9":"category-rathaus","10":"category-veranstaltungsnews","11":"category-verbaende","12":"category-vereine","13":"tag-21-oktober-2023","14":"tag-21-10-2023","15":"tag-christian-maar-schule","16":"tag-galgengartenstrasse","17":"tag-pedelec-training","18":"tag-rathaus","19":"tag-schwabach","20":"tag-senioren","21":"tag-seniorenrat","22":"tag-seniorinnen","23":"tag-stadt-schwabach","24":"tag-verkehrswacht"},"_links":{"self":[{"href":"https:\/\/www.region-schwabach.de\/wordpress\/wp-json\/wp\/v2\/posts\/216464","targetHints":{"allow":["GET"]}}],"collection":[{"href":"https:\/\/www.region-schwabach.de\/wordpress\/wp-json\/wp\/v2\/posts"}],"about":[{"href":"https:\/\/www.region-schwabach.de\/wordpress\/wp-json\/wp\/v2\/types\/post"}],"author":[{"embeddable":true,"href":"https:\/\/www.region-schwabach.de\/wordpress\/wp-json\/wp\/v2\/users\/1"}],"replies":[{"embeddable":true,"href":"https:\/\/www.region-schwabach.de\/wordpress\/wp-json\/wp\/v2\/comments?post=216464"}],"version-history":[{"count":0,"href":"https:\/\/www.region-schwabach.de\/wordpress\/wp-json\/wp\/v2\/posts\/216464\/revisions"}],"wp:featuredmedia":[{"embeddable":true,"href":"https:\/\/www.region-schwabach.de\/wordpress\/wp-json\/wp\/v2\/media\/216465"}],"wp:attachment":[{"href":"https:\/\/www.region-schwabach.de\/wordpress\/wp-json\/wp\/v2\/media?parent=216464"}],"wp:term":[{"taxonomy":"category","embeddable":true,"href":"https:\/\/www.region-schwabach.de\/wordpress\/wp-json\/wp\/v2\/categories?post=216464"},{"taxonomy":"post_tag","embeddable":true,"href":"https:\/\/www.region-schwabach.de\/wordpress\/wp-json\/wp\/v2\/tags?post=216464"}],"curies":[{"name":"wp","href":"https:\/\/api.w.org\/{rel}","templated":true}]}}