{"id":216543,"date":"2023-10-21T01:00:00","date_gmt":"2023-10-20T23:00:00","guid":{"rendered":"https:\/\/www.region-schwabach.de\/wordpress\/?p=216543"},"modified":"2023-10-20T21:04:42","modified_gmt":"2023-10-20T19:04:42","slug":"barock-und-moderne-das-neue-programm-von-klaus-jackle-am-samstag-den-21-oktober-2023-in-der-alten-synagoge","status":"publish","type":"post","link":"https:\/\/www.region-schwabach.de\/wordpress\/barock-und-moderne-das-neue-programm-von-klaus-jackle-am-samstag-den-21-oktober-2023-in-der-alten-synagoge\/","title":{"rendered":"Barock und Moderne \u2013 das neue Programm von Klaus J\u00e4ckle am Samstag, den 21. Oktober 2023, in der Alten Synagoge"},"content":{"rendered":"\t\t<div data-elementor-type=\"wp-post\" data-elementor-id=\"216543\" class=\"elementor elementor-216543\">\n\t\t\t\t\t\t<section class=\"elementor-section elementor-top-section elementor-element elementor-element-678181b elementor-section-boxed elementor-section-height-default elementor-section-height-default\" data-id=\"678181b\" data-element_type=\"section\">\n\t\t\t\t\t\t<div class=\"elementor-container elementor-column-gap-default\">\n\t\t\t\t\t<div class=\"elementor-column elementor-col-50 elementor-top-column elementor-element elementor-element-6b34026\" data-id=\"6b34026\" data-element_type=\"column\">\n\t\t\t<div class=\"elementor-widget-wrap elementor-element-populated\">\n\t\t\t\t\t\t<div class=\"elementor-element elementor-element-e3fa2ca elementor-widget elementor-widget-wp-widget-advads_ad_widget\" data-id=\"e3fa2ca\" data-element_type=\"widget\" data-widget_type=\"wp-widget-advads_ad_widget.default\">\n\t\t\t\t<div class=\"elementor-widget-container\">\n\t\t\t<div id=\"regio-3553679504\"><div class=\"regio-adlabel\">Werbung<\/div><center><a href=\"https:\/\/a.partner-versicherung.de\/click.php?partner_id=19992&ad_id=1578&deep=kreditkarten\"  target=\"_blank\"><img decoding=\"async\" src=\"https:\/\/a.partner-versicherung.de\/view.php?partner_id=19992&ad_id=1578\" ><\/a><\/center><\/div>\t\t<\/div>\n\t\t\t\t<\/div>\n\t\t\t\t<div class=\"elementor-element elementor-element-443ab98 elementor-widget elementor-widget-text-editor\" data-id=\"443ab98\" data-element_type=\"widget\" data-widget_type=\"text-editor.default\">\n\t\t\t\t<div class=\"elementor-widget-container\">\n\t\t\t\t\t\t\t<h3>Samstag, den 21. Oktober 2023, um 20.00 Uhr in der Alten Synagoge in der Synagogengasse 6 in Schwabach\u00a0<br \/>Barock und Moderne \u2013 das neue Programm von Klaus J\u00e4ckle<\/h3><p><span style=\"font-size: 12pt;\">Schwabach &#8211; Das neue Programm von Klaus J\u00e4ckle: Barock und Moderne! Klaus J\u00e4ckle setzt barocken Werke von Bach, Scarlatti, Wei\u00df neue Kompositionen entgegen: Werke von Hartl, Ebertsch, Eespere und J\u00e4ckle. Scheinbare Gegens\u00e4tze auf der Suche nach Gemeinsamkeiten \u00fcber die Jahrhunderte hinweg.<br \/><\/span><\/p><p><span style=\"font-size: 12pt;\">Im Zentrum steht der Mensch: wer bin ich, wo bin ich, woher komme ich, wohin gehe ich? Kann Musik darauf Antworten geben? Ein Abend voller Spannungen und Entspannungen, Fragen und Antworten.<br \/><\/span><\/p><p><span style=\"font-size: 12pt;\">Klaus J\u00e4ckle absolvierte mit Auszeichnung am Salzburger Mozarteum und hat mehrere Preise gewonnen. Wesentlich beeinflu\u00dft hat ihn auch sein Mentor und Freund Pepe Romero, der sein Spiel ein \u201ebewegendes Erlebnis\u201c nennt.<br \/><br \/>Als gefragter Solist und Kammermusiker trat er auf renommierten Festivals und in gro\u00dfen Musikzentren auf, darunter Schleswig-Holstein Musik Festival, Salzburger Schlo\u00dfkonzerte, Konzerthaus Berlin, Gewandhaus Leipzig, Gasteig M\u00fcnchen, Meistersingerhalle N\u00fcrnberg, Mozarteum Salzburg, Wien, Paris, Prag, Florenz, Sacramento, Los Angeles. Er trat mit K\u00fcnstlern wie Irena Grafenauer, Tabea Zimmermann, dem Ensemble \u201eLos Romeros\u201c, der Camerata Salzburg, dem Gewandhaus Quartett u.a. auf.<br \/><br \/>Mit dem Gesangsduo Marshall&amp;Alexander begeisterte er auf ausverkauften Kirchen-Tourneen in weit \u00fcber 500 Konzerten durch ganz Deutschland. Von und mit ihm sind \u00fcber 30 CDs und LPs erschienen, sowie zahlreiche Rundfunkaufnahmen f\u00fcr den Bayerischen Rundfunk, \u00d6sterreichischen Rundfunk und Slowenischen Rundfunk. Die neuesten Ein- spielungen sind Franz Schuberts \u201eSch\u00f6ne M\u00fcllerin\u201c und \u201eWinterreise\u201cmit Tilman Lichdi, Tenor, sowie Ersteinspielungen von Solowerken von Stefan Ebertsch.<br \/><br \/>Eine der bezeichnendsten Pressestimmen nach einem erlebten Konzert von dem Ausnahmegitarristen: \u201cKlaus J\u00e4ckle ist in der Lage durch seine Musikalit\u00e4t und den Verzicht von Effekthascherei ein ganzes Orchester zu ersetzen!\u201d<br \/><\/span><\/p><p><span style=\"font-size: 12pt;\">Er spielt eine Gitarre von Friedemann Pods, M\u00f6hrendorf, und lebt in Stuttgart.\u00a0<\/span><\/p><p><span style=\"font-size: 12pt;\">Telefonische Kartenvorbestellung \u00fcber 09122\/ 15913 oder per Email an bert.lippert@tz-online.de\u00a0<\/span><\/p><h3>Weiterf\u00fchrende Links:<\/h3><p><a href=\"https:\/\/www.classicalguitar.de\/\" target=\"_blank\" rel=\"noopener\"><span style=\"font-size: 12pt;\">Hier geht&#8217;s zur Homepage von Klaus J\u00e4ckle &#8230;\u00a0<\/span><\/a><\/p>\t\t\t\t\t\t<\/div>\n\t\t\t\t<\/div>\n\t\t\t\t<div class=\"elementor-element elementor-element-362ac52 elementor-widget elementor-widget-shortcode\" data-id=\"362ac52\" data-element_type=\"widget\" data-widget_type=\"shortcode.default\">\n\t\t\t\t<div class=\"elementor-widget-container\">\n\t\t\t\t\t<div class=\"elementor-shortcode\"><!-- Beginn https:\/\/www.financeads.net\/-Code --><a href=\"https:\/\/www.financeads.net\/tc.php?t=36648C38513858B\" target=\"_blank\"><center><img decoding=\"async\" src=\"https:\/\/www.financeads.net\/tb.php?t=36648V38513858B&https=1\" alt=\"\" border=\"0\" width=\"468\" height=\"60\"><\/a><!-- Ende https:\/\/www.financeads.net\/-Code --><\/div>\n\t\t\t\t<\/div>\n\t\t\t\t<\/div>\n\t\t\t\t<div class=\"elementor-element elementor-element-0c834d7 elementor-widget-divider--view-line elementor-widget elementor-widget-divider\" data-id=\"0c834d7\" data-element_type=\"widget\" data-widget_type=\"divider.default\">\n\t\t\t\t<div class=\"elementor-widget-container\">\n\t\t\t\t\t<div class=\"elementor-divider\">\n\t\t\t<span class=\"elementor-divider-separator\">\n\t\t\t\t\t\t<\/span>\n\t\t<\/div>\n\t\t\t\t<\/div>\n\t\t\t\t<\/div>\n\t\t\t\t<div class=\"elementor-element elementor-element-325f51f elementor-widget elementor-widget-google_maps\" data-id=\"325f51f\" data-element_type=\"widget\" data-widget_type=\"google_maps.default\">\n\t\t\t\t<div class=\"elementor-widget-container\">\n\t\t\t\t\t<div class=\"elementor-custom-embed\">\n\t\t\t<iframe loading=\"lazy\"\n\t\t\t\t\tsrc=\"https:\/\/maps.google.com\/maps?q=Synagogengasse%206%2C%20Schwabach%2C%20Deutschland&#038;t=m&#038;z=17&#038;output=embed&#038;iwloc=near\"\n\t\t\t\t\ttitle=\"Synagogengasse 6, Schwabach, Deutschland\"\n\t\t\t\t\taria-label=\"Synagogengasse 6, Schwabach, Deutschland\"\n\t\t\t><\/iframe>\n\t\t<\/div>\n\t\t\t\t<\/div>\n\t\t\t\t<\/div>\n\t\t\t\t\t<\/div>\n\t\t<\/div>\n\t\t\t\t<div class=\"elementor-column elementor-col-50 elementor-top-column elementor-element elementor-element-f3d2d15\" data-id=\"f3d2d15\" data-element_type=\"column\">\n\t\t\t<div class=\"elementor-widget-wrap elementor-element-populated\">\n\t\t\t\t\t\t<div class=\"elementor-element elementor-element-6165363 elementor-widget elementor-widget-heading\" data-id=\"6165363\" data-element_type=\"widget\" data-widget_type=\"heading.default\">\n\t\t\t\t<div class=\"elementor-widget-container\">\n\t\t\t<h3 class=\"elementor-heading-title elementor-size-default\">Schnell vergleichen und sparen!<\/h3>\t\t<\/div>\n\t\t\t\t<\/div>\n\t\t\t\t<div class=\"elementor-element elementor-element-3842e95 elementor-widget elementor-widget-wp-widget-advads_ad_widget\" data-id=\"3842e95\" data-element_type=\"widget\" data-widget_type=\"wp-widget-advads_ad_widget.default\">\n\t\t\t\t<div class=\"elementor-widget-container\">\n\t\t\t<div id=\"regio-3417552144\"><div class=\"regio-adlabel\">Werbung<\/div><!-- Beginn https:\/\/www.financeads.net\/-Code --><a href=\"https:\/\/www.financeads.net\/tc.php?t=36648C236142529B\" target=\"_blank\"><img fetchpriority=\"high\" decoding=\"async\" src=\"https:\/\/www.financeads.net\/tb.php?t=36648V236142529B&https=1\" alt=\"\" border=\"0\" width=\"300\" height=\"250\"><\/a><!-- Ende https:\/\/www.financeads.net\/-Code --><\/div>\t\t<\/div>\n\t\t\t\t<\/div>\n\t\t\t\t<div class=\"elementor-element elementor-element-afdf71e elementor-widget elementor-widget-wp-widget-advads_ad_widget\" data-id=\"afdf71e\" data-element_type=\"widget\" data-widget_type=\"wp-widget-advads_ad_widget.default\">\n\t\t\t\t<div class=\"elementor-widget-container\">\n\t\t\t<div id=\"regio-489588937\"><div class=\"regio-adlabel\">Werbung<\/div><!-- Beginn https:\/\/www.financeads.net\/-Code --><a href=\"https:\/\/www.financeads.net\/tc.php?t=36648C42614510B\" target=\"_blank\"><img decoding=\"async\" src=\"https:\/\/www.financeads.net\/tb.php?t=36648V42614510B&https=1\" alt=\"\" border=\"0\" width=\"200\" height=\"300\"><\/a><!-- Ende https:\/\/www.financeads.net\/-Code --><\/div>\t\t<\/div>\n\t\t\t\t<\/div>\n\t\t\t\t<div class=\"elementor-element elementor-element-faa70d1 elementor-widget elementor-widget-wp-widget-advads_ad_widget\" data-id=\"faa70d1\" data-element_type=\"widget\" data-widget_type=\"wp-widget-advads_ad_widget.default\">\n\t\t\t\t<div class=\"elementor-widget-container\">\n\t\t\t<div id=\"regio-3493572348\"><div class=\"regio-adlabel\">Werbung<\/div><!-- Beginn https:\/\/www.financeads.net\/-Code --><a href=\"https:\/\/www.financeads.net\/tc.php?t=36648C205040072B\" target=\"_blank\"><img loading=\"lazy\" decoding=\"async\" src=\"https:\/\/www.financeads.net\/tb.php?t=36648V205040072B&https=1\" alt=\"\" border=\"0\" width=\"300\" height=\"250\"><\/a><!-- Ende https:\/\/www.financeads.net\/-Code --><\/div>\t\t<\/div>\n\t\t\t\t<\/div>\n\t\t\t\t<div class=\"elementor-element elementor-element-3478f11 elementor-widget elementor-widget-wp-widget-advads_ad_widget\" data-id=\"3478f11\" data-element_type=\"widget\" data-widget_type=\"wp-widget-advads_ad_widget.default\">\n\t\t\t\t<div class=\"elementor-widget-container\">\n\t\t\t<div id=\"regio-3948152788\"><div class=\"regio-adlabel\">Werbung<\/div><!-- Beginn https:\/\/www.financeads.net\/-Code --><a href=\"https:\/\/www.financeads.net\/tc.php?t=36648C271460142B\" target=\"_blank\"><img loading=\"lazy\" decoding=\"async\" src=\"https:\/\/www.financeads.net\/tb.php?t=36648V271460142B&https=1\" alt=\"PETPROTECT_Hund&Katze_Banner\" border=\"0\" width=\"250\" height=\"250\"><\/a><!-- Ende https:\/\/www.financeads.net\/-Code --><\/div>\t\t<\/div>\n\t\t\t\t<\/div>\n\t\t\t\t\t<\/div>\n\t\t<\/div>\n\t\t\t\t\t<\/div>\n\t\t<\/section>\n\t\t\t\t<\/div>\n\t\t","protected":false},"excerpt":{"rendered":"<div class=\"mh-excerpt\"><p>Samstag, den 21. Oktober 2023, um 20.00 Uhr in der Alten Synagoge in der Synagogengasse 6 in Schwabach Barock und Moderne \u2013 das neue Programm von Klaus J\u00e4ckle Schwabach &#8211; Das neue Programm von Klaus <a class=\"mh-excerpt-more\" href=\"https:\/\/www.region-schwabach.de\/wordpress\/barock-und-moderne-das-neue-programm-von-klaus-jackle-am-samstag-den-21-oktober-2023-in-der-alten-synagoge\/\" title=\"Barock und Moderne \u2013 das neue Programm von Klaus J\u00e4ckle am Samstag, den 21. Oktober 2023, in der Alten Synagoge\">[&#8230;]<\/a><\/p>\n<\/div>","protected":false},"author":1,"featured_media":216545,"comment_status":"open","ping_status":"open","sticky":false,"template":"","format":"standard","meta":{"_cbd_carousel_blocks":"[]","footnotes":""},"categories":[16,287,231,140],"tags":[23710,23709,6096,9175,23722,23727,23729,23726,23728,5746,23721,522,23725,1480,23724,19,4692,23723],"class_list":{"0":"post-216543","1":"post","2":"type-post","3":"status-publish","4":"format-standard","5":"has-post-thumbnail","7":"category-aktuell","8":"category-jugend-und-familie","9":"category-veranstaltungsnews","10":"category-vereine","11":"tag-21-oktober-2023","12":"tag-21-10-2023","13":"tag-alte-synagoge","14":"tag-bach","15":"tag-barock-und-moderne","16":"tag-ebertsch","17":"tag-eespere","18":"tag-hartl","19":"tag-jaeckle","20":"tag-juedisches-museum-franken","21":"tag-klaus-jaeckle","22":"tag-koenigsplatz","23":"tag-neue-kompositionen","24":"tag-rathaus","25":"tag-scarlatti","26":"tag-schwabach","27":"tag-synagogengasse","28":"tag-weiss"},"_links":{"self":[{"href":"https:\/\/www.region-schwabach.de\/wordpress\/wp-json\/wp\/v2\/posts\/216543","targetHints":{"allow":["GET"]}}],"collection":[{"href":"https:\/\/www.region-schwabach.de\/wordpress\/wp-json\/wp\/v2\/posts"}],"about":[{"href":"https:\/\/www.region-schwabach.de\/wordpress\/wp-json\/wp\/v2\/types\/post"}],"author":[{"embeddable":true,"href":"https:\/\/www.region-schwabach.de\/wordpress\/wp-json\/wp\/v2\/users\/1"}],"replies":[{"embeddable":true,"href":"https:\/\/www.region-schwabach.de\/wordpress\/wp-json\/wp\/v2\/comments?post=216543"}],"version-history":[{"count":0,"href":"https:\/\/www.region-schwabach.de\/wordpress\/wp-json\/wp\/v2\/posts\/216543\/revisions"}],"wp:featuredmedia":[{"embeddable":true,"href":"https:\/\/www.region-schwabach.de\/wordpress\/wp-json\/wp\/v2\/media\/216545"}],"wp:attachment":[{"href":"https:\/\/www.region-schwabach.de\/wordpress\/wp-json\/wp\/v2\/media?parent=216543"}],"wp:term":[{"taxonomy":"category","embeddable":true,"href":"https:\/\/www.region-schwabach.de\/wordpress\/wp-json\/wp\/v2\/categories?post=216543"},{"taxonomy":"post_tag","embeddable":true,"href":"https:\/\/www.region-schwabach.de\/wordpress\/wp-json\/wp\/v2\/tags?post=216543"}],"curies":[{"name":"wp","href":"https:\/\/api.w.org\/{rel}","templated":true}]}}