{"id":217882,"date":"2023-11-06T01:00:00","date_gmt":"2023-11-06T00:00:00","guid":{"rendered":"https:\/\/www.region-schwabach.de\/wordpress\/?p=217882"},"modified":"2023-11-06T00:28:35","modified_gmt":"2023-11-05T23:28:35","slug":"lesart-am-montag-den-6-november-2023-um-19-30-uhr-im-burgerhaus-schwabach","status":"publish","type":"post","link":"https:\/\/www.region-schwabach.de\/wordpress\/lesart-am-montag-den-6-november-2023-um-19-30-uhr-im-burgerhaus-schwabach\/","title":{"rendered":"LesArt am Montag, den 6. November 2023, um 19.30 Uhr im B\u00fcrgerhaus Schwabach"},"content":{"rendered":"\t\t<div data-elementor-type=\"wp-post\" data-elementor-id=\"217882\" class=\"elementor elementor-217882\">\n\t\t\t\t\t\t<section class=\"elementor-section elementor-top-section elementor-element elementor-element-678181b elementor-section-boxed elementor-section-height-default elementor-section-height-default\" data-id=\"678181b\" data-element_type=\"section\">\n\t\t\t\t\t\t<div class=\"elementor-container elementor-column-gap-default\">\n\t\t\t\t\t<div class=\"elementor-column elementor-col-66 elementor-top-column elementor-element elementor-element-6b34026\" data-id=\"6b34026\" data-element_type=\"column\">\n\t\t\t<div class=\"elementor-widget-wrap elementor-element-populated\">\n\t\t\t\t\t\t<div class=\"elementor-element elementor-element-443ab98 elementor-widget elementor-widget-text-editor\" data-id=\"443ab98\" data-element_type=\"widget\" data-widget_type=\"text-editor.default\">\n\t\t\t\t<div class=\"elementor-widget-container\">\n\t\t\t\t\t\t\t<h3>Montag, den 6. November 2023, um 19.30 Uhr im B\u00fcrgerhaus:\u00a0<br \/>Ulrike Draesner\u00a0 &#8211; &#8222;<span style=\"font-size: 14pt;\">Die Verwandelten<\/span>&#8220;\u00a0<\/h3><p><span style=\"font-size: 12pt;\">Schwabach &#8211;\u00a0<\/span><span style=\"font-size: 12pt;\">Eine nationalsozialistische Vorzeigemutter, die anderen beibringt, wie Kinder zu erziehen sind, doch \u00fcber das Wichtigste, was sie verloren hat, niemals spricht. Eine K\u00f6chin, die lieber Frauen geliebt h\u00e4tte als den Dienstherrn, unterwegs durch das zerst\u00f6rte Deutschland im Sommer 1945. Ein M\u00e4dchen in M\u00fcnchen Solln, geboren in einem Lebensbornheim der SS. Eine alleinerziehende Anw\u00e4ltin von heute, die nach dem Tod ihrer Mutter unverhofft eine Wohnung in Wroc\u0142aw erbt \u2013 und einen polnischen Zweig der Familie entdeckt. <\/span><\/p><p><span style=\"font-size: 12pt;\">Alle Figuren verbindet ein Jahrhundert von Krieg und Nachkrieg, Flucht und Vertreibung, von Gewalt. Was bedeutet es, in einem Staat zu leben, der Menschenzucht betreibt? Und wie dar\u00fcber schreiben, was den Frauen im Krieg geschieht? Was ihnen die Sprache nimmt. Was sie f\u00fcr immer verwandelt. Und wie \u00fcber die unsichtbare Kraft, die verhindert, dass sie daran zerbrechen?<\/span><\/p><p><span style=\"font-size: 12pt;\">Ulrike Draesner gibt den Verwandelten ihre Stimmen zur\u00fcck. Sie erfinden sich neu, wechseln Sprache und Land, \u00fcberraschen sich selbst mit ihrem Mut, ihrem Humor, ihrer Kraft. Die Bedeutung von Familie ver\u00e4ndert sich, Freir\u00e4ume entstehen. Ein ersch\u00fctternder Roman, bewegend, aufw\u00fchlend, z\u00e4rtlich, klug.<\/span><\/p><p><span style=\"font-size: 12pt;\">Ulrike Draesner, 1962 geboren, lebt in Berlin und Leipzig. Seit 2018 ist sie Professorin am Deutschen Literaturinstitut Leipzig. F\u00fcr ihre Romane und Gedichte wurde sie vielfach ausgezeichnet. Zuletzt erhielt sie u.a. den Bayerischen Buchpreis, den Deutschen Preis f\u00fcr Nature Writing (beide 2020) sowie den Gro\u00dfen Preis des Deutschen Literaturfonds (2021). \u201eDie Verwandelten\u201c war nominiert f\u00fcr den Preis der Leipziger Buchmesse 2023.\u00a0<\/span><\/p><p><span style=\"font-size: 12pt;\">Ulrike Draesner: Die Verwandelten\u00a0<\/span><br \/><span style=\"font-size: 12pt;\">Penguin Verlag 2023\u00a0<\/span><\/p><table style=\"border-collapse: collapse; width: 100%;\" border=\"1\"><tbody><tr><td style=\"width: 25%;\"><span style=\"font-size: 12pt;\"><a href=\"https:\/\/www.region-schwabach.de\/wordpress\/wp-content\/uploads\/2023\/11\/LesArt_2023_Ulrike-Draesner_c_Dominik-Butzmann-2.jpg\"><img fetchpriority=\"high\" decoding=\"async\" class=\"aligncenter size-full wp-image-217887\" src=\"https:\/\/www.region-schwabach.de\/wordpress\/wp-content\/uploads\/2023\/11\/LesArt_2023_Ulrike-Draesner_c_Dominik-Butzmann-2.jpg\" alt=\"\" width=\"666\" height=\"477\" srcset=\"https:\/\/www.region-schwabach.de\/wordpress\/wp-content\/uploads\/2023\/11\/LesArt_2023_Ulrike-Draesner_c_Dominik-Butzmann-2.jpg 666w, https:\/\/www.region-schwabach.de\/wordpress\/wp-content\/uploads\/2023\/11\/LesArt_2023_Ulrike-Draesner_c_Dominik-Butzmann-2-300x215.jpg 300w\" sizes=\"(max-width: 666px) 100vw, 666px\" \/><\/a>Foto: Ulrike-Draesner \u00a9 Dominik Butzmann<\/span><\/td><td style=\"width: 50%; text-align: left; vertical-align: middle;\"><p><strong><span style=\"font-size: 12pt;\">Montag, 06.11.2023, 19.30 Uhr, B\u00fcrgerhaus\u00a0<\/span><\/strong><\/p><p><strong><span style=\"font-size: 12pt;\">Lesung mit der Schriftstellerin Ulrike Draesner\u00a0 \u00a0<\/span><\/strong><\/p><p><strong><span style=\"font-size: 12pt;\">\u201eDie Verwandelten\u201c\u00a0<\/span><\/strong><\/p><p><a href=\"https:\/\/schwabach.de\/de\/kulturamt\/infoseiten-kulturamt\/11875-27-lesart-ulrike-draesner-die-verwandelten.html\" target=\"_blank\" rel=\"noopener\"><strong><span style=\"font-size: 12pt;\">Weitere Infos gibt es hier &#8230;\u00a0<\/span><\/strong><\/a><\/p><\/td><\/tr><\/tbody><\/table><h3>Weiterf\u00fchrende Links:<\/h3><p><span style=\"font-size: 12pt;\"><a href=\"https:\/\/schwabach.de\/de\/infoseiten-kulturportal\/11861-27-lesart-kartenverkauf.html\" target=\"_blank\" rel=\"noopener\">Alle Infos zum Kartenverkauf gibt es hier &#8230;\u00a0<\/a><\/span><\/p>\t\t\t\t\t\t<\/div>\n\t\t\t\t<\/div>\n\t\t\t\t<div class=\"elementor-element elementor-element-fc55cc3 elementor-widget elementor-widget-shortcode\" data-id=\"fc55cc3\" data-element_type=\"widget\" data-widget_type=\"shortcode.default\">\n\t\t\t\t<div class=\"elementor-widget-container\">\n\t\t\t\t\t<div class=\"elementor-shortcode\"><center><a href=\"https:\/\/a.partner-versicherung.de\/click.php?partner_id=19992&ad_id=441&deep=kfz-versicherung\"  target=\"_blank\"><img decoding=\"async\" src=\"https:\/\/a.partner-versicherung.de\/view.php?partner_id=19992&ad_id=441\" ><\/a><\/center><\/div>\n\t\t\t\t<\/div>\n\t\t\t\t<\/div>\n\t\t\t\t\t<\/div>\n\t\t<\/div>\n\t\t\t\t<div class=\"elementor-column elementor-col-33 elementor-top-column elementor-element elementor-element-f645137\" data-id=\"f645137\" data-element_type=\"column\">\n\t\t\t<div class=\"elementor-widget-wrap elementor-element-populated\">\n\t\t\t\t\t\t<div class=\"elementor-element elementor-element-46aa455 elementor-widget elementor-widget-heading\" data-id=\"46aa455\" data-element_type=\"widget\" data-widget_type=\"heading.default\">\n\t\t\t\t<div class=\"elementor-widget-container\">\n\t\t\t<h3 class=\"elementor-heading-title elementor-size-default\">Schnell vergleichen und sparen!<\/h3>\t\t<\/div>\n\t\t\t\t<\/div>\n\t\t\t\t<div class=\"elementor-element elementor-element-7109c22 elementor-widget elementor-widget-wp-widget-advads_ad_widget\" data-id=\"7109c22\" data-element_type=\"widget\" data-widget_type=\"wp-widget-advads_ad_widget.default\">\n\t\t\t\t<div class=\"elementor-widget-container\">\n\t\t\t<div id=\"regio-3794402723\"><div class=\"regio-adlabel\">Werbung<\/div><!-- Beginn https:\/\/www.financeads.net\/-Code --><a href=\"https:\/\/www.financeads.net\/tc.php?t=36648C236142529B\" target=\"_blank\"><img decoding=\"async\" src=\"https:\/\/www.financeads.net\/tb.php?t=36648V236142529B&https=1\" alt=\"\" border=\"0\" width=\"300\" height=\"250\"><\/a><!-- Ende https:\/\/www.financeads.net\/-Code --><\/div>\t\t<\/div>\n\t\t\t\t<\/div>\n\t\t\t\t<div class=\"elementor-element elementor-element-1c90843 elementor-widget elementor-widget-wp-widget-advads_ad_widget\" data-id=\"1c90843\" data-element_type=\"widget\" data-widget_type=\"wp-widget-advads_ad_widget.default\">\n\t\t\t\t<div class=\"elementor-widget-container\">\n\t\t\t<div id=\"regio-2939243938\"><div class=\"regio-adlabel\">Werbung<\/div><!-- Beginn https:\/\/www.financeads.net\/-Code --><a href=\"https:\/\/www.financeads.net\/tc.php?t=36648C42614510B\" target=\"_blank\"><img decoding=\"async\" src=\"https:\/\/www.financeads.net\/tb.php?t=36648V42614510B&https=1\" alt=\"\" border=\"0\" width=\"200\" height=\"300\"><\/a><!-- Ende https:\/\/www.financeads.net\/-Code --><\/div>\t\t<\/div>\n\t\t\t\t<\/div>\n\t\t\t\t<div class=\"elementor-element elementor-element-f9ebf1f elementor-widget elementor-widget-wp-widget-advads_ad_widget\" data-id=\"f9ebf1f\" data-element_type=\"widget\" data-widget_type=\"wp-widget-advads_ad_widget.default\">\n\t\t\t\t<div class=\"elementor-widget-container\">\n\t\t\t<div id=\"regio-2688045525\"><div class=\"regio-adlabel\">Werbung<\/div><!-- Beginn https:\/\/www.financeads.net\/-Code --><a href=\"https:\/\/www.financeads.net\/tc.php?t=36648C205040072B\" target=\"_blank\"><img loading=\"lazy\" decoding=\"async\" src=\"https:\/\/www.financeads.net\/tb.php?t=36648V205040072B&https=1\" alt=\"\" border=\"0\" width=\"300\" height=\"250\"><\/a><!-- Ende https:\/\/www.financeads.net\/-Code --><\/div>\t\t<\/div>\n\t\t\t\t<\/div>\n\t\t\t\t<div class=\"elementor-element elementor-element-2d72782 elementor-widget elementor-widget-wp-widget-advads_ad_widget\" data-id=\"2d72782\" data-element_type=\"widget\" data-widget_type=\"wp-widget-advads_ad_widget.default\">\n\t\t\t\t<div class=\"elementor-widget-container\">\n\t\t\t<div id=\"regio-4071479468\"><div class=\"regio-adlabel\">Werbung<\/div><!-- Beginn https:\/\/www.financeads.net\/-Code --><a href=\"https:\/\/www.financeads.net\/tc.php?t=36648C271460142B\" target=\"_blank\"><img loading=\"lazy\" decoding=\"async\" src=\"https:\/\/www.financeads.net\/tb.php?t=36648V271460142B&https=1\" alt=\"PETPROTECT_Hund&Katze_Banner\" border=\"0\" width=\"250\" height=\"250\"><\/a><!-- Ende https:\/\/www.financeads.net\/-Code --><\/div>\t\t<\/div>\n\t\t\t\t<\/div>\n\t\t\t\t\t<\/div>\n\t\t<\/div>\n\t\t\t\t\t<\/div>\n\t\t<\/section>\n\t\t\t\t<\/div>\n\t\t","protected":false},"excerpt":{"rendered":"<div class=\"mh-excerpt\"><p>Montag, den 6. November 2023, um 19.30 Uhr im B\u00fcrgerhaus: Ulrike Draesner\u00a0 &#8211; &#8222;Die Verwandelten&#8220; Schwabach &#8211;\u00a0Eine nationalsozialistische Vorzeigemutter, die anderen beibringt, wie Kinder zu erziehen sind, doch \u00fcber das Wichtigste, was sie verloren hat, <a class=\"mh-excerpt-more\" href=\"https:\/\/www.region-schwabach.de\/wordpress\/lesart-am-montag-den-6-november-2023-um-19-30-uhr-im-burgerhaus-schwabach\/\" title=\"LesArt am Montag, den 6. November 2023, um 19.30 Uhr im B\u00fcrgerhaus Schwabach\">[&#8230;]<\/a><\/p>\n<\/div>","protected":false},"author":1,"featured_media":217884,"comment_status":"open","ping_status":"open","sticky":false,"template":"","format":"standard","meta":{"_cbd_carousel_blocks":"[]","footnotes":""},"categories":[16,287,61,231],"tags":[23848,23849,3604,23854,522,311,2028,1480,20104,19,23855],"class_list":{"0":"post-217882","1":"post","2":"type-post","3":"status-publish","4":"format-standard","5":"has-post-thumbnail","7":"category-aktuell","8":"category-jugend-und-familie","9":"category-rathaus","10":"category-veranstaltungsnews","11":"tag-06-11-2023","12":"tag-6-november-2023","13":"tag-buergerhaus","14":"tag-die-verwandelten","15":"tag-koenigsplatz","16":"tag-lesart","17":"tag-markgrafensaal","18":"tag-rathaus","19":"tag-schriftstellerin","20":"tag-schwabach","21":"tag-ulrike-draesner"},"_links":{"self":[{"href":"https:\/\/www.region-schwabach.de\/wordpress\/wp-json\/wp\/v2\/posts\/217882","targetHints":{"allow":["GET"]}}],"collection":[{"href":"https:\/\/www.region-schwabach.de\/wordpress\/wp-json\/wp\/v2\/posts"}],"about":[{"href":"https:\/\/www.region-schwabach.de\/wordpress\/wp-json\/wp\/v2\/types\/post"}],"author":[{"embeddable":true,"href":"https:\/\/www.region-schwabach.de\/wordpress\/wp-json\/wp\/v2\/users\/1"}],"replies":[{"embeddable":true,"href":"https:\/\/www.region-schwabach.de\/wordpress\/wp-json\/wp\/v2\/comments?post=217882"}],"version-history":[{"count":0,"href":"https:\/\/www.region-schwabach.de\/wordpress\/wp-json\/wp\/v2\/posts\/217882\/revisions"}],"wp:featuredmedia":[{"embeddable":true,"href":"https:\/\/www.region-schwabach.de\/wordpress\/wp-json\/wp\/v2\/media\/217884"}],"wp:attachment":[{"href":"https:\/\/www.region-schwabach.de\/wordpress\/wp-json\/wp\/v2\/media?parent=217882"}],"wp:term":[{"taxonomy":"category","embeddable":true,"href":"https:\/\/www.region-schwabach.de\/wordpress\/wp-json\/wp\/v2\/categories?post=217882"},{"taxonomy":"post_tag","embeddable":true,"href":"https:\/\/www.region-schwabach.de\/wordpress\/wp-json\/wp\/v2\/tags?post=217882"}],"curies":[{"name":"wp","href":"https:\/\/api.w.org\/{rel}","templated":true}]}}