{"id":21794,"date":"2017-12-05T01:52:26","date_gmt":"2017-12-05T00:52:26","guid":{"rendered":"http:\/\/www.region-schwabach.de\/wordpress\/?p=21794"},"modified":"2017-12-05T02:05:31","modified_gmt":"2017-12-05T01:05:31","slug":"sommerreifen-bei-schnee-das-geht-auch-in-schwabach-nicht-gut","status":"publish","type":"post","link":"https:\/\/www.region-schwabach.de\/wordpress\/sommerreifen-bei-schnee-das-geht-auch-in-schwabach-nicht-gut\/","title":{"rendered":"Sommerreifen bei Schnee &#8211; das geht auch in Schwabach nicht gut"},"content":{"rendered":"\t\t<div data-elementor-type=\"wp-post\" data-elementor-id=\"21794\" class=\"elementor elementor-21794 elementor-bc-flex-widget\">\n\t\t\t\t\t\t<section class=\"elementor-section elementor-top-section elementor-element elementor-element-tlus4ia elementor-section-boxed elementor-section-height-default elementor-section-height-default\" data-id=\"tlus4ia\" data-element_type=\"section\">\n\t\t\t\t\t\t<div class=\"elementor-container elementor-column-gap-default\">\n\t\t\t\t\t<div class=\"elementor-column elementor-col-66 elementor-top-column elementor-element elementor-element-sphcucl\" data-id=\"sphcucl\" data-element_type=\"column\">\n\t\t\t<div class=\"elementor-widget-wrap elementor-element-populated\">\n\t\t\t\t\t\t<div class=\"elementor-element elementor-element-4f2h2af elementor-widget elementor-widget-text-editor\" data-id=\"4f2h2af\" data-element_type=\"widget\" data-widget_type=\"text-editor.default\">\n\t\t\t\t<div class=\"elementor-widget-container\">\n\t\t\t\t\t\t\t<h3>Auffahrunfall in Schwabach<\/h3><p>Schwabach &#8211; Am Sonntagabend, den 03.12.2017, kam es an der Kreuzung N\u00fcrnberger Stra\u00dfe\/Pointgraben bei Schneefall und geschlossener Schneedecke zu einem Auffahrunfall.<\/p><h3>Bei Schneefall mit Sommerreifen unterwegs<\/h3><p>Bei der Unfallaufnahme staunten die Beamten dann nicht schlecht, als sie feststellten, dass an dem Fahrzeug der Unfallverursacherin noch immer Sommerreifen montiert waren, so dass ein rechtzeitiges Stehenbleiben nicht mehr m\u00f6glich war.<\/p><p>Wegen der verbotenerweise aufgezogenen Pneus erwartet die Verkehrsteilnehmerin statt einer polizeilichen Verwarnung nun ein wesentlich h\u00f6heres Bu\u00dfgeld.<\/p><h3>Hinweis der Polizei<\/h3><p>Die Schwabacher Polizei weist nochmals darauf hin, dass laut Stra\u00dfenverkehrsordnung bei winterlichen Stra\u00dfenverh\u00e4ltnissen eine Winterreifenpflicht bzw. Allwetterreifenpflicht besteht!<\/p>\t\t\t\t\t\t<\/div>\n\t\t\t\t<\/div>\n\t\t\t\t<div class=\"elementor-element elementor-element-8a9f8c2 elementor-widget elementor-widget-google_maps\" data-id=\"8a9f8c2\" data-element_type=\"widget\" data-widget_type=\"google_maps.default\">\n\t\t\t\t<div class=\"elementor-widget-container\">\n\t\t\t\t\t<div class=\"elementor-custom-embed\">\n\t\t\t<iframe loading=\"lazy\"\n\t\t\t\t\tsrc=\"https:\/\/maps.google.com\/maps?q=49.341170%2C%2011.022010&#038;t=m&#038;z=17&#038;output=embed&#038;iwloc=near\"\n\t\t\t\t\ttitle=\"49.341170, 11.022010\"\n\t\t\t\t\taria-label=\"49.341170, 11.022010\"\n\t\t\t><\/iframe>\n\t\t<\/div>\n\t\t\t\t<\/div>\n\t\t\t\t<\/div>\n\t\t\t\t\t<\/div>\n\t\t<\/div>\n\t\t\t\t<div class=\"elementor-column elementor-col-33 elementor-top-column elementor-element elementor-element-flkv3o5\" data-id=\"flkv3o5\" data-element_type=\"column\">\n\t\t\t<div class=\"elementor-widget-wrap elementor-element-populated\">\n\t\t\t\t\t\t<div class=\"elementor-element elementor-element-bpvimlk elementor-widget elementor-widget-image\" data-id=\"bpvimlk\" data-element_type=\"widget\" data-widget_type=\"image.default\">\n\t\t\t\t<div class=\"elementor-widget-container\">\n\t\t\t\t\t\t\t\t\t\t\t\t\t\t<a href=\"http:\/\/www.region-schwabach.de\/wordpress\/werben-auf-region-schwabach\/\" target=\"_blank\">\n\t\t\t\t\t\t\t<img fetchpriority=\"high\" decoding=\"async\" width=\"1024\" height=\"1024\" src=\"https:\/\/www.region-schwabach.de\/wordpress\/wp-content\/uploads\/2017\/06\/werbung8-1024x1024.png\" class=\"attachment-large size-large wp-image-2484\" alt=\"\" srcset=\"https:\/\/www.region-schwabach.de\/wordpress\/wp-content\/uploads\/2017\/06\/werbung8-1024x1024.png 1024w, https:\/\/www.region-schwabach.de\/wordpress\/wp-content\/uploads\/2017\/06\/werbung8-150x150.png 150w, https:\/\/www.region-schwabach.de\/wordpress\/wp-content\/uploads\/2017\/06\/werbung8-300x300.png 300w, https:\/\/www.region-schwabach.de\/wordpress\/wp-content\/uploads\/2017\/06\/werbung8-768x768.png 768w, https:\/\/www.region-schwabach.de\/wordpress\/wp-content\/uploads\/2017\/06\/werbung8-600x600.png 600w, https:\/\/www.region-schwabach.de\/wordpress\/wp-content\/uploads\/2017\/06\/werbung8.png 1200w\" sizes=\"(max-width: 1024px) 100vw, 1024px\" \/>\t\t\t\t\t\t\t\t<\/a>\n\t\t\t\t\t\t\t\t\t\t\t\t\t<\/div>\n\t\t\t\t<\/div>\n\t\t\t\t\t<\/div>\n\t\t<\/div>\n\t\t\t\t\t<\/div>\n\t\t<\/section>\n\t\t\t\t<\/div>\n\t\t","protected":false},"excerpt":{"rendered":"<div class=\"mh-excerpt\"><p>Auffahrunfall in Schwabach Schwabach &#8211; Am Sonntagabend, den 03.12.2017, kam es an der Kreuzung N\u00fcrnberger Stra\u00dfe\/Pointgraben bei Schneefall und geschlossener Schneedecke zu einem Auffahrunfall. Bei Schneefall mit Sommerreifen unterwegs Bei der Unfallaufnahme staunten die Beamten <a class=\"mh-excerpt-more\" href=\"https:\/\/www.region-schwabach.de\/wordpress\/sommerreifen-bei-schnee-das-geht-auch-in-schwabach-nicht-gut\/\" title=\"Sommerreifen bei Schnee &#8211; das geht auch in Schwabach nicht gut\">[&#8230;]<\/a><\/p>\n<\/div>","protected":false},"author":1,"featured_media":21795,"comment_status":"open","ping_status":"open","sticky":false,"template":"","format":"standard","meta":{"_cbd_carousel_blocks":"[]","footnotes":""},"categories":[15],"tags":[1364,540,1111,1757,464,1756,713,19,1758,1759],"class_list":{"0":"post-21794","1":"post","2":"type-post","3":"status-publish","4":"format-standard","5":"has-post-thumbnail","7":"category-polizeimeldungen","8":"tag-03-12-2017","9":"tag-auffahrunfall","10":"tag-bussgeld","11":"tag-falsche-bereifung","12":"tag-nuernberger-strasse","13":"tag-pointgraben","14":"tag-schaden","15":"tag-schwabach","16":"tag-sommerreifen","17":"tag-winterreifenpflicht"},"_links":{"self":[{"href":"https:\/\/www.region-schwabach.de\/wordpress\/wp-json\/wp\/v2\/posts\/21794","targetHints":{"allow":["GET"]}}],"collection":[{"href":"https:\/\/www.region-schwabach.de\/wordpress\/wp-json\/wp\/v2\/posts"}],"about":[{"href":"https:\/\/www.region-schwabach.de\/wordpress\/wp-json\/wp\/v2\/types\/post"}],"author":[{"embeddable":true,"href":"https:\/\/www.region-schwabach.de\/wordpress\/wp-json\/wp\/v2\/users\/1"}],"replies":[{"embeddable":true,"href":"https:\/\/www.region-schwabach.de\/wordpress\/wp-json\/wp\/v2\/comments?post=21794"}],"version-history":[{"count":0,"href":"https:\/\/www.region-schwabach.de\/wordpress\/wp-json\/wp\/v2\/posts\/21794\/revisions"}],"wp:featuredmedia":[{"embeddable":true,"href":"https:\/\/www.region-schwabach.de\/wordpress\/wp-json\/wp\/v2\/media\/21795"}],"wp:attachment":[{"href":"https:\/\/www.region-schwabach.de\/wordpress\/wp-json\/wp\/v2\/media?parent=21794"}],"wp:term":[{"taxonomy":"category","embeddable":true,"href":"https:\/\/www.region-schwabach.de\/wordpress\/wp-json\/wp\/v2\/categories?post=21794"},{"taxonomy":"post_tag","embeddable":true,"href":"https:\/\/www.region-schwabach.de\/wordpress\/wp-json\/wp\/v2\/tags?post=21794"}],"curies":[{"name":"wp","href":"https:\/\/api.w.org\/{rel}","templated":true}]}}