{"id":217977,"date":"2023-11-06T01:15:00","date_gmt":"2023-11-06T00:15:00","guid":{"rendered":"https:\/\/www.region-schwabach.de\/wordpress\/?p=217977"},"modified":"2023-11-06T01:13:25","modified_gmt":"2023-11-06T00:13:25","slug":"senioren-burgerversammlung-im-aurex-am-6-november-2023","status":"publish","type":"post","link":"https:\/\/www.region-schwabach.de\/wordpress\/senioren-burgerversammlung-im-aurex-am-6-november-2023\/","title":{"rendered":"Senioren-B\u00fcrgerversammlung im AUREX am 6. November 2023"},"content":{"rendered":"\t\t<div data-elementor-type=\"wp-post\" data-elementor-id=\"217977\" class=\"elementor elementor-217977\">\n\t\t\t\t\t\t<section class=\"elementor-section elementor-top-section elementor-element elementor-element-678181b elementor-section-boxed elementor-section-height-default elementor-section-height-default\" data-id=\"678181b\" data-element_type=\"section\">\n\t\t\t\t\t\t<div class=\"elementor-container elementor-column-gap-default\">\n\t\t\t\t\t<div class=\"elementor-column elementor-col-50 elementor-top-column elementor-element elementor-element-6b34026\" data-id=\"6b34026\" data-element_type=\"column\">\n\t\t\t<div class=\"elementor-widget-wrap elementor-element-populated\">\n\t\t\t\t\t\t<div class=\"elementor-element elementor-element-85e7172 elementor-widget elementor-widget-wp-widget-advads_ad_widget\" data-id=\"85e7172\" data-element_type=\"widget\" data-widget_type=\"wp-widget-advads_ad_widget.default\">\n\t\t\t\t<div class=\"elementor-widget-container\">\n\t\t\t<div id=\"regio-3022159520\"><div class=\"regio-adlabel\">Werbung<\/div><center><a href=\"https:\/\/a.partner-versicherung.de\/click.php?partner_id=19992&ad_id=1578&deep=kreditkarten\"  target=\"_blank\"><img decoding=\"async\" src=\"https:\/\/a.partner-versicherung.de\/view.php?partner_id=19992&ad_id=1578\" ><\/a><\/center><\/div>\t\t<\/div>\n\t\t\t\t<\/div>\n\t\t\t\t<div class=\"elementor-element elementor-element-443ab98 elementor-widget elementor-widget-text-editor\" data-id=\"443ab98\" data-element_type=\"widget\" data-widget_type=\"text-editor.default\">\n\t\t\t\t<div class=\"elementor-widget-container\">\n\t\t\t\t\t\t\t<h3>Montag, den 6. November 2023, um 15.30 Uhr\u00a0<br \/>Senioren-B\u00fcrgerversammlung im AUREX\u00a0<\/h3><p><span style=\"font-size: 12pt;\">Schwabach &#8211; <\/span><span style=\"font-size: 12pt;\">Am Montag, den 6. November 2023, findet im AUREX, in der K\u00f6nigstra\u00dfe 20a in Schwabach eine B\u00fcrgerversammlung f\u00fcr Seniorinnen und Senioren statt. Neben Informationen zum Seniorenpolitischen Gesamtkonzept und zum Seniorenrat, k\u00f6nnen \u00e4ltere Menschen auch W\u00fcnsche und Anregungen zu verschiedenen Themen einbringen. Einlass ist ab 15 Uhr. <\/span><\/p><p><span style=\"font-size: 12pt;\">Die Versammlung, die der B\u00fcrgermeister Peter Rei\u00df leiten wird, beginnt um 19.00 Uhr.\u00a0<\/span><\/p><h3>Tagesordnung:<\/h3><div class=\"fieldsattachment after_article\"><ol><li><span style=\"font-size: 12pt;\">Begr\u00fc\u00dfung durch Oberb\u00fcrgermeister Rei\u00df\u00a0<\/span><\/li><li><span style=\"font-size: 12pt;\">Der neugew\u00e4hlte Seniorenrat stellt sich vor\u00a0<\/span><\/li><li><span style=\"font-size: 12pt;\">Vorstellung des neuen Referats f\u00fcr Umwelt,Mobilit\u00e4t, Nachhaltigkeit und Klimaschutz\u00a0<\/span><\/li><li><span style=\"font-size: 12pt;\">Das Seniorenpolitische Gesamtkonzept (Vortrag BASIS-Institut)\u00a0<\/span><\/li><li><span style=\"font-size: 12pt;\">Aktuelle Themen aus dem \u00d6PNV\u00a0<\/span><\/li><li><span style=\"font-size: 12pt;\">W\u00fcnsche und Anregungen\u00a0<\/span><\/li><\/ol><\/div><p><span style=\"font-size: 12pt;\">Vertreter des Seniorenrats, die Stadtspitze, die Referenten und Vertreter der Stadtverwaltung laden hierzu herzlich ein und freuen sich \u00fcber eine rege Teilnahme und konstruktive Diskussionen.\u00a0<\/span><\/p><h3>Weiterf\u00fchrende Links:<\/h3><p><span style=\"font-size: 12pt;\"><a href=\"http:\/\/www.schwabach.de\/de\/zuhause-in-schwabach\/senioren\/seniorentermine.html\" target=\"_blank\" rel=\"noopener\">Weitere Seniorentermine finden Sie hier &#8230;<\/a><\/span><\/p>\t\t\t\t\t\t<\/div>\n\t\t\t\t<\/div>\n\t\t\t\t<div class=\"elementor-element elementor-element-93d6cdb elementor-widget elementor-widget-shortcode\" data-id=\"93d6cdb\" data-element_type=\"widget\" data-widget_type=\"shortcode.default\">\n\t\t\t\t<div class=\"elementor-widget-container\">\n\t\t\t\t\t<div class=\"elementor-shortcode\"><!-- Beginn https:\/\/www.financeads.net\/-Code --><a href=\"https:\/\/www.financeads.net\/tc.php?t=36648C38513858B\" target=\"_blank\"><center><img decoding=\"async\" src=\"https:\/\/www.financeads.net\/tb.php?t=36648V38513858B&https=1\" alt=\"\" border=\"0\" width=\"468\" height=\"60\"><\/a><!-- Ende https:\/\/www.financeads.net\/-Code --><\/div>\n\t\t\t\t<\/div>\n\t\t\t\t<\/div>\n\t\t\t\t<div class=\"elementor-element elementor-element-21c3450 elementor-widget-divider--view-line elementor-widget elementor-widget-divider\" data-id=\"21c3450\" data-element_type=\"widget\" data-widget_type=\"divider.default\">\n\t\t\t\t<div class=\"elementor-widget-container\">\n\t\t\t\t\t<div class=\"elementor-divider\">\n\t\t\t<span class=\"elementor-divider-separator\">\n\t\t\t\t\t\t<\/span>\n\t\t<\/div>\n\t\t\t\t<\/div>\n\t\t\t\t<\/div>\n\t\t\t\t<div class=\"elementor-element elementor-element-f4c690c elementor-widget elementor-widget-google_maps\" data-id=\"f4c690c\" data-element_type=\"widget\" data-widget_type=\"google_maps.default\">\n\t\t\t\t<div class=\"elementor-widget-container\">\n\t\t\t\t\t<div class=\"elementor-custom-embed\">\n\t\t\t<iframe loading=\"lazy\"\n\t\t\t\t\tsrc=\"https:\/\/maps.google.com\/maps?q=K%C3%B6nigstra%C3%9Fe%2020%2C%20Schwabach%2C%20Deutschland&#038;t=m&#038;z=18&#038;output=embed&#038;iwloc=near\"\n\t\t\t\t\ttitle=\"K\u00f6nigstra\u00dfe 20, Schwabach, Deutschland\"\n\t\t\t\t\taria-label=\"K\u00f6nigstra\u00dfe 20, Schwabach, Deutschland\"\n\t\t\t><\/iframe>\n\t\t<\/div>\n\t\t\t\t<\/div>\n\t\t\t\t<\/div>\n\t\t\t\t\t<\/div>\n\t\t<\/div>\n\t\t\t\t<div class=\"elementor-column elementor-col-50 elementor-top-column elementor-element elementor-element-9332b1e\" data-id=\"9332b1e\" data-element_type=\"column\">\n\t\t\t<div class=\"elementor-widget-wrap elementor-element-populated\">\n\t\t\t\t\t\t<div class=\"elementor-element elementor-element-4856769 elementor-widget elementor-widget-heading\" data-id=\"4856769\" data-element_type=\"widget\" data-widget_type=\"heading.default\">\n\t\t\t\t<div class=\"elementor-widget-container\">\n\t\t\t<h3 class=\"elementor-heading-title elementor-size-default\">Schnell vergleichen und sparen!<\/h3>\t\t<\/div>\n\t\t\t\t<\/div>\n\t\t\t\t<div class=\"elementor-element elementor-element-7de0af4 elementor-widget elementor-widget-wp-widget-advads_ad_widget\" data-id=\"7de0af4\" data-element_type=\"widget\" data-widget_type=\"wp-widget-advads_ad_widget.default\">\n\t\t\t\t<div class=\"elementor-widget-container\">\n\t\t\t<div id=\"regio-3680628505\"><div class=\"regio-adlabel\">Werbung<\/div><!-- Beginn https:\/\/www.financeads.net\/-Code --><a href=\"https:\/\/www.financeads.net\/tc.php?t=36648C236142529B\" target=\"_blank\"><img fetchpriority=\"high\" decoding=\"async\" src=\"https:\/\/www.financeads.net\/tb.php?t=36648V236142529B&https=1\" alt=\"\" border=\"0\" width=\"300\" height=\"250\"><\/a><!-- Ende https:\/\/www.financeads.net\/-Code --><\/div>\t\t<\/div>\n\t\t\t\t<\/div>\n\t\t\t\t<div class=\"elementor-element elementor-element-6b4ffab elementor-widget elementor-widget-wp-widget-advads_ad_widget\" data-id=\"6b4ffab\" data-element_type=\"widget\" data-widget_type=\"wp-widget-advads_ad_widget.default\">\n\t\t\t\t<div class=\"elementor-widget-container\">\n\t\t\t<div id=\"regio-483433548\"><div class=\"regio-adlabel\">Werbung<\/div><!-- Beginn https:\/\/www.financeads.net\/-Code --><a href=\"https:\/\/www.financeads.net\/tc.php?t=36648C42614510B\" target=\"_blank\"><img decoding=\"async\" src=\"https:\/\/www.financeads.net\/tb.php?t=36648V42614510B&https=1\" alt=\"\" border=\"0\" width=\"200\" height=\"300\"><\/a><!-- Ende https:\/\/www.financeads.net\/-Code --><\/div>\t\t<\/div>\n\t\t\t\t<\/div>\n\t\t\t\t<div class=\"elementor-element elementor-element-fb90de6 elementor-widget elementor-widget-wp-widget-advads_ad_widget\" data-id=\"fb90de6\" data-element_type=\"widget\" data-widget_type=\"wp-widget-advads_ad_widget.default\">\n\t\t\t\t<div class=\"elementor-widget-container\">\n\t\t\t<div id=\"regio-1845462605\"><div class=\"regio-adlabel\">Werbung<\/div><!-- Beginn https:\/\/www.financeads.net\/-Code --><a href=\"https:\/\/www.financeads.net\/tc.php?t=36648C205040072B\" target=\"_blank\"><img loading=\"lazy\" decoding=\"async\" src=\"https:\/\/www.financeads.net\/tb.php?t=36648V205040072B&https=1\" alt=\"\" border=\"0\" width=\"300\" height=\"250\"><\/a><!-- Ende https:\/\/www.financeads.net\/-Code --><\/div>\t\t<\/div>\n\t\t\t\t<\/div>\n\t\t\t\t<div class=\"elementor-element elementor-element-69952c2 elementor-widget elementor-widget-wp-widget-advads_ad_widget\" data-id=\"69952c2\" data-element_type=\"widget\" data-widget_type=\"wp-widget-advads_ad_widget.default\">\n\t\t\t\t<div class=\"elementor-widget-container\">\n\t\t\t<div id=\"regio-1064079259\"><div class=\"regio-adlabel\">Werbung<\/div><!-- Beginn https:\/\/www.financeads.net\/-Code --><a href=\"https:\/\/www.financeads.net\/tc.php?t=36648C271460142B\" target=\"_blank\"><img loading=\"lazy\" decoding=\"async\" src=\"https:\/\/www.financeads.net\/tb.php?t=36648V271460142B&https=1\" alt=\"PETPROTECT_Hund&Katze_Banner\" border=\"0\" width=\"250\" height=\"250\"><\/a><!-- Ende https:\/\/www.financeads.net\/-Code --><\/div>\t\t<\/div>\n\t\t\t\t<\/div>\n\t\t\t\t\t<\/div>\n\t\t<\/div>\n\t\t\t\t\t<\/div>\n\t\t<\/section>\n\t\t\t\t<\/div>\n\t\t","protected":false},"excerpt":{"rendered":"<div class=\"mh-excerpt\"><p>Montag, den 6. November 2023, um 15.30 Uhr Senioren-B\u00fcrgerversammlung im AUREX Schwabach &#8211; Am Montag, den 6. November 2023, findet im AUREX, in der K\u00f6nigstra\u00dfe 20a in Schwabach eine B\u00fcrgerversammlung f\u00fcr Seniorinnen und Senioren statt. <a class=\"mh-excerpt-more\" href=\"https:\/\/www.region-schwabach.de\/wordpress\/senioren-burgerversammlung-im-aurex-am-6-november-2023\/\" title=\"Senioren-B\u00fcrgerversammlung im AUREX am 6. November 2023\">[&#8230;]<\/a><\/p>\n<\/div>","protected":false},"author":1,"featured_media":217978,"comment_status":"open","ping_status":"open","sticky":false,"template":"","format":"standard","meta":{"_cbd_carousel_blocks":"[]","footnotes":""},"categories":[16,4306,61,231,46,140],"tags":[23848,23849,23860,4517,3486,4587,4584,5269,12385,1480,19,3315,4070,3151,13297],"class_list":{"0":"post-217977","1":"post","2":"type-post","3":"status-publish","4":"format-standard","5":"has-post-thumbnail","7":"category-aktuell","8":"category-ratgeber","9":"category-rathaus","10":"category-veranstaltungsnews","11":"category-verbaende","12":"category-vereine","13":"tag-06-11-2023","14":"tag-6-november-2023","15":"tag-anregungen","16":"tag-aurex","17":"tag-buergerversammlung","18":"tag-fruehstueck","19":"tag-koenigsstrasse","20":"tag-oberbuergermeister","21":"tag-peter-reiss","22":"tag-rathaus","23":"tag-schwabach","24":"tag-senioren","25":"tag-seniorenrat","26":"tag-stadt-schwabach","27":"tag-wuensche"},"_links":{"self":[{"href":"https:\/\/www.region-schwabach.de\/wordpress\/wp-json\/wp\/v2\/posts\/217977","targetHints":{"allow":["GET"]}}],"collection":[{"href":"https:\/\/www.region-schwabach.de\/wordpress\/wp-json\/wp\/v2\/posts"}],"about":[{"href":"https:\/\/www.region-schwabach.de\/wordpress\/wp-json\/wp\/v2\/types\/post"}],"author":[{"embeddable":true,"href":"https:\/\/www.region-schwabach.de\/wordpress\/wp-json\/wp\/v2\/users\/1"}],"replies":[{"embeddable":true,"href":"https:\/\/www.region-schwabach.de\/wordpress\/wp-json\/wp\/v2\/comments?post=217977"}],"version-history":[{"count":0,"href":"https:\/\/www.region-schwabach.de\/wordpress\/wp-json\/wp\/v2\/posts\/217977\/revisions"}],"wp:featuredmedia":[{"embeddable":true,"href":"https:\/\/www.region-schwabach.de\/wordpress\/wp-json\/wp\/v2\/media\/217978"}],"wp:attachment":[{"href":"https:\/\/www.region-schwabach.de\/wordpress\/wp-json\/wp\/v2\/media?parent=217977"}],"wp:term":[{"taxonomy":"category","embeddable":true,"href":"https:\/\/www.region-schwabach.de\/wordpress\/wp-json\/wp\/v2\/categories?post=217977"},{"taxonomy":"post_tag","embeddable":true,"href":"https:\/\/www.region-schwabach.de\/wordpress\/wp-json\/wp\/v2\/tags?post=217977"}],"curies":[{"name":"wp","href":"https:\/\/api.w.org\/{rel}","templated":true}]}}