{"id":218120,"date":"2023-11-08T00:30:00","date_gmt":"2023-11-07T23:30:00","guid":{"rendered":"https:\/\/www.region-schwabach.de\/wordpress\/?p=218120"},"modified":"2023-11-07T23:08:01","modified_gmt":"2023-11-07T22:08:01","slug":"lesart-am-mittwoch-den-8-november-2023-um-19-30-uhr-im-burgerhaus-schwabach","status":"publish","type":"post","link":"https:\/\/www.region-schwabach.de\/wordpress\/lesart-am-mittwoch-den-8-november-2023-um-19-30-uhr-im-burgerhaus-schwabach\/","title":{"rendered":"LesArt am Mittwoch, den 8. November 2023, um 19.30 Uhr im B\u00fcrgerhaus Schwabach"},"content":{"rendered":"\t\t<div data-elementor-type=\"wp-post\" data-elementor-id=\"218120\" class=\"elementor elementor-218120\">\n\t\t\t\t\t\t<section class=\"elementor-section elementor-top-section elementor-element elementor-element-678181b elementor-section-boxed elementor-section-height-default elementor-section-height-default\" data-id=\"678181b\" data-element_type=\"section\">\n\t\t\t\t\t\t<div class=\"elementor-container elementor-column-gap-default\">\n\t\t\t\t\t<div class=\"elementor-column elementor-col-66 elementor-top-column elementor-element elementor-element-6b34026\" data-id=\"6b34026\" data-element_type=\"column\">\n\t\t\t<div class=\"elementor-widget-wrap elementor-element-populated\">\n\t\t\t\t\t\t<div class=\"elementor-element elementor-element-443ab98 elementor-widget elementor-widget-text-editor\" data-id=\"443ab98\" data-element_type=\"widget\" data-widget_type=\"text-editor.default\">\n\t\t\t\t<div class=\"elementor-widget-container\">\n\t\t\t\t\t\t\t<h3>Mittwoch, den 8. November 2023, um 19.30 Uhr im B\u00fcrgerhaus:\u00a0<br \/>Dana Vowinckel &#8211; &#8222;<span style=\"font-size: 14pt;\">Gew\u00e4sser im Ziplock<\/span>&#8220;\u00a0<\/h3><p><span style=\"font-size: 12pt;\">Schwabach &#8211;\u00a0Ein Sommer zwischen Berlin, Chicago und Jerusalem. Die f\u00fcnfzehnj\u00e4hrige Margarita ist in gro\u00dfen Lebensteilen bei ihrem Vater aufgewachsen, der in einer Berliner Synagoge Gebete leitet. Den Sommer verbringt sie wie immer bei ihren Gro\u00dfeltern in Chicago, obwohl sie das eigentlich nicht mehr will. Und jetzt soll sie auch noch nach Jerusalem, um ein besseres Verh\u00e4ltnis zu ihrer Mutter aufzubauen, die seit kurzem dort lebt. Zu viel f\u00fcr ein Menschenleben, erst recht f\u00fcr eine Teenagerin.<\/span><\/p><p><span style=\"font-size: 12pt;\">Gleich nach der Ankunft geht alles schief, die gemeinsame Reise von Mutter und Tochter durchs Heilige Land rei\u00dft alte und neue Wunden auf, Konflikte eskalieren. Und am Ende wartet die Erkenntnis, dass jeder Mensch eben nur so viel kann, wie er kann.<\/span><\/p><p><span style=\"font-size: 12pt;\">\u201eGew\u00e4sser im Ziplock\u201c ist eine mitrei\u00dfende Familiengeschichte zwischen j\u00fcdischer Tradition und deutschem \u201eGed\u00e4chtnistheater\u201c. Eine Geschichte von gro\u00dfen und kleinen L\u00fcgen, Gl\u00fccksmomenten und Entt\u00e4uschungen, von Zuneigung und Schmerz &#8211; voller Leben und Menschlichkeit.<\/span><\/p><p><span style=\"font-size: 12pt;\">Dana Vowinckel, 1996 geboren, lebt in ihrer Geburtsstadt Berlin. Beim Ingeborg-Bachmann-Wettbewerb 2021 wurde sie f\u00fcr einen Auszug aus \u201eGew\u00e4sser im Ziplock\u201c mit dem Deutschlandfunk-Preis ausgezeichnet. 2023 wurde ihr ein Arbeitsstipendium des Berliner Senats zugesprochen. \u201eGew\u00e4sser im Ziplock\u201c ist Vowinckels Deb\u00fctroman.<\/span><\/p><p><span style=\"font-size: 12pt;\">Dana Vowinckel: Gew\u00e4sser im Ziplock<\/span><br \/><span style=\"font-size: 12pt;\">Suhrkamp Verlag 2023\u00a0<\/span><\/p><table style=\"border-collapse: collapse; width: 100%;\" border=\"1\"><tbody><tr><td style=\"width: 25%;\"><span style=\"font-size: 12pt;\"><a href=\"https:\/\/www.region-schwabach.de\/wordpress\/wp-content\/uploads\/2023\/11\/LesArt_2023_Dana-Vowinckel_c_Heike-Steinweg-1.jpg\"><img fetchpriority=\"high\" decoding=\"async\" class=\"aligncenter size-full wp-image-218123\" src=\"https:\/\/www.region-schwabach.de\/wordpress\/wp-content\/uploads\/2023\/11\/LesArt_2023_Dana-Vowinckel_c_Heike-Steinweg-1.jpg\" alt=\"\" width=\"666\" height=\"477\" srcset=\"https:\/\/www.region-schwabach.de\/wordpress\/wp-content\/uploads\/2023\/11\/LesArt_2023_Dana-Vowinckel_c_Heike-Steinweg-1.jpg 666w, https:\/\/www.region-schwabach.de\/wordpress\/wp-content\/uploads\/2023\/11\/LesArt_2023_Dana-Vowinckel_c_Heike-Steinweg-1-300x215.jpg 300w\" sizes=\"(max-width: 666px) 100vw, 666px\" \/><\/a>Foto: Dana Vowinckel \u00a9 Heike Steinweg<\/span><\/td><td style=\"width: 50%; text-align: left; vertical-align: middle;\"><p><strong><span style=\"font-size: 12pt;\">Mittwoch, 08.11.2023, 19.30 Uhr, B\u00fcrgerhaus\u00a0<\/span><\/strong><\/p><p><strong><span style=\"font-size: 12pt;\">Lesung mit der Schriftstellerin Dana Vowinckel \u00a0\u00a0<\/span><\/strong><\/p><p><strong><span style=\"font-size: 12pt;\">\u201eGew\u00e4sser im Ziplock\u201c\u00a0<\/span><\/strong><\/p><p><a href=\"https:\/\/schwabach.de\/de\/kulturamt\/infoseiten-kulturamt\/11877-27-lesart-dana-vowinckel-gewaesser-im-ziplock.html\" target=\"_blank\" rel=\"noopener\"><strong><span style=\"font-size: 12pt;\">Weitere Infos gibt es hier &#8230;\u00a0<\/span><\/strong><\/a><\/p><\/td><\/tr><\/tbody><\/table><h3>Weiterf\u00fchrende Links:<\/h3><p><span style=\"font-size: 12pt;\"><a href=\"https:\/\/schwabach.de\/de\/infoseiten-kulturportal\/11861-27-lesart-kartenverkauf.html\" target=\"_blank\" rel=\"noopener\">Alle Infos zum Kartenverkauf gibt es hier &#8230;\u00a0<\/a><\/span><\/p>\t\t\t\t\t\t<\/div>\n\t\t\t\t<\/div>\n\t\t\t\t<div class=\"elementor-element elementor-element-fc55cc3 elementor-widget elementor-widget-shortcode\" data-id=\"fc55cc3\" data-element_type=\"widget\" data-widget_type=\"shortcode.default\">\n\t\t\t\t<div class=\"elementor-widget-container\">\n\t\t\t\t\t<div class=\"elementor-shortcode\"><center><a href=\"https:\/\/a.partner-versicherung.de\/click.php?partner_id=19992&ad_id=441&deep=kfz-versicherung\"  target=\"_blank\"><img decoding=\"async\" src=\"https:\/\/a.partner-versicherung.de\/view.php?partner_id=19992&ad_id=441\" ><\/a><\/center><\/div>\n\t\t\t\t<\/div>\n\t\t\t\t<\/div>\n\t\t\t\t\t<\/div>\n\t\t<\/div>\n\t\t\t\t<div class=\"elementor-column elementor-col-33 elementor-top-column elementor-element elementor-element-f645137\" data-id=\"f645137\" data-element_type=\"column\">\n\t\t\t<div class=\"elementor-widget-wrap elementor-element-populated\">\n\t\t\t\t\t\t<div class=\"elementor-element elementor-element-46aa455 elementor-widget elementor-widget-heading\" data-id=\"46aa455\" data-element_type=\"widget\" data-widget_type=\"heading.default\">\n\t\t\t\t<div class=\"elementor-widget-container\">\n\t\t\t<h3 class=\"elementor-heading-title elementor-size-default\">Schnell vergleichen und sparen!<\/h3>\t\t<\/div>\n\t\t\t\t<\/div>\n\t\t\t\t<div class=\"elementor-element elementor-element-7109c22 elementor-widget elementor-widget-wp-widget-advads_ad_widget\" data-id=\"7109c22\" data-element_type=\"widget\" data-widget_type=\"wp-widget-advads_ad_widget.default\">\n\t\t\t\t<div class=\"elementor-widget-container\">\n\t\t\t<div id=\"regio-1525942030\"><div class=\"regio-adlabel\">Werbung<\/div><!-- Beginn https:\/\/www.financeads.net\/-Code --><a href=\"https:\/\/www.financeads.net\/tc.php?t=36648C236142529B\" target=\"_blank\"><img decoding=\"async\" src=\"https:\/\/www.financeads.net\/tb.php?t=36648V236142529B&https=1\" alt=\"\" border=\"0\" width=\"300\" height=\"250\"><\/a><!-- Ende https:\/\/www.financeads.net\/-Code --><\/div>\t\t<\/div>\n\t\t\t\t<\/div>\n\t\t\t\t<div class=\"elementor-element elementor-element-1c90843 elementor-widget elementor-widget-wp-widget-advads_ad_widget\" data-id=\"1c90843\" data-element_type=\"widget\" data-widget_type=\"wp-widget-advads_ad_widget.default\">\n\t\t\t\t<div class=\"elementor-widget-container\">\n\t\t\t<div id=\"regio-4123399111\"><div class=\"regio-adlabel\">Werbung<\/div><!-- Beginn https:\/\/www.financeads.net\/-Code --><a href=\"https:\/\/www.financeads.net\/tc.php?t=36648C42614510B\" target=\"_blank\"><img decoding=\"async\" src=\"https:\/\/www.financeads.net\/tb.php?t=36648V42614510B&https=1\" alt=\"\" border=\"0\" width=\"200\" height=\"300\"><\/a><!-- Ende https:\/\/www.financeads.net\/-Code --><\/div>\t\t<\/div>\n\t\t\t\t<\/div>\n\t\t\t\t<div class=\"elementor-element elementor-element-f9ebf1f elementor-widget elementor-widget-wp-widget-advads_ad_widget\" data-id=\"f9ebf1f\" data-element_type=\"widget\" data-widget_type=\"wp-widget-advads_ad_widget.default\">\n\t\t\t\t<div class=\"elementor-widget-container\">\n\t\t\t<div id=\"regio-602648798\"><div class=\"regio-adlabel\">Werbung<\/div><!-- Beginn https:\/\/www.financeads.net\/-Code --><a href=\"https:\/\/www.financeads.net\/tc.php?t=36648C205040072B\" target=\"_blank\"><img loading=\"lazy\" decoding=\"async\" src=\"https:\/\/www.financeads.net\/tb.php?t=36648V205040072B&https=1\" alt=\"\" border=\"0\" width=\"300\" height=\"250\"><\/a><!-- Ende https:\/\/www.financeads.net\/-Code --><\/div>\t\t<\/div>\n\t\t\t\t<\/div>\n\t\t\t\t<div class=\"elementor-element elementor-element-2d72782 elementor-widget elementor-widget-wp-widget-advads_ad_widget\" data-id=\"2d72782\" data-element_type=\"widget\" data-widget_type=\"wp-widget-advads_ad_widget.default\">\n\t\t\t\t<div class=\"elementor-widget-container\">\n\t\t\t<div id=\"regio-3701422671\"><div class=\"regio-adlabel\">Werbung<\/div><!-- Beginn https:\/\/www.financeads.net\/-Code --><a href=\"https:\/\/www.financeads.net\/tc.php?t=36648C271460142B\" target=\"_blank\"><img loading=\"lazy\" decoding=\"async\" src=\"https:\/\/www.financeads.net\/tb.php?t=36648V271460142B&https=1\" alt=\"PETPROTECT_Hund&Katze_Banner\" border=\"0\" width=\"250\" height=\"250\"><\/a><!-- Ende https:\/\/www.financeads.net\/-Code --><\/div>\t\t<\/div>\n\t\t\t\t<\/div>\n\t\t\t\t\t<\/div>\n\t\t<\/div>\n\t\t\t\t\t<\/div>\n\t\t<\/section>\n\t\t\t\t<\/div>\n\t\t","protected":false},"excerpt":{"rendered":"<div class=\"mh-excerpt\"><p>Mittwoch, den 8. November 2023, um 19.30 Uhr im B\u00fcrgerhaus: Dana Vowinckel &#8211; &#8222;Gew\u00e4sser im Ziplock&#8220; Schwabach &#8211;\u00a0Ein Sommer zwischen Berlin, Chicago und Jerusalem. Die f\u00fcnfzehnj\u00e4hrige Margarita ist in gro\u00dfen Lebensteilen bei ihrem Vater aufgewachsen, <a class=\"mh-excerpt-more\" href=\"https:\/\/www.region-schwabach.de\/wordpress\/lesart-am-mittwoch-den-8-november-2023-um-19-30-uhr-im-burgerhaus-schwabach\/\" title=\"LesArt am Mittwoch, den 8. November 2023, um 19.30 Uhr im B\u00fcrgerhaus Schwabach\">[&#8230;]<\/a><\/p>\n<\/div>","protected":false},"author":1,"featured_media":218121,"comment_status":"open","ping_status":"open","sticky":false,"template":"","format":"standard","meta":{"_cbd_carousel_blocks":"[]","footnotes":""},"categories":[16,287,61,231],"tags":[23884,23885,3604,23887,23886,522,311,1480,20104,19],"class_list":{"0":"post-218120","1":"post","2":"type-post","3":"status-publish","4":"format-standard","5":"has-post-thumbnail","7":"category-aktuell","8":"category-jugend-und-familie","9":"category-rathaus","10":"category-veranstaltungsnews","11":"tag-08-11-2023","12":"tag-8-november-2023","13":"tag-buergerhaus","14":"tag-dana-vowinckel","15":"tag-gewaesser-im-ziplock","16":"tag-koenigsplatz","17":"tag-lesart","18":"tag-rathaus","19":"tag-schriftstellerin","20":"tag-schwabach"},"_links":{"self":[{"href":"https:\/\/www.region-schwabach.de\/wordpress\/wp-json\/wp\/v2\/posts\/218120","targetHints":{"allow":["GET"]}}],"collection":[{"href":"https:\/\/www.region-schwabach.de\/wordpress\/wp-json\/wp\/v2\/posts"}],"about":[{"href":"https:\/\/www.region-schwabach.de\/wordpress\/wp-json\/wp\/v2\/types\/post"}],"author":[{"embeddable":true,"href":"https:\/\/www.region-schwabach.de\/wordpress\/wp-json\/wp\/v2\/users\/1"}],"replies":[{"embeddable":true,"href":"https:\/\/www.region-schwabach.de\/wordpress\/wp-json\/wp\/v2\/comments?post=218120"}],"version-history":[{"count":0,"href":"https:\/\/www.region-schwabach.de\/wordpress\/wp-json\/wp\/v2\/posts\/218120\/revisions"}],"wp:featuredmedia":[{"embeddable":true,"href":"https:\/\/www.region-schwabach.de\/wordpress\/wp-json\/wp\/v2\/media\/218121"}],"wp:attachment":[{"href":"https:\/\/www.region-schwabach.de\/wordpress\/wp-json\/wp\/v2\/media?parent=218120"}],"wp:term":[{"taxonomy":"category","embeddable":true,"href":"https:\/\/www.region-schwabach.de\/wordpress\/wp-json\/wp\/v2\/categories?post=218120"},{"taxonomy":"post_tag","embeddable":true,"href":"https:\/\/www.region-schwabach.de\/wordpress\/wp-json\/wp\/v2\/tags?post=218120"}],"curies":[{"name":"wp","href":"https:\/\/api.w.org\/{rel}","templated":true}]}}