{"id":218212,"date":"2023-11-09T00:30:00","date_gmt":"2023-11-08T23:30:00","guid":{"rendered":"https:\/\/www.region-schwabach.de\/wordpress\/?p=218212"},"modified":"2023-11-08T23:14:09","modified_gmt":"2023-11-08T22:14:09","slug":"lesart-am-donnerstag-den-9-november-2023-um-19-30-uhr-im-burgerhaus-schwabach","status":"publish","type":"post","link":"https:\/\/www.region-schwabach.de\/wordpress\/lesart-am-donnerstag-den-9-november-2023-um-19-30-uhr-im-burgerhaus-schwabach\/","title":{"rendered":"LesArt am Donnerstag, den 9. November 2023, um 19.30 Uhr im B\u00fcrgerhaus Schwabach"},"content":{"rendered":"\t\t<div data-elementor-type=\"wp-post\" data-elementor-id=\"218212\" class=\"elementor elementor-218212\">\n\t\t\t\t\t\t<section class=\"elementor-section elementor-top-section elementor-element elementor-element-678181b elementor-section-boxed elementor-section-height-default elementor-section-height-default\" data-id=\"678181b\" data-element_type=\"section\">\n\t\t\t\t\t\t<div class=\"elementor-container elementor-column-gap-default\">\n\t\t\t\t\t<div class=\"elementor-column elementor-col-66 elementor-top-column elementor-element elementor-element-6b34026\" data-id=\"6b34026\" data-element_type=\"column\">\n\t\t\t<div class=\"elementor-widget-wrap elementor-element-populated\">\n\t\t\t\t\t\t<div class=\"elementor-element elementor-element-443ab98 elementor-widget elementor-widget-text-editor\" data-id=\"443ab98\" data-element_type=\"widget\" data-widget_type=\"text-editor.default\">\n\t\t\t\t<div class=\"elementor-widget-container\">\n\t\t\t\t\t\t\t<h3>Donnerstag, den 9. November 2023, um 19.30 Uhr im B\u00fcrgerhaus:\u00a0<br \/>Fr\u00e9d\u00e9ric Schwilden &#8211; &#8222;Toxic Man&#8220;\u00a0<\/h3><p><span style=\"font-size: 12pt;\">Schwabach &#8211;\u00a0Der Vater des Erz\u00e4hlers stirbt, er selbst heiratet. In K\u00f6ln er\u00f6ffnet seine bisher gr\u00f6\u00dfte Fotoausstellung. Der Protagonist steht vor seinem k\u00fcnstlerischen Durchbruch. Mit seiner Frau bekommt er das erste Kind und wird depressiv. Sein Cousin trinkt sich zum Organversagen, sein bester Freund verschwindet im Meer. Er selbst schl\u00e4gt seinen Kopf gegen die Wand, bis er ohnm\u00e4chtig wird. Und dann?\u00a0<\/span><\/p><p><span style=\"font-size: 12pt;\">\u201eToxic Man\u201c erz\u00e4hlt autofiktional davon, sich zu erfinden, zu pr\u00e4sentieren und fast zu vernichten. Es ist die Geschichte eines jungen Mannes, der bewundert und geliebt werden will, das Portr\u00e4t eines Antihelden, der gegen die eigenen D\u00e4monen k\u00e4mpft.\u00a0<\/span><\/p><p><span style=\"font-size: 12pt;\">Fr\u00e9d\u00e9ric Schwilden, 1988 geboren, w\u00e4chst in der Fr\u00e4nkischen Schweiz auf. Nach dem Abitur zieht er nach Berlin und wird Journalist, mittlerweile lebt Schwilden in Erlangen. Zun\u00e4chst schreibt er f\u00fcr den deutschen \u201eRolling Stone\u201c, dann arbeitet er als Redakteur im Feuilleton der \u201eWelt am Sonntag\u201c, als Reporter f\u00fcr das Fakten-Magazin \u201eFocus\u201c und schreibt seit 2018 im Politikressort der \u201eWelt\u201c. Schwilden interessiert sich vor allen Dingen f\u00fcr zeitgen\u00f6ssische Kunst, Politik und deutschen Hip-Hop. \u201eToxic Man\u201c ist sein literarisches Deb\u00fct.\u00a0<\/span><\/p><p><span style=\"font-size: 12pt;\">Vorstellen wird Fr\u00e9d\u00e9ric Schwilden sein Deb\u00fct an dem Abend im Gespr\u00e4ch mit der Poetry Slammerin, Kolumnistin und Moderatorin Kathi Mock. Auch wenn sie mit ihren unterhaltsamen und meist feministischen Texten immer noch gerne selbst auftritt, findet man Kathi Mock mittlerweile haupts\u00e4chlich als charmante Moderatorin auf den B\u00fchnen der Region.\u00a0<\/span><\/p><p><span style=\"font-size: 12pt;\">Fr\u00e9d\u00e9ric Schwilden: Toxic Man\u00a0<\/span><br \/><span style=\"font-size: 12pt;\">Piper Verlag 2023\u00a0<\/span><\/p><table style=\"border-collapse: collapse; width: 100%;\" border=\"1\"><tbody><tr><td style=\"width: 25%;\"><span style=\"font-size: 12pt;\"><a href=\"https:\/\/www.region-schwabach.de\/wordpress\/wp-content\/uploads\/2023\/11\/LesArt_2023_Schwilden_Frederic_c_Amely_Deiss-1.jpg\"><img fetchpriority=\"high\" decoding=\"async\" class=\"aligncenter size-full wp-image-218215\" src=\"https:\/\/www.region-schwabach.de\/wordpress\/wp-content\/uploads\/2023\/11\/LesArt_2023_Schwilden_Frederic_c_Amely_Deiss-1.jpg\" alt=\"\" width=\"378\" height=\"567\" srcset=\"https:\/\/www.region-schwabach.de\/wordpress\/wp-content\/uploads\/2023\/11\/LesArt_2023_Schwilden_Frederic_c_Amely_Deiss-1.jpg 378w, https:\/\/www.region-schwabach.de\/wordpress\/wp-content\/uploads\/2023\/11\/LesArt_2023_Schwilden_Frederic_c_Amely_Deiss-1-200x300.jpg 200w\" sizes=\"(max-width: 378px) 100vw, 378px\" \/><\/a>Foto: Fr\u00e9d\u00e9ric Schwilden \u00a9 Amely Deiss<\/span><\/td><td style=\"width: 50%; text-align: left; vertical-align: middle;\"><p><strong><span style=\"font-size: 12pt;\">Donnerstag, 09.11.2023, 19.30 Uhr, B\u00fcrgerhaus\u00a0<\/span><\/strong><\/p><p><strong><span style=\"font-size: 12pt;\">Lesung mit dem Schriftsteller Fr\u00e9d\u00e9ric Schwilden\u00a0 \u00a0\u00a0<\/span><\/strong><\/p><p><strong><span style=\"font-size: 12pt;\">\u201eToxic Man\u201c\u00a0<\/span><\/strong><\/p><p><a href=\"https:\/\/schwabach.de\/de\/kulturamt\/infoseiten-kulturamt\/11878-27-lesart-frederic-schwilden-toxic-man.html\" target=\"_blank\" rel=\"noopener\"><strong><span style=\"font-size: 12pt;\">Weitere Infos gibt es hier &#8230;\u00a0<\/span><\/strong><\/a><\/p><\/td><\/tr><\/tbody><\/table><h3>Weiterf\u00fchrende Links:<\/h3><p><span style=\"font-size: 12pt;\"><a href=\"https:\/\/schwabach.de\/de\/infoseiten-kulturportal\/11861-27-lesart-kartenverkauf.html\" target=\"_blank\" rel=\"noopener\">Alle Infos zum Kartenverkauf gibt es hier &#8230;\u00a0<\/a><\/span><\/p>\t\t\t\t\t\t<\/div>\n\t\t\t\t<\/div>\n\t\t\t\t<div class=\"elementor-element elementor-element-fc55cc3 elementor-widget elementor-widget-shortcode\" data-id=\"fc55cc3\" data-element_type=\"widget\" data-widget_type=\"shortcode.default\">\n\t\t\t\t<div class=\"elementor-widget-container\">\n\t\t\t\t\t<div class=\"elementor-shortcode\"><center><a href=\"https:\/\/a.partner-versicherung.de\/click.php?partner_id=19992&ad_id=441&deep=kfz-versicherung\"  target=\"_blank\"><img decoding=\"async\" src=\"https:\/\/a.partner-versicherung.de\/view.php?partner_id=19992&ad_id=441\" ><\/a><\/center><\/div>\n\t\t\t\t<\/div>\n\t\t\t\t<\/div>\n\t\t\t\t\t<\/div>\n\t\t<\/div>\n\t\t\t\t<div class=\"elementor-column elementor-col-33 elementor-top-column elementor-element elementor-element-f645137\" data-id=\"f645137\" data-element_type=\"column\">\n\t\t\t<div class=\"elementor-widget-wrap elementor-element-populated\">\n\t\t\t\t\t\t<div class=\"elementor-element elementor-element-46aa455 elementor-widget elementor-widget-heading\" data-id=\"46aa455\" data-element_type=\"widget\" data-widget_type=\"heading.default\">\n\t\t\t\t<div class=\"elementor-widget-container\">\n\t\t\t<h3 class=\"elementor-heading-title elementor-size-default\">Schnell vergleichen und sparen!<\/h3>\t\t<\/div>\n\t\t\t\t<\/div>\n\t\t\t\t<div class=\"elementor-element elementor-element-7109c22 elementor-widget elementor-widget-wp-widget-advads_ad_widget\" data-id=\"7109c22\" data-element_type=\"widget\" data-widget_type=\"wp-widget-advads_ad_widget.default\">\n\t\t\t\t<div class=\"elementor-widget-container\">\n\t\t\t<div id=\"regio-1879758669\"><div class=\"regio-adlabel\">Werbung<\/div><!-- Beginn https:\/\/www.financeads.net\/-Code --><a href=\"https:\/\/www.financeads.net\/tc.php?t=36648C236142529B\" target=\"_blank\"><img decoding=\"async\" src=\"https:\/\/www.financeads.net\/tb.php?t=36648V236142529B&https=1\" alt=\"\" border=\"0\" width=\"300\" height=\"250\"><\/a><!-- Ende https:\/\/www.financeads.net\/-Code --><\/div>\t\t<\/div>\n\t\t\t\t<\/div>\n\t\t\t\t<div class=\"elementor-element elementor-element-1c90843 elementor-widget elementor-widget-wp-widget-advads_ad_widget\" data-id=\"1c90843\" data-element_type=\"widget\" data-widget_type=\"wp-widget-advads_ad_widget.default\">\n\t\t\t\t<div class=\"elementor-widget-container\">\n\t\t\t<div id=\"regio-2714288547\"><div class=\"regio-adlabel\">Werbung<\/div><!-- Beginn https:\/\/www.financeads.net\/-Code --><a href=\"https:\/\/www.financeads.net\/tc.php?t=36648C42614510B\" target=\"_blank\"><img decoding=\"async\" src=\"https:\/\/www.financeads.net\/tb.php?t=36648V42614510B&https=1\" alt=\"\" border=\"0\" width=\"200\" height=\"300\"><\/a><!-- Ende https:\/\/www.financeads.net\/-Code --><\/div>\t\t<\/div>\n\t\t\t\t<\/div>\n\t\t\t\t<div class=\"elementor-element elementor-element-f9ebf1f elementor-widget elementor-widget-wp-widget-advads_ad_widget\" data-id=\"f9ebf1f\" data-element_type=\"widget\" data-widget_type=\"wp-widget-advads_ad_widget.default\">\n\t\t\t\t<div class=\"elementor-widget-container\">\n\t\t\t<div id=\"regio-2690237111\"><div class=\"regio-adlabel\">Werbung<\/div><!-- Beginn https:\/\/www.financeads.net\/-Code --><a href=\"https:\/\/www.financeads.net\/tc.php?t=36648C205040072B\" target=\"_blank\"><img loading=\"lazy\" decoding=\"async\" src=\"https:\/\/www.financeads.net\/tb.php?t=36648V205040072B&https=1\" alt=\"\" border=\"0\" width=\"300\" height=\"250\"><\/a><!-- Ende https:\/\/www.financeads.net\/-Code --><\/div>\t\t<\/div>\n\t\t\t\t<\/div>\n\t\t\t\t<div class=\"elementor-element elementor-element-2d72782 elementor-widget elementor-widget-wp-widget-advads_ad_widget\" data-id=\"2d72782\" data-element_type=\"widget\" data-widget_type=\"wp-widget-advads_ad_widget.default\">\n\t\t\t\t<div class=\"elementor-widget-container\">\n\t\t\t<div id=\"regio-3019650814\"><div class=\"regio-adlabel\">Werbung<\/div><!-- Beginn https:\/\/www.financeads.net\/-Code --><a href=\"https:\/\/www.financeads.net\/tc.php?t=36648C271460142B\" target=\"_blank\"><img loading=\"lazy\" decoding=\"async\" src=\"https:\/\/www.financeads.net\/tb.php?t=36648V271460142B&https=1\" alt=\"PETPROTECT_Hund&Katze_Banner\" border=\"0\" width=\"250\" height=\"250\"><\/a><!-- Ende https:\/\/www.financeads.net\/-Code --><\/div>\t\t<\/div>\n\t\t\t\t<\/div>\n\t\t\t\t\t<\/div>\n\t\t<\/div>\n\t\t\t\t\t<\/div>\n\t\t<\/section>\n\t\t\t\t<\/div>\n\t\t","protected":false},"excerpt":{"rendered":"<div class=\"mh-excerpt\"><p>Donnerstag, den 9. November 2023, um 19.30 Uhr im B\u00fcrgerhaus:\u00a0Fr\u00e9d\u00e9ric Schwilden &#8211; &#8222;Toxic Man&#8220;\u00a0 Schwabach &#8211;\u00a0Der Vater des Erz\u00e4hlers stirbt, er selbst heiratet. In K\u00f6ln er\u00f6ffnet seine bisher gr\u00f6\u00dfte Fotoausstellung. Der Protagonist steht vor seinem <a class=\"mh-excerpt-more\" href=\"https:\/\/www.region-schwabach.de\/wordpress\/lesart-am-donnerstag-den-9-november-2023-um-19-30-uhr-im-burgerhaus-schwabach\/\" title=\"LesArt am Donnerstag, den 9. November 2023, um 19.30 Uhr im B\u00fcrgerhaus Schwabach\">[&#8230;]<\/a><\/p>\n<\/div>","protected":false},"author":1,"featured_media":218213,"comment_status":"open","ping_status":"open","sticky":false,"template":"","format":"standard","meta":{"_cbd_carousel_blocks":"[]","footnotes":""},"categories":[16,287,61,231],"tags":[23875,23876,3604,23893,6364,522,311,1480,23895,19,23894],"class_list":{"0":"post-218212","1":"post","2":"type-post","3":"status-publish","4":"format-standard","5":"has-post-thumbnail","7":"category-aktuell","8":"category-jugend-und-familie","9":"category-rathaus","10":"category-veranstaltungsnews","11":"tag-09-11-2023","12":"tag-9-november-2023","13":"tag-buergerhaus","14":"tag-frederic-schwilden","15":"tag-journalist","16":"tag-koenigsplatz","17":"tag-lesart","18":"tag-rathaus","19":"tag-schriftsteller","20":"tag-schwabach","21":"tag-toxic-man"},"_links":{"self":[{"href":"https:\/\/www.region-schwabach.de\/wordpress\/wp-json\/wp\/v2\/posts\/218212","targetHints":{"allow":["GET"]}}],"collection":[{"href":"https:\/\/www.region-schwabach.de\/wordpress\/wp-json\/wp\/v2\/posts"}],"about":[{"href":"https:\/\/www.region-schwabach.de\/wordpress\/wp-json\/wp\/v2\/types\/post"}],"author":[{"embeddable":true,"href":"https:\/\/www.region-schwabach.de\/wordpress\/wp-json\/wp\/v2\/users\/1"}],"replies":[{"embeddable":true,"href":"https:\/\/www.region-schwabach.de\/wordpress\/wp-json\/wp\/v2\/comments?post=218212"}],"version-history":[{"count":0,"href":"https:\/\/www.region-schwabach.de\/wordpress\/wp-json\/wp\/v2\/posts\/218212\/revisions"}],"wp:featuredmedia":[{"embeddable":true,"href":"https:\/\/www.region-schwabach.de\/wordpress\/wp-json\/wp\/v2\/media\/218213"}],"wp:attachment":[{"href":"https:\/\/www.region-schwabach.de\/wordpress\/wp-json\/wp\/v2\/media?parent=218212"}],"wp:term":[{"taxonomy":"category","embeddable":true,"href":"https:\/\/www.region-schwabach.de\/wordpress\/wp-json\/wp\/v2\/categories?post=218212"},{"taxonomy":"post_tag","embeddable":true,"href":"https:\/\/www.region-schwabach.de\/wordpress\/wp-json\/wp\/v2\/tags?post=218212"}],"curies":[{"name":"wp","href":"https:\/\/api.w.org\/{rel}","templated":true}]}}