{"id":218377,"date":"2023-11-12T01:30:00","date_gmt":"2023-11-12T00:30:00","guid":{"rendered":"https:\/\/www.region-schwabach.de\/wordpress\/?p=218377"},"modified":"2023-11-12T00:54:02","modified_gmt":"2023-11-11T23:54:02","slug":"lesart-am-sonntag-den-12-november-2023-um-19-30-uhr-im-burgerhaus-schwabach","status":"publish","type":"post","link":"https:\/\/www.region-schwabach.de\/wordpress\/lesart-am-sonntag-den-12-november-2023-um-19-30-uhr-im-burgerhaus-schwabach\/","title":{"rendered":"LesArt am Sonntag, den 12. November 2023, um 19.30 Uhr im B\u00fcrgerhaus Schwabach"},"content":{"rendered":"\t\t<div data-elementor-type=\"wp-post\" data-elementor-id=\"218377\" class=\"elementor elementor-218377\">\n\t\t\t\t\t\t<section class=\"elementor-section elementor-top-section elementor-element elementor-element-678181b elementor-section-boxed elementor-section-height-default elementor-section-height-default\" data-id=\"678181b\" data-element_type=\"section\">\n\t\t\t\t\t\t<div class=\"elementor-container elementor-column-gap-default\">\n\t\t\t\t\t<div class=\"elementor-column elementor-col-66 elementor-top-column elementor-element elementor-element-6b34026\" data-id=\"6b34026\" data-element_type=\"column\">\n\t\t\t<div class=\"elementor-widget-wrap elementor-element-populated\">\n\t\t\t\t\t\t<div class=\"elementor-element elementor-element-443ab98 elementor-widget elementor-widget-text-editor\" data-id=\"443ab98\" data-element_type=\"widget\" data-widget_type=\"text-editor.default\">\n\t\t\t\t<div class=\"elementor-widget-container\">\n\t\t\t\t\t\t\t<h3>Sonntag, den 12. November 2023, um 19.30 Uhr im B\u00fcrgerhaus:\u00a0<br \/>Andrea Maria Schenkel &#8211; &#8222;Der Erdspiegel&#8220;\u00a0<\/h3><p><span style=\"font-size: 12pt;\">Schwabach &#8211;\u00a0Gemeinhin glauben die Leute, was der Bichel sagt. Er redet wie ein gelehrter Mann, wie ein Pfarrer oder ein studierter Doktor, und ist doch nur ein einfacher Viehh\u00e4ndler. Aber er kann erz\u00e4hlen. Der Bichel versteht es, die Leute in seinen Bann zu ziehen. Einen magischen Spiegel soll der Bichel besitzen, so h\u00f6rt man. Darin k\u00f6nne man geliebte Menschen sehen. Und der Spiegel sage einem die Zukunft voraus. Seine Kritiker schimpfen den Bichel einen Menschenf\u00e4nger, doch die meisten glauben ihm, wollen ihm glauben, dass sie ein besseres, ein leichteres Leben verdient haben. Die meisten \u2013 das sind junge M\u00e4dchen, h\u00fcbsche und flei\u00dfige T\u00f6chter armer Tagel\u00f6hner. Sie m\u00f6gen naiv und leichtgl\u00e4ubig sein, aber sie haben Tr\u00e4ume. Bis eine nach der anderen pl\u00f6tzlich verschwindet\u2026\u00a0<\/span><\/p><p><span style=\"font-size: 12pt;\">Andrea Maria Schenkel gilt als eine der renommiertesten Krimiautorinnen Deutschlands. 2006 erschien ihr Deb\u00fct \u201eTann\u00f6d\u201c \u2013 ein \u00dcberraschungserfolg, der sich \u00fcber eine Million Mal verkaufte, in zwanzig Sprachen \u00fcbersetzt und f\u00fcrs Kino verfilmt wurde sowie mit zahlreichen Preisen ausgezeichnet wurde. Schenkel, geboren 1962, lebt in Regensburg und Larchmont, einem Vorort von New York, wo sie derzeit ihr Masterstudium abschlie\u00dft. Sie lehrt am Bronx Community College und an der OTH Regensburg und schreibt regelm\u00e4\u00dfig f\u00fcr \u201eZEIT Verbrechen\u201c.\u00a0<\/span><\/p><p><span style=\"font-size: 12pt;\">Andrea Maria Schenkel: Der Erdspiegel\u00a0<\/span><br \/><span style=\"font-size: 12pt;\">Kampa Verlag 2023\u00a0<\/span><\/p><table style=\"border-collapse: collapse; width: 100%;\" border=\"1\"><tbody><tr><td style=\"width: 25%;\"><span style=\"font-size: 12pt;\"><a href=\"https:\/\/www.region-schwabach.de\/wordpress\/wp-content\/uploads\/2023\/11\/LesArt_2023_Andrea_Maria-Schenkel_c_Andrea_Herdegen-1.jpg\"><img fetchpriority=\"high\" decoding=\"async\" class=\"aligncenter size-full wp-image-218380\" src=\"https:\/\/www.region-schwabach.de\/wordpress\/wp-content\/uploads\/2023\/11\/LesArt_2023_Andrea_Maria-Schenkel_c_Andrea_Herdegen-1.jpg\" alt=\"\" width=\"666\" height=\"477\" srcset=\"https:\/\/www.region-schwabach.de\/wordpress\/wp-content\/uploads\/2023\/11\/LesArt_2023_Andrea_Maria-Schenkel_c_Andrea_Herdegen-1.jpg 666w, https:\/\/www.region-schwabach.de\/wordpress\/wp-content\/uploads\/2023\/11\/LesArt_2023_Andrea_Maria-Schenkel_c_Andrea_Herdegen-1-300x215.jpg 300w\" sizes=\"(max-width: 666px) 100vw, 666px\" \/><\/a>Foto: Andrea Maria Schenkel \u00a9 Andrea Herdegen<\/span><\/td><td style=\"width: 50%; text-align: left; vertical-align: middle;\"><p><strong><span style=\"font-size: 12pt;\">Sonntag, 12.11.2023, 19.30 Uhr, B\u00fcrgerhaus\u00a0<\/span><\/strong><\/p><p><strong><span style=\"font-size: 12pt;\">Lesung mit der Schriftstellerin Andrea Maria Schenkel\u00a0 \u00a0 \u00a0\u00a0<\/span><\/strong><\/p><p><strong><span style=\"font-size: 12pt;\">\u201eDer Erdspiegel\u201c\u00a0<\/span><\/strong><\/p><p><a href=\"https:\/\/schwabach.de\/de\/kulturamt\/infoseiten-kulturamt\/11880-27-lesart-andrea-maria-schenkel-der-erdspiegel.html\" target=\"_blank\" rel=\"noopener\"><strong><span style=\"font-size: 12pt;\">Weitere Infos gibt es hier &#8230;\u00a0<\/span><\/strong><\/a><\/p><\/td><\/tr><\/tbody><\/table><h3>Weiterf\u00fchrende Links:<\/h3><p><span style=\"font-size: 12pt;\"><a href=\"https:\/\/schwabach.de\/de\/infoseiten-kulturportal\/11861-27-lesart-kartenverkauf.html\" target=\"_blank\" rel=\"noopener\">Alle Infos zum Kartenverkauf gibt es hier &#8230;\u00a0<\/a><\/span><\/p>\t\t\t\t\t\t<\/div>\n\t\t\t\t<\/div>\n\t\t\t\t<div class=\"elementor-element elementor-element-fc55cc3 elementor-widget elementor-widget-shortcode\" data-id=\"fc55cc3\" data-element_type=\"widget\" data-widget_type=\"shortcode.default\">\n\t\t\t\t<div class=\"elementor-widget-container\">\n\t\t\t\t\t<div class=\"elementor-shortcode\"><center><a href=\"https:\/\/a.partner-versicherung.de\/click.php?partner_id=19992&ad_id=441&deep=kfz-versicherung\"  target=\"_blank\"><img decoding=\"async\" src=\"https:\/\/a.partner-versicherung.de\/view.php?partner_id=19992&ad_id=441\" ><\/a><\/center><\/div>\n\t\t\t\t<\/div>\n\t\t\t\t<\/div>\n\t\t\t\t\t<\/div>\n\t\t<\/div>\n\t\t\t\t<div class=\"elementor-column elementor-col-33 elementor-top-column elementor-element elementor-element-f645137\" data-id=\"f645137\" data-element_type=\"column\">\n\t\t\t<div class=\"elementor-widget-wrap elementor-element-populated\">\n\t\t\t\t\t\t<div class=\"elementor-element elementor-element-46aa455 elementor-widget elementor-widget-heading\" data-id=\"46aa455\" data-element_type=\"widget\" data-widget_type=\"heading.default\">\n\t\t\t\t<div class=\"elementor-widget-container\">\n\t\t\t<h3 class=\"elementor-heading-title elementor-size-default\">Schnell vergleichen und sparen!<\/h3>\t\t<\/div>\n\t\t\t\t<\/div>\n\t\t\t\t<div class=\"elementor-element elementor-element-7109c22 elementor-widget elementor-widget-wp-widget-advads_ad_widget\" data-id=\"7109c22\" data-element_type=\"widget\" data-widget_type=\"wp-widget-advads_ad_widget.default\">\n\t\t\t\t<div class=\"elementor-widget-container\">\n\t\t\t<div id=\"regio-582151531\"><div class=\"regio-adlabel\">Werbung<\/div><!-- Beginn https:\/\/www.financeads.net\/-Code --><a href=\"https:\/\/www.financeads.net\/tc.php?t=36648C236142529B\" target=\"_blank\"><img decoding=\"async\" src=\"https:\/\/www.financeads.net\/tb.php?t=36648V236142529B&https=1\" alt=\"\" border=\"0\" width=\"300\" height=\"250\"><\/a><!-- Ende https:\/\/www.financeads.net\/-Code --><\/div>\t\t<\/div>\n\t\t\t\t<\/div>\n\t\t\t\t<div class=\"elementor-element elementor-element-1c90843 elementor-widget elementor-widget-wp-widget-advads_ad_widget\" data-id=\"1c90843\" data-element_type=\"widget\" data-widget_type=\"wp-widget-advads_ad_widget.default\">\n\t\t\t\t<div class=\"elementor-widget-container\">\n\t\t\t<div id=\"regio-535903246\"><div class=\"regio-adlabel\">Werbung<\/div><!-- Beginn https:\/\/www.financeads.net\/-Code --><a href=\"https:\/\/www.financeads.net\/tc.php?t=36648C42614510B\" target=\"_blank\"><img decoding=\"async\" src=\"https:\/\/www.financeads.net\/tb.php?t=36648V42614510B&https=1\" alt=\"\" border=\"0\" width=\"200\" height=\"300\"><\/a><!-- Ende https:\/\/www.financeads.net\/-Code --><\/div>\t\t<\/div>\n\t\t\t\t<\/div>\n\t\t\t\t<div class=\"elementor-element elementor-element-f9ebf1f elementor-widget elementor-widget-wp-widget-advads_ad_widget\" data-id=\"f9ebf1f\" data-element_type=\"widget\" data-widget_type=\"wp-widget-advads_ad_widget.default\">\n\t\t\t\t<div class=\"elementor-widget-container\">\n\t\t\t<div id=\"regio-2816556612\"><div class=\"regio-adlabel\">Werbung<\/div><!-- Beginn https:\/\/www.financeads.net\/-Code --><a href=\"https:\/\/www.financeads.net\/tc.php?t=36648C205040072B\" target=\"_blank\"><img loading=\"lazy\" decoding=\"async\" src=\"https:\/\/www.financeads.net\/tb.php?t=36648V205040072B&https=1\" alt=\"\" border=\"0\" width=\"300\" height=\"250\"><\/a><!-- Ende https:\/\/www.financeads.net\/-Code --><\/div>\t\t<\/div>\n\t\t\t\t<\/div>\n\t\t\t\t<div class=\"elementor-element elementor-element-2d72782 elementor-widget elementor-widget-wp-widget-advads_ad_widget\" data-id=\"2d72782\" data-element_type=\"widget\" data-widget_type=\"wp-widget-advads_ad_widget.default\">\n\t\t\t\t<div class=\"elementor-widget-container\">\n\t\t\t<div id=\"regio-3629816691\"><div class=\"regio-adlabel\">Werbung<\/div><!-- Beginn https:\/\/www.financeads.net\/-Code --><a href=\"https:\/\/www.financeads.net\/tc.php?t=36648C271460142B\" target=\"_blank\"><img loading=\"lazy\" decoding=\"async\" src=\"https:\/\/www.financeads.net\/tb.php?t=36648V271460142B&https=1\" alt=\"PETPROTECT_Hund&Katze_Banner\" border=\"0\" width=\"250\" height=\"250\"><\/a><!-- Ende https:\/\/www.financeads.net\/-Code --><\/div>\t\t<\/div>\n\t\t\t\t<\/div>\n\t\t\t\t\t<\/div>\n\t\t<\/div>\n\t\t\t\t\t<\/div>\n\t\t<\/section>\n\t\t\t\t<\/div>\n\t\t","protected":false},"excerpt":{"rendered":"<div class=\"mh-excerpt\"><p>Sonntag, den 12. November 2023, um 19.30 Uhr im B\u00fcrgerhaus:\u00a0Andrea Maria Schenkel &#8211; &#8222;Der Erdspiegel&#8220;\u00a0 Schwabach &#8211;\u00a0Gemeinhin glauben die Leute, was der Bichel sagt. Er redet wie ein gelehrter Mann, wie ein Pfarrer oder ein <a class=\"mh-excerpt-more\" href=\"https:\/\/www.region-schwabach.de\/wordpress\/lesart-am-sonntag-den-12-november-2023-um-19-30-uhr-im-burgerhaus-schwabach\/\" title=\"LesArt am Sonntag, den 12. November 2023, um 19.30 Uhr im B\u00fcrgerhaus Schwabach\">[&#8230;]<\/a><\/p>\n<\/div>","protected":false},"author":1,"featured_media":218378,"comment_status":"open","ping_status":"open","sticky":false,"template":"","format":"standard","meta":{"_cbd_carousel_blocks":"[]","footnotes":""},"categories":[16,287,61,231],"tags":[23906,23905,23915,17482,3604,23914,522,22358,311,1480,20104,19],"class_list":{"0":"post-218377","1":"post","2":"type-post","3":"status-publish","4":"format-standard","5":"has-post-thumbnail","7":"category-aktuell","8":"category-jugend-und-familie","9":"category-rathaus","10":"category-veranstaltungsnews","11":"tag-12-november-2023","12":"tag-12-11-2023","13":"tag-andrea-maria-schenkel","14":"tag-autorin","15":"tag-buergerhaus","16":"tag-der-erdspiegel","17":"tag-koenigsplatz","18":"tag-krimiautorin","19":"tag-lesart","20":"tag-rathaus","21":"tag-schriftstellerin","22":"tag-schwabach"},"_links":{"self":[{"href":"https:\/\/www.region-schwabach.de\/wordpress\/wp-json\/wp\/v2\/posts\/218377","targetHints":{"allow":["GET"]}}],"collection":[{"href":"https:\/\/www.region-schwabach.de\/wordpress\/wp-json\/wp\/v2\/posts"}],"about":[{"href":"https:\/\/www.region-schwabach.de\/wordpress\/wp-json\/wp\/v2\/types\/post"}],"author":[{"embeddable":true,"href":"https:\/\/www.region-schwabach.de\/wordpress\/wp-json\/wp\/v2\/users\/1"}],"replies":[{"embeddable":true,"href":"https:\/\/www.region-schwabach.de\/wordpress\/wp-json\/wp\/v2\/comments?post=218377"}],"version-history":[{"count":0,"href":"https:\/\/www.region-schwabach.de\/wordpress\/wp-json\/wp\/v2\/posts\/218377\/revisions"}],"wp:featuredmedia":[{"embeddable":true,"href":"https:\/\/www.region-schwabach.de\/wordpress\/wp-json\/wp\/v2\/media\/218378"}],"wp:attachment":[{"href":"https:\/\/www.region-schwabach.de\/wordpress\/wp-json\/wp\/v2\/media?parent=218377"}],"wp:term":[{"taxonomy":"category","embeddable":true,"href":"https:\/\/www.region-schwabach.de\/wordpress\/wp-json\/wp\/v2\/categories?post=218377"},{"taxonomy":"post_tag","embeddable":true,"href":"https:\/\/www.region-schwabach.de\/wordpress\/wp-json\/wp\/v2\/tags?post=218377"}],"curies":[{"name":"wp","href":"https:\/\/api.w.org\/{rel}","templated":true}]}}