{"id":21867,"date":"2017-12-06T00:54:03","date_gmt":"2017-12-05T23:54:03","guid":{"rendered":"http:\/\/www.region-schwabach.de\/wordpress\/?p=21867"},"modified":"2017-12-06T01:05:23","modified_gmt":"2017-12-06T00:05:23","slug":"vandalismus-am-alten-friedhof-in-roethenbach-b-st-wolfgang","status":"publish","type":"post","link":"https:\/\/www.region-schwabach.de\/wordpress\/vandalismus-am-alten-friedhof-in-roethenbach-b-st-wolfgang\/","title":{"rendered":"Vandalismus am Alten Friedhof in R\u00f6thenbach b. St. Wolfgang"},"content":{"rendered":"\t\t<div data-elementor-type=\"wp-post\" data-elementor-id=\"21867\" class=\"elementor elementor-21867 elementor-bc-flex-widget\">\n\t\t\t\t\t\t<section class=\"elementor-section elementor-top-section elementor-element elementor-element-tlus4ia elementor-section-boxed elementor-section-height-default elementor-section-height-default\" data-id=\"tlus4ia\" data-element_type=\"section\">\n\t\t\t\t\t\t<div class=\"elementor-container elementor-column-gap-default\">\n\t\t\t\t\t<div class=\"elementor-column elementor-col-66 elementor-top-column elementor-element elementor-element-sphcucl\" data-id=\"sphcucl\" data-element_type=\"column\">\n\t\t\t<div class=\"elementor-widget-wrap elementor-element-populated\">\n\t\t\t\t\t\t<div class=\"elementor-element elementor-element-4f2h2af elementor-widget elementor-widget-text-editor\" data-id=\"4f2h2af\" data-element_type=\"widget\" data-widget_type=\"text-editor.default\">\n\t\t\t\t<div class=\"elementor-widget-container\">\n\t\t\t\t\t\t\t<h3>Schneise der Zerst\u00f6rung auf Friedhof<\/h3><p>Schwabach &#8211; In der Zeit zwischen Montag, den 04.12.2017 (13.00 Uhr), und Dienstag, den 05.12.2017 (14.00 Uhr), haben unbekannte Randalierer eine Schneise der Verw\u00fcstung am Alten Friedhof in der Feuchter Stra\u00dfe in R\u00f6thenbach b. St. Wolfgang hinterlassen.<\/p><h3>Zahlreiche Gr\u00e4ber besch\u00e4digt<\/h3><p>Die Randalierer haben dabei auf mindestens 17 Gr\u00e4bern die Grablaternen zerst\u00f6rt, und diese danach teilweise gegen die Grabsteine geworfen, so dass diese ebenfalls besch\u00e4digt wurden.<\/p><p>Au\u00dferdem wurden auch noch Engel und anderer Grabschmuck von den Gr\u00e4bern genommen und ebenfalls mutwillig zerst\u00f6rt.<\/p><h3>Polizei bittet um Mithilfe<\/h3><p>Personen, die verd\u00e4chtige Beobachtungen gemacht haben, werden gebeten, diese der Polizei in Schwabach unter der Rufnummer 09122-927-0 mitzuteilen.<\/p>\t\t\t\t\t\t<\/div>\n\t\t\t\t<\/div>\n\t\t\t\t<div class=\"elementor-element elementor-element-8a9f8c2 elementor-widget elementor-widget-google_maps\" data-id=\"8a9f8c2\" data-element_type=\"widget\" data-widget_type=\"google_maps.default\">\n\t\t\t\t<div class=\"elementor-widget-container\">\n\t\t\t\t\t<div class=\"elementor-custom-embed\">\n\t\t\t<iframe loading=\"lazy\"\n\t\t\t\t\tsrc=\"https:\/\/maps.google.com\/maps?q=Feuchter%20Stra%C3%9Fe%2C%20R%C3%B6thenbach%20b.%20St.%20Wolfgang%2C%20Deutschland&#038;t=m&#038;z=16&#038;output=embed&#038;iwloc=near\"\n\t\t\t\t\ttitle=\"Feuchter Stra\u00dfe, R\u00f6thenbach b. St. Wolfgang, Deutschland\"\n\t\t\t\t\taria-label=\"Feuchter Stra\u00dfe, R\u00f6thenbach b. St. Wolfgang, Deutschland\"\n\t\t\t><\/iframe>\n\t\t<\/div>\n\t\t\t\t<\/div>\n\t\t\t\t<\/div>\n\t\t\t\t\t<\/div>\n\t\t<\/div>\n\t\t\t\t<div class=\"elementor-column elementor-col-33 elementor-top-column elementor-element elementor-element-flkv3o5\" data-id=\"flkv3o5\" data-element_type=\"column\">\n\t\t\t<div class=\"elementor-widget-wrap elementor-element-populated\">\n\t\t\t\t\t\t<div class=\"elementor-element elementor-element-bpvimlk elementor-widget elementor-widget-image\" data-id=\"bpvimlk\" data-element_type=\"widget\" data-widget_type=\"image.default\">\n\t\t\t\t<div class=\"elementor-widget-container\">\n\t\t\t\t\t\t\t\t\t\t\t\t\t\t<a href=\"http:\/\/www.region-schwabach.de\/wordpress\/werben-auf-region-schwabach\/\" target=\"_blank\">\n\t\t\t\t\t\t\t<img fetchpriority=\"high\" decoding=\"async\" width=\"1024\" height=\"1024\" src=\"https:\/\/www.region-schwabach.de\/wordpress\/wp-content\/uploads\/2017\/06\/werbung8-1024x1024.png\" class=\"attachment-large size-large wp-image-2484\" alt=\"\" srcset=\"https:\/\/www.region-schwabach.de\/wordpress\/wp-content\/uploads\/2017\/06\/werbung8-1024x1024.png 1024w, https:\/\/www.region-schwabach.de\/wordpress\/wp-content\/uploads\/2017\/06\/werbung8-150x150.png 150w, https:\/\/www.region-schwabach.de\/wordpress\/wp-content\/uploads\/2017\/06\/werbung8-300x300.png 300w, https:\/\/www.region-schwabach.de\/wordpress\/wp-content\/uploads\/2017\/06\/werbung8-768x768.png 768w, https:\/\/www.region-schwabach.de\/wordpress\/wp-content\/uploads\/2017\/06\/werbung8-600x600.png 600w, https:\/\/www.region-schwabach.de\/wordpress\/wp-content\/uploads\/2017\/06\/werbung8.png 1200w\" sizes=\"(max-width: 1024px) 100vw, 1024px\" \/>\t\t\t\t\t\t\t\t<\/a>\n\t\t\t\t\t\t\t\t\t\t\t\t\t<\/div>\n\t\t\t\t<\/div>\n\t\t\t\t\t<\/div>\n\t\t<\/div>\n\t\t\t\t\t<\/div>\n\t\t<\/section>\n\t\t\t\t<\/div>\n\t\t","protected":false},"excerpt":{"rendered":"<div class=\"mh-excerpt\"><p>Schneise der Zerst\u00f6rung auf Friedhof Schwabach &#8211; In der Zeit zwischen Montag, den 04.12.2017 (13.00 Uhr), und Dienstag, den 05.12.2017 (14.00 Uhr), haben unbekannte Randalierer eine Schneise der Verw\u00fcstung am Alten Friedhof in der Feuchter <a class=\"mh-excerpt-more\" href=\"https:\/\/www.region-schwabach.de\/wordpress\/vandalismus-am-alten-friedhof-in-roethenbach-b-st-wolfgang\/\" title=\"Vandalismus am Alten Friedhof in R\u00f6thenbach b. St. Wolfgang\">[&#8230;]<\/a><\/p>\n<\/div>","protected":false},"author":1,"featured_media":21868,"comment_status":"open","ping_status":"open","sticky":false,"template":"","format":"standard","meta":{"_cbd_carousel_blocks":"[]","footnotes":""},"categories":[15],"tags":[1644,1670,1772,1770,32,1466,713,19,1325,1771],"class_list":{"0":"post-21867","1":"post","2":"type-post","3":"status-publish","4":"format-standard","5":"has-post-thumbnail","7":"category-polizeimeldungen","8":"tag-04-12-2017","9":"tag-05-12-2017","10":"tag-alter-friedhof","11":"tag-feuchter-strasse","12":"tag-roth","13":"tag-roethenbach-b-st-wolfgang","14":"tag-schaden","15":"tag-schwabach","16":"tag-vandalismus","17":"tag-verwuestung"},"_links":{"self":[{"href":"https:\/\/www.region-schwabach.de\/wordpress\/wp-json\/wp\/v2\/posts\/21867","targetHints":{"allow":["GET"]}}],"collection":[{"href":"https:\/\/www.region-schwabach.de\/wordpress\/wp-json\/wp\/v2\/posts"}],"about":[{"href":"https:\/\/www.region-schwabach.de\/wordpress\/wp-json\/wp\/v2\/types\/post"}],"author":[{"embeddable":true,"href":"https:\/\/www.region-schwabach.de\/wordpress\/wp-json\/wp\/v2\/users\/1"}],"replies":[{"embeddable":true,"href":"https:\/\/www.region-schwabach.de\/wordpress\/wp-json\/wp\/v2\/comments?post=21867"}],"version-history":[{"count":0,"href":"https:\/\/www.region-schwabach.de\/wordpress\/wp-json\/wp\/v2\/posts\/21867\/revisions"}],"wp:featuredmedia":[{"embeddable":true,"href":"https:\/\/www.region-schwabach.de\/wordpress\/wp-json\/wp\/v2\/media\/21868"}],"wp:attachment":[{"href":"https:\/\/www.region-schwabach.de\/wordpress\/wp-json\/wp\/v2\/media?parent=21867"}],"wp:term":[{"taxonomy":"category","embeddable":true,"href":"https:\/\/www.region-schwabach.de\/wordpress\/wp-json\/wp\/v2\/categories?post=21867"},{"taxonomy":"post_tag","embeddable":true,"href":"https:\/\/www.region-schwabach.de\/wordpress\/wp-json\/wp\/v2\/tags?post=21867"}],"curies":[{"name":"wp","href":"https:\/\/api.w.org\/{rel}","templated":true}]}}