{"id":21876,"date":"2017-12-06T11:50:55","date_gmt":"2017-12-06T10:50:55","guid":{"rendered":"http:\/\/www.region-schwabach.de\/wordpress\/?p=21876"},"modified":"2017-12-06T12:01:19","modified_gmt":"2017-12-06T11:01:19","slug":"parkendes-auto-in-spalt-uebersehen","status":"publish","type":"post","link":"https:\/\/www.region-schwabach.de\/wordpress\/parkendes-auto-in-spalt-uebersehen\/","title":{"rendered":"Parkendes Auto in Spalt \u00fcbersehen"},"content":{"rendered":"\t\t<div data-elementor-type=\"wp-post\" data-elementor-id=\"21876\" class=\"elementor elementor-21876 elementor-bc-flex-widget\">\n\t\t\t\t\t\t<section class=\"elementor-section elementor-top-section elementor-element elementor-element-tlus4ia elementor-section-boxed elementor-section-height-default elementor-section-height-default\" data-id=\"tlus4ia\" data-element_type=\"section\">\n\t\t\t\t\t\t<div class=\"elementor-container elementor-column-gap-default\">\n\t\t\t\t\t<div class=\"elementor-column elementor-col-66 elementor-top-column elementor-element elementor-element-sphcucl\" data-id=\"sphcucl\" data-element_type=\"column\">\n\t\t\t<div class=\"elementor-widget-wrap elementor-element-populated\">\n\t\t\t\t\t\t<div class=\"elementor-element elementor-element-4f2h2af elementor-widget elementor-widget-text-editor\" data-id=\"4f2h2af\" data-element_type=\"widget\" data-widget_type=\"text-editor.default\">\n\t\t\t\t<div class=\"elementor-widget-container\">\n\t\t\t\t\t\t\t<h3>Verkehrsunfall in Spalt<\/h3><p>Spalt &#8211; Am Dienstagmorgen, den 05.12.2017,\u00a0kam es in der\u00a0G\u00fcsseldorfer Stra\u00dfe in Spalt zu einem Verkehrsunfall, der einen Leichtverletzten und zwei arg besch\u00e4digte Fahrzeuge zur Folge hatte.<\/p><h3>Parkenden PKW am Stra\u00dfenrand \u00fcbersehen<\/h3><p>Bei dem Unfall \u00fcbersah ein 24-j\u00e4hriger Golf-Fahrer einen am rechten Stra\u00dfenrand ordnungsgem\u00e4\u00df geparkten Audi, und fuhr diesem ins Heck. Gl\u00fccklicherweise trug der junge Mann nur leichtere Verletzungen davon, der Schaden an beiden beteiligten Fahrzeugen summiert sich auf deutlich \u00fcber 5.000 Euro.<\/p>\t\t\t\t\t\t<\/div>\n\t\t\t\t<\/div>\n\t\t\t\t<div class=\"elementor-element elementor-element-8a9f8c2 elementor-widget elementor-widget-google_maps\" data-id=\"8a9f8c2\" data-element_type=\"widget\" data-widget_type=\"google_maps.default\">\n\t\t\t\t<div class=\"elementor-widget-container\">\n\t\t\t\t\t<div class=\"elementor-custom-embed\">\n\t\t\t<iframe loading=\"lazy\"\n\t\t\t\t\tsrc=\"https:\/\/maps.google.com\/maps?q=G%C3%BCsseldorfer%20Stra%C3%9Fe%2C%20Spalt%2C%20Deutschland&#038;t=m&#038;z=16&#038;output=embed&#038;iwloc=near\"\n\t\t\t\t\ttitle=\"G\u00fcsseldorfer Stra\u00dfe, Spalt, Deutschland\"\n\t\t\t\t\taria-label=\"G\u00fcsseldorfer Stra\u00dfe, Spalt, Deutschland\"\n\t\t\t><\/iframe>\n\t\t<\/div>\n\t\t\t\t<\/div>\n\t\t\t\t<\/div>\n\t\t\t\t\t<\/div>\n\t\t<\/div>\n\t\t\t\t<div class=\"elementor-column elementor-col-33 elementor-top-column elementor-element elementor-element-flkv3o5\" data-id=\"flkv3o5\" data-element_type=\"column\">\n\t\t\t<div class=\"elementor-widget-wrap elementor-element-populated\">\n\t\t\t\t\t\t<div class=\"elementor-element elementor-element-bpvimlk elementor-widget elementor-widget-image\" data-id=\"bpvimlk\" data-element_type=\"widget\" data-widget_type=\"image.default\">\n\t\t\t\t<div class=\"elementor-widget-container\">\n\t\t\t\t\t\t\t\t\t\t\t\t\t\t<a href=\"http:\/\/www.region-schwabach.de\/wordpress\/werben-auf-region-schwabach\/\" target=\"_blank\">\n\t\t\t\t\t\t\t<img fetchpriority=\"high\" decoding=\"async\" width=\"1024\" height=\"1024\" src=\"https:\/\/www.region-schwabach.de\/wordpress\/wp-content\/uploads\/2017\/06\/werbung8-1024x1024.png\" class=\"attachment-large size-large wp-image-2484\" alt=\"\" srcset=\"https:\/\/www.region-schwabach.de\/wordpress\/wp-content\/uploads\/2017\/06\/werbung8-1024x1024.png 1024w, https:\/\/www.region-schwabach.de\/wordpress\/wp-content\/uploads\/2017\/06\/werbung8-150x150.png 150w, https:\/\/www.region-schwabach.de\/wordpress\/wp-content\/uploads\/2017\/06\/werbung8-300x300.png 300w, https:\/\/www.region-schwabach.de\/wordpress\/wp-content\/uploads\/2017\/06\/werbung8-768x768.png 768w, https:\/\/www.region-schwabach.de\/wordpress\/wp-content\/uploads\/2017\/06\/werbung8-600x600.png 600w, https:\/\/www.region-schwabach.de\/wordpress\/wp-content\/uploads\/2017\/06\/werbung8.png 1200w\" sizes=\"(max-width: 1024px) 100vw, 1024px\" \/>\t\t\t\t\t\t\t\t<\/a>\n\t\t\t\t\t\t\t\t\t\t\t\t\t<\/div>\n\t\t\t\t<\/div>\n\t\t\t\t\t<\/div>\n\t\t<\/div>\n\t\t\t\t\t<\/div>\n\t\t<\/section>\n\t\t\t\t<\/div>\n\t\t","protected":false},"excerpt":{"rendered":"<div class=\"mh-excerpt\"><p>Verkehrsunfall in Spalt Spalt &#8211; Am Dienstagmorgen, den 05.12.2017,\u00a0kam es in der\u00a0G\u00fcsseldorfer Stra\u00dfe in Spalt zu einem Verkehrsunfall, der einen Leichtverletzten und zwei arg besch\u00e4digte Fahrzeuge zur Folge hatte. Parkenden PKW am Stra\u00dfenrand \u00fcbersehen Bei <a class=\"mh-excerpt-more\" href=\"https:\/\/www.region-schwabach.de\/wordpress\/parkendes-auto-in-spalt-uebersehen\/\" title=\"Parkendes Auto in Spalt \u00fcbersehen\">[&#8230;]<\/a><\/p>\n<\/div>","protected":false},"author":1,"featured_media":21877,"comment_status":"open","ping_status":"open","sticky":false,"template":"","format":"standard","meta":{"_cbd_carousel_blocks":"[]","footnotes":""},"categories":[15],"tags":[1670,1777,463,32,401,713,628,1776,334,584],"class_list":{"0":"post-21876","1":"post","2":"type-post","3":"status-publish","4":"format-standard","5":"has-post-thumbnail","7":"category-polizeimeldungen","8":"tag-05-12-2017","9":"tag-guesseldorfer-strasse","10":"tag-pkw","11":"tag-roth","12":"tag-sachschaden","13":"tag-schaden","14":"tag-spalt","15":"tag-strassenrand","16":"tag-unfall","17":"tag-zusammenstoss"},"_links":{"self":[{"href":"https:\/\/www.region-schwabach.de\/wordpress\/wp-json\/wp\/v2\/posts\/21876","targetHints":{"allow":["GET"]}}],"collection":[{"href":"https:\/\/www.region-schwabach.de\/wordpress\/wp-json\/wp\/v2\/posts"}],"about":[{"href":"https:\/\/www.region-schwabach.de\/wordpress\/wp-json\/wp\/v2\/types\/post"}],"author":[{"embeddable":true,"href":"https:\/\/www.region-schwabach.de\/wordpress\/wp-json\/wp\/v2\/users\/1"}],"replies":[{"embeddable":true,"href":"https:\/\/www.region-schwabach.de\/wordpress\/wp-json\/wp\/v2\/comments?post=21876"}],"version-history":[{"count":0,"href":"https:\/\/www.region-schwabach.de\/wordpress\/wp-json\/wp\/v2\/posts\/21876\/revisions"}],"wp:featuredmedia":[{"embeddable":true,"href":"https:\/\/www.region-schwabach.de\/wordpress\/wp-json\/wp\/v2\/media\/21877"}],"wp:attachment":[{"href":"https:\/\/www.region-schwabach.de\/wordpress\/wp-json\/wp\/v2\/media?parent=21876"}],"wp:term":[{"taxonomy":"category","embeddable":true,"href":"https:\/\/www.region-schwabach.de\/wordpress\/wp-json\/wp\/v2\/categories?post=21876"},{"taxonomy":"post_tag","embeddable":true,"href":"https:\/\/www.region-schwabach.de\/wordpress\/wp-json\/wp\/v2\/tags?post=21876"}],"curies":[{"name":"wp","href":"https:\/\/api.w.org\/{rel}","templated":true}]}}