{"id":219235,"date":"2023-11-23T01:30:00","date_gmt":"2023-11-23T00:30:00","guid":{"rendered":"https:\/\/www.region-schwabach.de\/wordpress\/?p=219235"},"modified":"2023-11-23T01:52:54","modified_gmt":"2023-11-23T00:52:54","slug":"vhs-vortrag-550-jahre-nicolaus-copernicus-und-die-copernicanische-wende-am-donnerstag-den-23-november-2023","status":"publish","type":"post","link":"https:\/\/www.region-schwabach.de\/wordpress\/vhs-vortrag-550-jahre-nicolaus-copernicus-und-die-copernicanische-wende-am-donnerstag-den-23-november-2023\/","title":{"rendered":"vhs-Vortrag &#8222;550 Jahre Nicolaus Copernicus und die copernicanische Wende&#8220; am Donnerstag, den 23. November 2023"},"content":{"rendered":"\t\t<div data-elementor-type=\"wp-post\" data-elementor-id=\"219235\" class=\"elementor elementor-219235\">\n\t\t\t\t\t\t<section class=\"elementor-section elementor-top-section elementor-element elementor-element-678181b elementor-section-boxed elementor-section-height-default elementor-section-height-default\" data-id=\"678181b\" data-element_type=\"section\">\n\t\t\t\t\t\t<div class=\"elementor-container elementor-column-gap-default\">\n\t\t\t\t\t<div class=\"elementor-column elementor-col-50 elementor-top-column elementor-element elementor-element-6b34026\" data-id=\"6b34026\" data-element_type=\"column\">\n\t\t\t<div class=\"elementor-widget-wrap elementor-element-populated\">\n\t\t\t\t\t\t<div class=\"elementor-element elementor-element-5fea1cd elementor-widget elementor-widget-wp-widget-advads_ad_widget\" data-id=\"5fea1cd\" data-element_type=\"widget\" data-widget_type=\"wp-widget-advads_ad_widget.default\">\n\t\t\t\t<div class=\"elementor-widget-container\">\n\t\t\t<div id=\"regio-2566580406\"><div class=\"regio-adlabel\">Werbung<\/div><center><a href=\"https:\/\/a.partner-versicherung.de\/click.php?partner_id=19992&ad_id=1578&deep=kreditkarten\"  target=\"_blank\"><img decoding=\"async\" src=\"https:\/\/a.partner-versicherung.de\/view.php?partner_id=19992&ad_id=1578\" ><\/a><\/center><\/div>\t\t<\/div>\n\t\t\t\t<\/div>\n\t\t\t\t<div class=\"elementor-element elementor-element-443ab98 elementor-widget elementor-widget-text-editor\" data-id=\"443ab98\" data-element_type=\"widget\" data-widget_type=\"text-editor.default\">\n\t\t\t\t<div class=\"elementor-widget-container\">\n\t\t\t\t\t\t\t<h3 class=\"entry-title\"><span id=\"page3R_mcid11\" class=\"markedContent\"><span dir=\"ltr\" role=\"presentation\">vhs<\/span><span dir=\"ltr\" role=\"presentation\">&#8211;<\/span><span dir=\"ltr\" role=\"presentation\">Vortrag am Donnerstag, den 23. November 2023, um 19.00 Uhr im B\u00fcrgerhaus:\u00a0<br \/><\/span><\/span>550 Jahre Nicolaus Copernicus und die copernicanische Wende\u00a0<\/h3><p><span style=\"font-size: 12pt;\">Schwabach &#8211;\u00a0Der im Jahr 1473 in Thorn geborene Erml\u00e4nder Astronom Nicolaus Copernicus gilt als Revolution\u00e4r des Weltbildes schlechthin. Kant, Goethe, Nietzsche und Freud r\u00fchmen den epochalen Umbruch in der Denkart. Doch was ist der astronomische Kern des \u00dcbergangs vom geozentrischen Weltbild mit der Erde in der Mitte zum heliozentrischen mit den die Sonne umkreisenden Planeten? Was genau st\u00f6rte Copernicus am ptolem\u00e4ischen Weltbild der Antike? Warum konnte er sein Weltsystem nicht beweisen und was waren die Argumente pro und contra?\u00a0<\/span><\/p><p><span style=\"font-size: 12pt;\">Als Copernicus in seinem Todesjahr 1543 sein Hauptwerk &#8222;Von den Uml\u00e4ufen der himmlischen Sph\u00e4ren&#8220; unterhalb der N\u00fcrnberger Kaiserburg herausbrachte, wollte er damit belegen, dass eine Vielzahl scheinbarer Bewegungen am Himmel aus einer einzigen Ursache heraus erkl\u00e4rt werden konnte: der Bewegung der Erde. Dies war nicht v\u00f6llig neu, aber noch nie war ordentlich durchgerechnet worden, dass dies vom mathematischen Standpunkt durchaus eine legitime Alternative war zur vorherrschenden Auffassung der die Erde umkreisenden Gestirne. Doch eine gro\u00dfe Schw\u00e4che blieb noch zu beheben, denn von dieser dann ja doppelten Erdbewegung &#8211; der Rotation um die Erdachse und dem Umlauf um die Sonne &#8211; war auf der Erde nichts zu bemerken. <\/span><\/p><p><span style=\"font-size: 12pt;\">W\u00e4re die heliozentrische Theorie aber richtig, m\u00fcsste sich die Erde ja mit \u00fcber 100.000 km\/h um die Sonne bewegen, was in unserer Atmosph\u00e4re enorme St\u00fcrme zur Folge haben sollte. Und w\u00fcrde ein Schwabacher nur eine Sekunde ohne Bodenkontakt springen, sollte der rotierende Erdk\u00f6rper derweil 300 Meter nach Osten gerast sein. Bei den hohen Geschwindigkeiten m\u00fcsste hier auf Erden alles in den Himmel geschleudert werden, was ganz offensichtlich nicht der Fall ist. Irgendetwas stimmte also an der copernicanischen Lehre noch nicht und einige grundlegende Probleme waren noch zu l\u00f6sen.\u00a0<\/span><\/p><p><span style=\"font-size: 12pt;\">Der Vortrag diskutiert die copernicanische Wende mit den Beobachtungen und Modellen in ihrem historischen Zusammenhang und macht sichtbar, welche Rolle der Frauenburger Astronom zwischen Mittelalter und der Neuzeit spielte und was seine Leistung f\u00fcr die copernicanische Wende war.\u00a0<\/span><\/p><p><span style=\"font-size: 12pt;\">Der Referent, Pierre Leich, organisierte eine Kunstmesse, ein Stadtjubil\u00e4um und eine Theatersport-WM. Er war 20 Jahre Projektleiter der Langen Nacht der Wissenschaften N\u00fcrnberg-F\u00fcrth-Erlangen. Als Astronomiehistoriker publiziert er seit 1995, ist Kurator der Astronomischen Gesellschaft in der Metropolregion N\u00fcrnberg und Pr\u00e4sident der Simon Marius Gesellschaft.\u00a0<\/span><\/p><div class=\"fieldsattachment after_article\"><div class=\"idgroup_6 group_container\"><span style=\"font-size: 12pt;\"><span class=\"markedContent\"><span dir=\"ltr\" role=\"presentation\">Informatio<\/span><span dir=\"ltr\" role=\"presentation\">n und Anmeldung (Kursnummer 232-10000<\/span><\/span><span id=\"page3R_mcid15\" class=\"markedContent\"><span dir=\"ltr\" role=\"presentation\">) zu dem Vortrag: Volkshochschule <\/span><span dir=\"ltr\" role=\"presentation\">Schwabach, Telefon 09122 860<\/span><span dir=\"ltr\" role=\"presentation\">&#8211;<\/span><span dir=\"ltr\" role=\"presentation\">204 oder E<\/span><span dir=\"ltr\" role=\"presentation\">&#8211;<\/span><span dir=\"ltr\" role=\"presentation\">Mail vhs@schwabach.de sowie <\/span><span dir=\"ltr\" role=\"presentation\">unter <a href=\"http:\/\/www.vhs.schwabach.de\" target=\"_blank\" rel=\"noopener\">www.vhs.schwabach.de<\/a>.\u00a0<\/span><\/span><\/span><\/div><div>\u00a0<\/div><div><a dir=\"ltr\" style=\"font-size: 12pt;\" href=\"https:\/\/www.vhs.schwabach.de\/programm\/gesellschaft\/kurs\/550-Jahre-Nicolaus-Copernicus-und-die-copernicanische-Wende-Vortrag\/232-10000#inhalt\" target=\"_blank\" rel=\"noopener\">Bitte hier anmelden\u00a0<\/a><\/div><div>\u00a0<\/div><\/div><p><span style=\"font-size: 12pt;\"><a href=\"https:\/\/www.vhs.schwabach.de\/programm\/gesellschaft\/kurs\/550-Jahre-Nicolaus-Copernicus-und-die-copernicanische-Wende-Vortrag\/232-10000#inhalt\" target=\"_blank\" rel=\"noopener\">Weitere Infos zu diesem Vortrag gibt es hier &#8230;<\/a><\/span><\/p>\t\t\t\t\t\t<\/div>\n\t\t\t\t<\/div>\n\t\t\t\t<div class=\"elementor-element elementor-element-7cc9469 elementor-widget elementor-widget-shortcode\" data-id=\"7cc9469\" data-element_type=\"widget\" data-widget_type=\"shortcode.default\">\n\t\t\t\t<div class=\"elementor-widget-container\">\n\t\t\t\t\t<div class=\"elementor-shortcode\"><center><a href=\"https:\/\/a.partner-versicherung.de\/click.php?partner_id=19992&ad_id=441&deep=kfz-versicherung\"  target=\"_blank\"><img decoding=\"async\" src=\"https:\/\/a.partner-versicherung.de\/view.php?partner_id=19992&ad_id=441\" ><\/a><\/center><\/div>\n\t\t\t\t<\/div>\n\t\t\t\t<\/div>\n\t\t\t\t<div class=\"elementor-element elementor-element-0c834d7 elementor-widget-divider--view-line elementor-widget elementor-widget-divider\" data-id=\"0c834d7\" data-element_type=\"widget\" data-widget_type=\"divider.default\">\n\t\t\t\t<div class=\"elementor-widget-container\">\n\t\t\t\t\t<div class=\"elementor-divider\">\n\t\t\t<span class=\"elementor-divider-separator\">\n\t\t\t\t\t\t<\/span>\n\t\t<\/div>\n\t\t\t\t<\/div>\n\t\t\t\t<\/div>\n\t\t\t\t<div class=\"elementor-element elementor-element-325f51f elementor-widget elementor-widget-google_maps\" data-id=\"325f51f\" data-element_type=\"widget\" data-widget_type=\"google_maps.default\">\n\t\t\t\t<div class=\"elementor-widget-container\">\n\t\t\t\t\t<div class=\"elementor-custom-embed\">\n\t\t\t<iframe loading=\"lazy\"\n\t\t\t\t\tsrc=\"https:\/\/maps.google.com\/maps?q=Synagogengasse%206%2C%20Schwabach%2C%20Deutschland&#038;t=m&#038;z=18&#038;output=embed&#038;iwloc=near\"\n\t\t\t\t\ttitle=\"Synagogengasse 6, Schwabach, Deutschland\"\n\t\t\t\t\taria-label=\"Synagogengasse 6, Schwabach, Deutschland\"\n\t\t\t><\/iframe>\n\t\t<\/div>\n\t\t\t\t<\/div>\n\t\t\t\t<\/div>\n\t\t\t\t\t<\/div>\n\t\t<\/div>\n\t\t\t\t<div class=\"elementor-column elementor-col-50 elementor-top-column elementor-element elementor-element-f141625\" data-id=\"f141625\" data-element_type=\"column\">\n\t\t\t<div class=\"elementor-widget-wrap elementor-element-populated\">\n\t\t\t\t\t\t<div class=\"elementor-element elementor-element-aa635e8 elementor-widget elementor-widget-heading\" data-id=\"aa635e8\" data-element_type=\"widget\" data-widget_type=\"heading.default\">\n\t\t\t\t<div class=\"elementor-widget-container\">\n\t\t\t<h3 class=\"elementor-heading-title elementor-size-default\">Schnell vergleichen und sparen!<\/h3>\t\t<\/div>\n\t\t\t\t<\/div>\n\t\t\t\t<div class=\"elementor-element elementor-element-380778c elementor-widget elementor-widget-wp-widget-advads_ad_widget\" data-id=\"380778c\" data-element_type=\"widget\" data-widget_type=\"wp-widget-advads_ad_widget.default\">\n\t\t\t\t<div class=\"elementor-widget-container\">\n\t\t\t<div id=\"regio-1762428919\"><div class=\"regio-adlabel\">Werbung<\/div><!-- Beginn https:\/\/www.financeads.net\/-Code --><a href=\"https:\/\/www.financeads.net\/tc.php?t=36648C236142529B\" target=\"_blank\"><img fetchpriority=\"high\" decoding=\"async\" src=\"https:\/\/www.financeads.net\/tb.php?t=36648V236142529B&https=1\" alt=\"\" border=\"0\" width=\"300\" height=\"250\"><\/a><!-- Ende https:\/\/www.financeads.net\/-Code --><\/div>\t\t<\/div>\n\t\t\t\t<\/div>\n\t\t\t\t<div class=\"elementor-element elementor-element-bd26aa5 elementor-widget elementor-widget-wp-widget-advads_ad_widget\" data-id=\"bd26aa5\" data-element_type=\"widget\" data-widget_type=\"wp-widget-advads_ad_widget.default\">\n\t\t\t\t<div class=\"elementor-widget-container\">\n\t\t\t<div id=\"regio-44637553\"><div class=\"regio-adlabel\">Werbung<\/div><!-- Beginn https:\/\/www.financeads.net\/-Code --><a href=\"https:\/\/www.financeads.net\/tc.php?t=36648C42614510B\" target=\"_blank\"><img decoding=\"async\" src=\"https:\/\/www.financeads.net\/tb.php?t=36648V42614510B&https=1\" alt=\"\" border=\"0\" width=\"200\" height=\"300\"><\/a><!-- Ende https:\/\/www.financeads.net\/-Code --><\/div>\t\t<\/div>\n\t\t\t\t<\/div>\n\t\t\t\t<div class=\"elementor-element elementor-element-abfc6b5 elementor-widget elementor-widget-wp-widget-advads_ad_widget\" data-id=\"abfc6b5\" data-element_type=\"widget\" data-widget_type=\"wp-widget-advads_ad_widget.default\">\n\t\t\t\t<div class=\"elementor-widget-container\">\n\t\t\t<div id=\"regio-4127435842\"><div class=\"regio-adlabel\">Werbung<\/div><!-- Beginn https:\/\/www.financeads.net\/-Code --><a href=\"https:\/\/www.financeads.net\/tc.php?t=36648C205040072B\" target=\"_blank\"><img decoding=\"async\" src=\"https:\/\/www.financeads.net\/tb.php?t=36648V205040072B&https=1\" alt=\"\" border=\"0\" width=\"300\" height=\"250\"><\/a><!-- Ende https:\/\/www.financeads.net\/-Code --><\/div>\t\t<\/div>\n\t\t\t\t<\/div>\n\t\t\t\t<div class=\"elementor-element elementor-element-9b68655 elementor-widget elementor-widget-wp-widget-advads_ad_widget\" data-id=\"9b68655\" data-element_type=\"widget\" data-widget_type=\"wp-widget-advads_ad_widget.default\">\n\t\t\t\t<div class=\"elementor-widget-container\">\n\t\t\t<div id=\"regio-2173208685\"><div class=\"regio-adlabel\">Werbung<\/div><!-- Beginn https:\/\/www.financeads.net\/-Code --><a href=\"https:\/\/www.financeads.net\/tc.php?t=36648C271460142B\" target=\"_blank\"><img loading=\"lazy\" decoding=\"async\" src=\"https:\/\/www.financeads.net\/tb.php?t=36648V271460142B&https=1\" alt=\"PETPROTECT_Hund&Katze_Banner\" border=\"0\" width=\"250\" height=\"250\"><\/a><!-- Ende https:\/\/www.financeads.net\/-Code --><\/div>\t\t<\/div>\n\t\t\t\t<\/div>\n\t\t\t\t\t<\/div>\n\t\t<\/div>\n\t\t\t\t\t<\/div>\n\t\t<\/section>\n\t\t\t\t<\/div>\n\t\t","protected":false},"excerpt":{"rendered":"<div class=\"mh-excerpt\"><p>vhs-Vortrag am Donnerstag, den 23. November 2023, um 19.00 Uhr im B\u00fcrgerhaus:\u00a0550 Jahre Nicolaus Copernicus und die copernicanische Wende\u00a0 Schwabach &#8211;\u00a0Der im Jahr 1473 in Thorn geborene Erml\u00e4nder Astronom Nicolaus Copernicus gilt als Revolution\u00e4r des <a class=\"mh-excerpt-more\" href=\"https:\/\/www.region-schwabach.de\/wordpress\/vhs-vortrag-550-jahre-nicolaus-copernicus-und-die-copernicanische-wende-am-donnerstag-den-23-november-2023\/\" title=\"vhs-Vortrag &#8222;550 Jahre Nicolaus Copernicus und die copernicanische Wende&#8220; am Donnerstag, den 23. November 2023\">[&#8230;]<\/a><\/p>\n<\/div>","protected":false},"author":1,"featured_media":219236,"comment_status":"open","ping_status":"open","sticky":false,"template":"","format":"standard","meta":{"_cbd_carousel_blocks":"[]","footnotes":""},"categories":[16,78,287,4306,61,203,231],"tags":[23987,24005,23998,8585,522,23988,1480,19,3012,3151,1281,7420,73],"class_list":{"0":"post-219235","1":"post","2":"type-post","3":"status-publish","4":"format-standard","5":"has-post-thumbnail","7":"category-aktuell","8":"category-handel-und-wirtschaft","9":"category-jugend-und-familie","10":"category-ratgeber","11":"category-rathaus","12":"category-umwelt-nachrichten","13":"category-veranstaltungsnews","14":"tag-550-jahre-nicolaus-copernicus-und-die-copernicanische-wende","15":"tag-23-november-2023","16":"tag-23-11-2023","17":"tag-info-veranstaltung","18":"tag-koenigsplatz","19":"tag-pierre-leich","20":"tag-rathaus","21":"tag-schwabach","22":"tag-stadt","23":"tag-stadt-schwabach","24":"tag-vhs","25":"tag-vhs-schwabach","26":"tag-volkshochschule"},"_links":{"self":[{"href":"https:\/\/www.region-schwabach.de\/wordpress\/wp-json\/wp\/v2\/posts\/219235","targetHints":{"allow":["GET"]}}],"collection":[{"href":"https:\/\/www.region-schwabach.de\/wordpress\/wp-json\/wp\/v2\/posts"}],"about":[{"href":"https:\/\/www.region-schwabach.de\/wordpress\/wp-json\/wp\/v2\/types\/post"}],"author":[{"embeddable":true,"href":"https:\/\/www.region-schwabach.de\/wordpress\/wp-json\/wp\/v2\/users\/1"}],"replies":[{"embeddable":true,"href":"https:\/\/www.region-schwabach.de\/wordpress\/wp-json\/wp\/v2\/comments?post=219235"}],"version-history":[{"count":0,"href":"https:\/\/www.region-schwabach.de\/wordpress\/wp-json\/wp\/v2\/posts\/219235\/revisions"}],"wp:featuredmedia":[{"embeddable":true,"href":"https:\/\/www.region-schwabach.de\/wordpress\/wp-json\/wp\/v2\/media\/219236"}],"wp:attachment":[{"href":"https:\/\/www.region-schwabach.de\/wordpress\/wp-json\/wp\/v2\/media?parent=219235"}],"wp:term":[{"taxonomy":"category","embeddable":true,"href":"https:\/\/www.region-schwabach.de\/wordpress\/wp-json\/wp\/v2\/categories?post=219235"},{"taxonomy":"post_tag","embeddable":true,"href":"https:\/\/www.region-schwabach.de\/wordpress\/wp-json\/wp\/v2\/tags?post=219235"}],"curies":[{"name":"wp","href":"https:\/\/api.w.org\/{rel}","templated":true}]}}