{"id":219368,"date":"2023-11-25T01:00:00","date_gmt":"2023-11-25T00:00:00","guid":{"rendered":"https:\/\/www.region-schwabach.de\/wordpress\/?p=219368"},"modified":"2023-11-25T02:12:46","modified_gmt":"2023-11-25T01:12:46","slug":"schwabacher-jugendforum-am-samstag-den-25-november-2023-im-akg","status":"publish","type":"post","link":"https:\/\/www.region-schwabach.de\/wordpress\/schwabacher-jugendforum-am-samstag-den-25-november-2023-im-akg\/","title":{"rendered":"Schwabacher Jugendforum am Samstag, den 25. November 2023 im AKG"},"content":{"rendered":"\t\t<div data-elementor-type=\"wp-post\" data-elementor-id=\"219368\" class=\"elementor elementor-219368\">\n\t\t\t\t\t\t<section class=\"elementor-section elementor-top-section elementor-element elementor-element-e04de7f elementor-section-boxed elementor-section-height-default elementor-section-height-default\" data-id=\"e04de7f\" data-element_type=\"section\">\n\t\t\t\t\t\t<div class=\"elementor-container elementor-column-gap-default\">\n\t\t\t\t\t<div class=\"elementor-column elementor-col-50 elementor-top-column elementor-element elementor-element-0e30e33\" data-id=\"0e30e33\" data-element_type=\"column\">\n\t\t\t<div class=\"elementor-widget-wrap elementor-element-populated\">\n\t\t\t\t\t\t<div class=\"elementor-element elementor-element-a547771 elementor-widget elementor-widget-wp-widget-advads_ad_widget\" data-id=\"a547771\" data-element_type=\"widget\" data-widget_type=\"wp-widget-advads_ad_widget.default\">\n\t\t\t\t<div class=\"elementor-widget-container\">\n\t\t\t<div id=\"regio-51534651\"><div class=\"regio-adlabel\">Werbung<\/div><center><a href=\"https:\/\/a.partner-versicherung.de\/click.php?partner_id=19992&ad_id=1578&deep=kreditkarten\"  target=\"_blank\"><img decoding=\"async\" src=\"https:\/\/a.partner-versicherung.de\/view.php?partner_id=19992&ad_id=1578\" ><\/a><\/center><\/div>\t\t<\/div>\n\t\t\t\t<\/div>\n\t\t\t\t<div class=\"elementor-element elementor-element-1331cc3 elementor-widget elementor-widget-text-editor\" data-id=\"1331cc3\" data-element_type=\"widget\" data-widget_type=\"text-editor.default\">\n\t\t\t\t<div class=\"elementor-widget-container\">\n\t\t\t\t\t\t\t<h3><span class=\"markedContent\"><span dir=\"ltr\" role=\"presentation\">Samstag, den 25. November 2023, ab 11.00 Uhr im <strong>Adam-Kraft-Gymnasium in der Bismarckstra\u00dfe in Schwabach\u00a0<br \/><\/strong><\/span><\/span>\u201eSchwabacher Jugendforum\u201c\u00a0<\/h3><p><span style=\"font-size: 12pt;\">Schwabach &#8211; Oberb\u00fcrgermeister Peter Rei\u00df, die Kommunale Jugendarbeit und der Stadtjugendring laden alle junge Menschen im Alter von zw\u00f6lf bis 21 Jahren ein beim zweiten Schwabacher Jugendforum dabei zu sein.<\/span><\/p><div class=\"articleBody\"><h3><strong>Mit!reden und mit!gestalten ist angesagt:<\/strong>\u00a0<\/h3><p><span style=\"font-size: 12pt;\">In den verschiedenen Workshops zu den Themen Nachhaltigkeit, Freizeit &amp; Nachtleben, Spiel- und Bolzpl\u00e4tze und vieles mehr, k\u00f6nnt ihr eure Ideen und Visionen f\u00fcr die Stadt mit Vertretenden aus Verwaltung und Politik diskutieren und planen. Dar\u00fcber hinaus werden Projekte von und f\u00fcr junge Menschen aus ganz Schwabach vorgestellt.<\/span><\/p><p><span style=\"font-size: 12pt;\"><strong>F\u00fcr die Verpflegung ist vor Ort gesorgt.<\/strong><\/span><\/p><p><span style=\"font-size: 12pt;\">Wer beim Jugendforum ein bestimmtes Thema einbringen oder einen Wunsch \u00e4u\u00dfern m\u00f6chte, kann bereits jetzt \u00fcber folgenden Link Kontakt aufnehmen\u00a0<a href=\"https:\/\/service-on.schwabach.de\/schwabach\/form\/alias\/153\/jugendforum2023\/\" target=\"_blank\" rel=\"noopener\">https:\/\/service-on.schwabach.de\/schwabach\/form\/alias\/153\/jugendforum2023\/<\/a> oder direkt eine Nachricht via Mail oder Whatsapp schreiben.\u00a0<\/span><\/p><\/div><h3>Weiterf\u00fchrende Links:<\/h3><p><span style=\"font-size: 12pt;\"><a href=\"https:\/\/schwabach.de\/\/de\/stadtverwaltung\/referat-2-recht-soziales-und-umwelt\/156-amt-fuer-jugend-und-familie\/160-einrichtungen-und-sachgebiete-vom-amt-fuer-jugend-und-familie\/297-kommunale-jugendarbeit\/487-neues-von-der-kommunalen-jugendarbeit\/11924-2-schwabacher-jugendforum.html\" target=\"_blank\" rel=\"noopener\">Weitere Infos zum Schwabacher Jugendforum gibt es hier &#8230;\u00a0<\/a><\/span><\/p><p><a href=\"https:\/\/schwabach.de\/images\/referate\/referat_2\/Kommunale_Jugendarbeit\/Plakat_Jugendforum.PNG\" target=\"_blank\" rel=\"noopener\"><strong><span style=\"font-size: 12pt;\">Das Plakat zum Schwabacher Jugendforum zum Download gibt es hier &#8230;\u00a0\u00a0<\/span><\/strong><\/a><\/p>\t\t\t\t\t\t<\/div>\n\t\t\t\t<\/div>\n\t\t\t\t<div class=\"elementor-element elementor-element-2cd8ba4 elementor-widget elementor-widget-shortcode\" data-id=\"2cd8ba4\" data-element_type=\"widget\" data-widget_type=\"shortcode.default\">\n\t\t\t\t<div class=\"elementor-widget-container\">\n\t\t\t\t\t<div class=\"elementor-shortcode\"><center><a href=\"https:\/\/a.partner-versicherung.de\/click.php?partner_id=19992&ad_id=441&deep=kfz-versicherung\"  target=\"_blank\"><img decoding=\"async\" src=\"https:\/\/a.partner-versicherung.de\/view.php?partner_id=19992&ad_id=441\" ><\/a><\/center><\/div>\n\t\t\t\t<\/div>\n\t\t\t\t<\/div>\n\t\t\t\t<div class=\"elementor-element elementor-element-9c4562b elementor-widget-divider--view-line elementor-widget elementor-widget-divider\" data-id=\"9c4562b\" data-element_type=\"widget\" data-widget_type=\"divider.default\">\n\t\t\t\t<div class=\"elementor-widget-container\">\n\t\t\t\t\t<div class=\"elementor-divider\">\n\t\t\t<span class=\"elementor-divider-separator\">\n\t\t\t\t\t\t<\/span>\n\t\t<\/div>\n\t\t\t\t<\/div>\n\t\t\t\t<\/div>\n\t\t\t\t<div class=\"elementor-element elementor-element-86e1f80 elementor-widget elementor-widget-google_maps\" data-id=\"86e1f80\" data-element_type=\"widget\" data-widget_type=\"google_maps.default\">\n\t\t\t\t<div class=\"elementor-widget-container\">\n\t\t\t\t\t<div class=\"elementor-custom-embed\">\n\t\t\t<iframe loading=\"lazy\"\n\t\t\t\t\tsrc=\"https:\/\/maps.google.com\/maps?q=Bismarckstra%C3%9Fe%206%2C%20Schwabach%2C%20Deutschland&#038;t=m&#038;z=17&#038;output=embed&#038;iwloc=near\"\n\t\t\t\t\ttitle=\"Bismarckstra\u00dfe 6, Schwabach, Deutschland\"\n\t\t\t\t\taria-label=\"Bismarckstra\u00dfe 6, Schwabach, Deutschland\"\n\t\t\t><\/iframe>\n\t\t<\/div>\n\t\t\t\t<\/div>\n\t\t\t\t<\/div>\n\t\t\t\t\t<\/div>\n\t\t<\/div>\n\t\t\t\t<div class=\"elementor-column elementor-col-50 elementor-top-column elementor-element elementor-element-6593bea\" data-id=\"6593bea\" data-element_type=\"column\">\n\t\t\t<div class=\"elementor-widget-wrap elementor-element-populated\">\n\t\t\t\t\t\t<div class=\"elementor-element elementor-element-fc2a6e1 elementor-widget elementor-widget-heading\" data-id=\"fc2a6e1\" data-element_type=\"widget\" data-widget_type=\"heading.default\">\n\t\t\t\t<div class=\"elementor-widget-container\">\n\t\t\t<h3 class=\"elementor-heading-title elementor-size-default\">Schnell vergleichen und sparen!<\/h3>\t\t<\/div>\n\t\t\t\t<\/div>\n\t\t\t\t<div class=\"elementor-element elementor-element-ddf0bc8 elementor-widget elementor-widget-wp-widget-advads_ad_widget\" data-id=\"ddf0bc8\" data-element_type=\"widget\" data-widget_type=\"wp-widget-advads_ad_widget.default\">\n\t\t\t\t<div class=\"elementor-widget-container\">\n\t\t\t<div id=\"regio-4206279035\"><div class=\"regio-adlabel\">Werbung<\/div><!-- Beginn https:\/\/www.financeads.net\/-Code --><a href=\"https:\/\/www.financeads.net\/tc.php?t=36648C236142529B\" target=\"_blank\"><img fetchpriority=\"high\" decoding=\"async\" src=\"https:\/\/www.financeads.net\/tb.php?t=36648V236142529B&https=1\" alt=\"\" border=\"0\" width=\"300\" height=\"250\"><\/a><!-- Ende https:\/\/www.financeads.net\/-Code --><\/div>\t\t<\/div>\n\t\t\t\t<\/div>\n\t\t\t\t<div class=\"elementor-element elementor-element-6d4efc9 elementor-widget elementor-widget-wp-widget-advads_ad_widget\" data-id=\"6d4efc9\" data-element_type=\"widget\" data-widget_type=\"wp-widget-advads_ad_widget.default\">\n\t\t\t\t<div class=\"elementor-widget-container\">\n\t\t\t<div id=\"regio-2442164165\"><div class=\"regio-adlabel\">Werbung<\/div><!-- Beginn https:\/\/www.financeads.net\/-Code --><a href=\"https:\/\/www.financeads.net\/tc.php?t=36648C42614510B\" target=\"_blank\"><img decoding=\"async\" src=\"https:\/\/www.financeads.net\/tb.php?t=36648V42614510B&https=1\" alt=\"\" border=\"0\" width=\"200\" height=\"300\"><\/a><!-- Ende https:\/\/www.financeads.net\/-Code --><\/div>\t\t<\/div>\n\t\t\t\t<\/div>\n\t\t\t\t<div class=\"elementor-element elementor-element-6bb80a8 elementor-widget elementor-widget-wp-widget-advads_ad_widget\" data-id=\"6bb80a8\" data-element_type=\"widget\" data-widget_type=\"wp-widget-advads_ad_widget.default\">\n\t\t\t\t<div class=\"elementor-widget-container\">\n\t\t\t<div id=\"regio-1495877709\"><div class=\"regio-adlabel\">Werbung<\/div><!-- Beginn https:\/\/www.financeads.net\/-Code --><a href=\"https:\/\/www.financeads.net\/tc.php?t=36648C205040072B\" target=\"_blank\"><img decoding=\"async\" src=\"https:\/\/www.financeads.net\/tb.php?t=36648V205040072B&https=1\" alt=\"\" border=\"0\" width=\"300\" height=\"250\"><\/a><!-- Ende https:\/\/www.financeads.net\/-Code --><\/div>\t\t<\/div>\n\t\t\t\t<\/div>\n\t\t\t\t<div class=\"elementor-element elementor-element-adcddc0 elementor-widget elementor-widget-wp-widget-advads_ad_widget\" data-id=\"adcddc0\" data-element_type=\"widget\" data-widget_type=\"wp-widget-advads_ad_widget.default\">\n\t\t\t\t<div class=\"elementor-widget-container\">\n\t\t\t<div id=\"regio-2041240050\"><div class=\"regio-adlabel\">Werbung<\/div><!-- Beginn https:\/\/www.financeads.net\/-Code --><a href=\"https:\/\/www.financeads.net\/tc.php?t=36648C271460142B\" target=\"_blank\"><img loading=\"lazy\" decoding=\"async\" src=\"https:\/\/www.financeads.net\/tb.php?t=36648V271460142B&https=1\" alt=\"PETPROTECT_Hund&Katze_Banner\" border=\"0\" width=\"250\" height=\"250\"><\/a><!-- Ende https:\/\/www.financeads.net\/-Code --><\/div>\t\t<\/div>\n\t\t\t\t<\/div>\n\t\t\t\t\t<\/div>\n\t\t<\/div>\n\t\t\t\t\t<\/div>\n\t\t<\/section>\n\t\t\t\t<\/div>\n\t\t","protected":false},"excerpt":{"rendered":"<div class=\"mh-excerpt\"><p>Samstag, den 25. November 2023, ab 11.00 Uhr im Adam-Kraft-Gymnasium in der Bismarckstra\u00dfe in Schwabach\u00a0\u201eSchwabacher Jugendforum\u201c\u00a0 Schwabach &#8211; Oberb\u00fcrgermeister Peter Rei\u00df, die Kommunale Jugendarbeit und der Stadtjugendring laden alle junge Menschen im Alter von zw\u00f6lf <a class=\"mh-excerpt-more\" href=\"https:\/\/www.region-schwabach.de\/wordpress\/schwabacher-jugendforum-am-samstag-den-25-november-2023-im-akg\/\" title=\"Schwabacher Jugendforum am Samstag, den 25. November 2023 im AKG\">[&#8230;]<\/a><\/p>\n<\/div>","protected":false},"author":1,"featured_media":219369,"comment_status":"open","ping_status":"open","sticky":false,"template":"","format":"standard","meta":{"_cbd_carousel_blocks":"[]","footnotes":""},"categories":[16,287,61,231,46],"tags":[24002,24001,24000,6311,7031,4671,4247,5269,12385,19,292,5652],"class_list":{"0":"post-219368","1":"post","2":"type-post","3":"status-publish","4":"format-standard","5":"has-post-thumbnail","7":"category-aktuell","8":"category-jugend-und-familie","9":"category-rathaus","10":"category-veranstaltungsnews","11":"category-verbaende","12":"tag-schwabacher-jugendforum","13":"tag-25-november-2023","14":"tag-25-11-2023","15":"tag-adam-kraft-gymnasium","16":"tag-akg","17":"tag-bismarckstrasse","18":"tag-kommunale-jugendarbeit","19":"tag-oberbuergermeister","20":"tag-peter-reiss","21":"tag-schwabach","22":"tag-stadtjugendring","23":"tag-vortrag"},"_links":{"self":[{"href":"https:\/\/www.region-schwabach.de\/wordpress\/wp-json\/wp\/v2\/posts\/219368","targetHints":{"allow":["GET"]}}],"collection":[{"href":"https:\/\/www.region-schwabach.de\/wordpress\/wp-json\/wp\/v2\/posts"}],"about":[{"href":"https:\/\/www.region-schwabach.de\/wordpress\/wp-json\/wp\/v2\/types\/post"}],"author":[{"embeddable":true,"href":"https:\/\/www.region-schwabach.de\/wordpress\/wp-json\/wp\/v2\/users\/1"}],"replies":[{"embeddable":true,"href":"https:\/\/www.region-schwabach.de\/wordpress\/wp-json\/wp\/v2\/comments?post=219368"}],"version-history":[{"count":0,"href":"https:\/\/www.region-schwabach.de\/wordpress\/wp-json\/wp\/v2\/posts\/219368\/revisions"}],"wp:featuredmedia":[{"embeddable":true,"href":"https:\/\/www.region-schwabach.de\/wordpress\/wp-json\/wp\/v2\/media\/219369"}],"wp:attachment":[{"href":"https:\/\/www.region-schwabach.de\/wordpress\/wp-json\/wp\/v2\/media?parent=219368"}],"wp:term":[{"taxonomy":"category","embeddable":true,"href":"https:\/\/www.region-schwabach.de\/wordpress\/wp-json\/wp\/v2\/categories?post=219368"},{"taxonomy":"post_tag","embeddable":true,"href":"https:\/\/www.region-schwabach.de\/wordpress\/wp-json\/wp\/v2\/tags?post=219368"}],"curies":[{"name":"wp","href":"https:\/\/api.w.org\/{rel}","templated":true}]}}