{"id":219851,"date":"2023-12-01T02:00:00","date_gmt":"2023-12-01T01:00:00","guid":{"rendered":"https:\/\/www.region-schwabach.de\/wordpress\/?p=219851"},"modified":"2023-12-01T02:25:53","modified_gmt":"2023-12-01T01:25:53","slug":"schwabach-glanzt-auftakt-zur-adventszeit-am-freitag-den-1-dezember-2023","status":"publish","type":"post","link":"https:\/\/www.region-schwabach.de\/wordpress\/schwabach-glanzt-auftakt-zur-adventszeit-am-freitag-den-1-dezember-2023\/","title":{"rendered":"Schwabach gl\u00e4nzt: Auftakt zur Adventszeit am Freitag, den 1. Dezember 2023"},"content":{"rendered":"\t\t<div data-elementor-type=\"wp-post\" data-elementor-id=\"219851\" class=\"elementor elementor-219851\">\n\t\t\t\t\t\t<section class=\"elementor-section elementor-top-section elementor-element elementor-element-678181b elementor-section-boxed elementor-section-height-default elementor-section-height-default\" data-id=\"678181b\" data-element_type=\"section\">\n\t\t\t\t\t\t<div class=\"elementor-container elementor-column-gap-default\">\n\t\t\t\t\t<div class=\"elementor-column elementor-col-66 elementor-top-column elementor-element elementor-element-6b34026\" data-id=\"6b34026\" data-element_type=\"column\">\n\t\t\t<div class=\"elementor-widget-wrap elementor-element-populated\">\n\t\t\t\t\t\t<div class=\"elementor-element elementor-element-8919d70 elementor-widget elementor-widget-wp-widget-advads_ad_widget\" data-id=\"8919d70\" data-element_type=\"widget\" data-widget_type=\"wp-widget-advads_ad_widget.default\">\n\t\t\t\t<div class=\"elementor-widget-container\">\n\t\t\t<div id=\"regio-4080244782\"><div class=\"regio-adlabel\">Werbung<\/div><center><a href=\"https:\/\/a.partner-versicherung.de\/click.php?partner_id=19992&ad_id=1578&deep=kreditkarten\"  target=\"_blank\"><img decoding=\"async\" src=\"https:\/\/a.partner-versicherung.de\/view.php?partner_id=19992&ad_id=1578\" ><\/a><\/center><\/div>\t\t<\/div>\n\t\t\t\t<\/div>\n\t\t\t\t<div class=\"elementor-element elementor-element-443ab98 elementor-widget elementor-widget-text-editor\" data-id=\"443ab98\" data-element_type=\"widget\" data-widget_type=\"text-editor.default\">\n\t\t\t\t<div class=\"elementor-widget-container\">\n\t\t\t\t\t\t\t<h3 class=\"entry-title\"><strong>Schwabach gl\u00e4nzt am Freitag, den 1. Dezember 2023, um 18.00 Uhr\u00a0<br \/>Tausende Kerzen als Symbol der Hoffnung und Einstimmung in den Advent\u00a0<\/strong><\/h3><p><span style=\"font-size: 12pt;\">Schwabach &#8211;\u00a0Der gesamte K\u00f6nigsplatz\u00a0 wird rundum von\u00a0 2.500 Kerzen erleuchtet sein. Die Kerzen stehen als Symbol der Hoffnung auf Frieden in unserer Stadt, Region und f\u00fcr die gesamte Menschheit.<\/span><\/p><p><span style=\"font-size: 12pt;\">Nach einer kurzen Begr\u00fc\u00dfung erleben wir \u00adgemeinsam das gro\u00dfe Glockengel\u00e4ut der Stadtkirche und das Einschalten der Weihnachtsbeleuchtung. Die Geistlichkeit wird diese Zeremonie mit einer kurzen Andacht bereichern.<\/span><\/p><p><span style=\"font-size: 12pt;\">Auf dem K\u00f6nigsplatz stellt der Krippenhausverein \u00adtraditionell ein fr\u00e4nkisches Krippenhaus auf. Dessen \u201eEr\u00f6ffnung\u201c wird durch zwei Trompeter mit dem sogenannten \u201eAnblasen\u201c begleitet.<\/span><\/p><p><span style=\"font-size: 12pt;\">Zus\u00e4tzlich er\u00f6ffnet\u00a0 an diesem Abend der\u00a0 \u00adSchwabacher Krippenweg Stadt &amp; Land. Die Schwabacher Kirchen \u00f6ffnen sich den Besuchern.<\/span><\/p><p><span style=\"font-size: 12pt;\">Die Gesch\u00e4fte laden bis 20 Uhr zum Shoppen ein und die Gastronomie freut sich darauf, Sie im Anschluss an &#8222;Schwabach gl\u00e4nzt&#8220; kulinarisch verw\u00f6hnen zu d\u00fcrfen.\u00a0<\/span><\/p><h3>Weiterf\u00fchrende Links:\u00a0<\/h3><p><span style=\"font-size: 12pt;\"><a href=\"https:\/\/schwabach.de\/images\/referate\/referat_3\/downloads\/Tourismus\/Brosch%C3%BCren\/WSG_Flyer_Schwabach_glaenzt_2023.pdf\" target=\"_blank\" rel=\"noopener\">Hier geht&#8217;s zum Download des Flyers: Schwabach gl\u00e4nzt &#8230;\u00a0<\/a><\/span><\/p>\t\t\t\t\t\t<\/div>\n\t\t\t\t<\/div>\n\t\t\t\t<div class=\"elementor-element elementor-element-479ee92 elementor-widget elementor-widget-shortcode\" data-id=\"479ee92\" data-element_type=\"widget\" data-widget_type=\"shortcode.default\">\n\t\t\t\t<div class=\"elementor-widget-container\">\n\t\t\t\t\t<div class=\"elementor-shortcode\"><center><a href=\"https:\/\/a.partner-versicherung.de\/click.php?partner_id=19992&ad_id=441&deep=kfz-versicherung\"  target=\"_blank\"><img decoding=\"async\" src=\"https:\/\/a.partner-versicherung.de\/view.php?partner_id=19992&ad_id=441\" ><\/a><\/center><\/div>\n\t\t\t\t<\/div>\n\t\t\t\t<\/div>\n\t\t\t\t<div class=\"elementor-element elementor-element-a29781d elementor-widget-divider--view-line elementor-widget elementor-widget-divider\" data-id=\"a29781d\" data-element_type=\"widget\" data-widget_type=\"divider.default\">\n\t\t\t\t<div class=\"elementor-widget-container\">\n\t\t\t\t\t<div class=\"elementor-divider\">\n\t\t\t<span class=\"elementor-divider-separator\">\n\t\t\t\t\t\t<\/span>\n\t\t<\/div>\n\t\t\t\t<\/div>\n\t\t\t\t<\/div>\n\t\t\t\t<div class=\"elementor-element elementor-element-2a05a02 elementor-widget elementor-widget-google_maps\" data-id=\"2a05a02\" data-element_type=\"widget\" data-widget_type=\"google_maps.default\">\n\t\t\t\t<div class=\"elementor-widget-container\">\n\t\t\t\t\t<div class=\"elementor-custom-embed\">\n\t\t\t<iframe loading=\"lazy\"\n\t\t\t\t\tsrc=\"https:\/\/maps.google.com\/maps?q=Marktplatz%2C%20Schwabach%2C%20Deutschland&#038;t=m&#038;z=18&#038;output=embed&#038;iwloc=near\"\n\t\t\t\t\ttitle=\"Marktplatz, Schwabach, Deutschland\"\n\t\t\t\t\taria-label=\"Marktplatz, Schwabach, Deutschland\"\n\t\t\t><\/iframe>\n\t\t<\/div>\n\t\t\t\t<\/div>\n\t\t\t\t<\/div>\n\t\t\t\t\t<\/div>\n\t\t<\/div>\n\t\t\t\t<div class=\"elementor-column elementor-col-33 elementor-top-column elementor-element elementor-element-f645137\" data-id=\"f645137\" data-element_type=\"column\">\n\t\t\t<div class=\"elementor-widget-wrap elementor-element-populated\">\n\t\t\t\t\t\t<div class=\"elementor-element elementor-element-9172bee elementor-widget elementor-widget-heading\" data-id=\"9172bee\" data-element_type=\"widget\" data-widget_type=\"heading.default\">\n\t\t\t\t<div class=\"elementor-widget-container\">\n\t\t\t<h3 class=\"elementor-heading-title elementor-size-default\">Schnell vergleichen und sparen!<\/h3>\t\t<\/div>\n\t\t\t\t<\/div>\n\t\t\t\t<div class=\"elementor-element elementor-element-0b52b3c elementor-widget elementor-widget-wp-widget-advads_ad_widget\" data-id=\"0b52b3c\" data-element_type=\"widget\" data-widget_type=\"wp-widget-advads_ad_widget.default\">\n\t\t\t\t<div class=\"elementor-widget-container\">\n\t\t\t<div id=\"regio-857635755\"><div class=\"regio-adlabel\">Werbung<\/div><!-- Beginn https:\/\/www.financeads.net\/-Code --><a href=\"https:\/\/www.financeads.net\/tc.php?t=36648C236142529B\" target=\"_blank\"><img fetchpriority=\"high\" decoding=\"async\" src=\"https:\/\/www.financeads.net\/tb.php?t=36648V236142529B&https=1\" alt=\"\" border=\"0\" width=\"300\" height=\"250\"><\/a><!-- Ende https:\/\/www.financeads.net\/-Code --><\/div>\t\t<\/div>\n\t\t\t\t<\/div>\n\t\t\t\t<div class=\"elementor-element elementor-element-9c87f4c elementor-widget elementor-widget-wp-widget-advads_ad_widget\" data-id=\"9c87f4c\" data-element_type=\"widget\" data-widget_type=\"wp-widget-advads_ad_widget.default\">\n\t\t\t\t<div class=\"elementor-widget-container\">\n\t\t\t<div id=\"regio-1738395737\"><div class=\"regio-adlabel\">Werbung<\/div><!-- Beginn https:\/\/www.financeads.net\/-Code --><a href=\"https:\/\/www.financeads.net\/tc.php?t=36648C42614510B\" target=\"_blank\"><img decoding=\"async\" src=\"https:\/\/www.financeads.net\/tb.php?t=36648V42614510B&https=1\" alt=\"\" border=\"0\" width=\"200\" height=\"300\"><\/a><!-- Ende https:\/\/www.financeads.net\/-Code --><\/div>\t\t<\/div>\n\t\t\t\t<\/div>\n\t\t\t\t<div class=\"elementor-element elementor-element-0d325f1 elementor-widget elementor-widget-wp-widget-advads_ad_widget\" data-id=\"0d325f1\" data-element_type=\"widget\" data-widget_type=\"wp-widget-advads_ad_widget.default\">\n\t\t\t\t<div class=\"elementor-widget-container\">\n\t\t\t<div id=\"regio-1614550278\"><div class=\"regio-adlabel\">Werbung<\/div><!-- Beginn https:\/\/www.financeads.net\/-Code --><a href=\"https:\/\/www.financeads.net\/tc.php?t=36648C205040072B\" target=\"_blank\"><img decoding=\"async\" src=\"https:\/\/www.financeads.net\/tb.php?t=36648V205040072B&https=1\" alt=\"\" border=\"0\" width=\"300\" height=\"250\"><\/a><!-- Ende https:\/\/www.financeads.net\/-Code --><\/div>\t\t<\/div>\n\t\t\t\t<\/div>\n\t\t\t\t<div class=\"elementor-element elementor-element-582c6da elementor-widget elementor-widget-wp-widget-advads_ad_widget\" data-id=\"582c6da\" data-element_type=\"widget\" data-widget_type=\"wp-widget-advads_ad_widget.default\">\n\t\t\t\t<div class=\"elementor-widget-container\">\n\t\t\t<div id=\"regio-2179261285\"><div class=\"regio-adlabel\">Werbung<\/div><!-- Beginn https:\/\/www.financeads.net\/-Code --><a href=\"https:\/\/www.financeads.net\/tc.php?t=36648C271460142B\" target=\"_blank\"><img loading=\"lazy\" decoding=\"async\" src=\"https:\/\/www.financeads.net\/tb.php?t=36648V271460142B&https=1\" alt=\"PETPROTECT_Hund&Katze_Banner\" border=\"0\" width=\"250\" height=\"250\"><\/a><!-- Ende https:\/\/www.financeads.net\/-Code --><\/div>\t\t<\/div>\n\t\t\t\t<\/div>\n\t\t\t\t\t<\/div>\n\t\t<\/div>\n\t\t\t\t\t<\/div>\n\t\t<\/section>\n\t\t\t\t<section class=\"elementor-section elementor-top-section elementor-element elementor-element-f0137b2 elementor-section-boxed elementor-section-height-default elementor-section-height-default\" data-id=\"f0137b2\" data-element_type=\"section\">\n\t\t\t\t\t\t<div class=\"elementor-container elementor-column-gap-default\">\n\t\t\t\t\t<div class=\"elementor-column elementor-col-100 elementor-top-column elementor-element elementor-element-5a031bd\" data-id=\"5a031bd\" data-element_type=\"column\">\n\t\t\t<div class=\"elementor-widget-wrap elementor-element-populated\">\n\t\t\t\t\t\t<div class=\"elementor-element elementor-element-b5c6a63 elementor-widget elementor-widget-image\" data-id=\"b5c6a63\" data-element_type=\"widget\" data-widget_type=\"image.default\">\n\t\t\t\t<div class=\"elementor-widget-container\">\n\t\t\t\t\t\t\t\t\t\t\t\t\t<img loading=\"lazy\" decoding=\"async\" width=\"960\" height=\"638\" src=\"https:\/\/www.region-schwabach.de\/wordpress\/wp-content\/uploads\/2018\/11\/kammersteiner-waldmarkt1-e1542364255791.jpg\" class=\"attachment-full size-full wp-image-65406\" alt=\"\" \/>\t\t\t\t\t\t\t\t\t\t\t\t\t<\/div>\n\t\t\t\t<\/div>\n\t\t\t\t\t<\/div>\n\t\t<\/div>\n\t\t\t\t\t<\/div>\n\t\t<\/section>\n\t\t\t\t<\/div>\n\t\t","protected":false},"excerpt":{"rendered":"<div class=\"mh-excerpt\"><p>Schwabach gl\u00e4nzt am Freitag, den 1. Dezember 2023, um 18.00 Uhr\u00a0Tausende Kerzen als Symbol der Hoffnung und Einstimmung in den Advent\u00a0 Schwabach &#8211;\u00a0Der gesamte K\u00f6nigsplatz\u00a0 wird rundum von\u00a0 2.500 Kerzen erleuchtet sein. Die Kerzen stehen <a class=\"mh-excerpt-more\" href=\"https:\/\/www.region-schwabach.de\/wordpress\/schwabach-glanzt-auftakt-zur-adventszeit-am-freitag-den-1-dezember-2023\/\" title=\"Schwabach gl\u00e4nzt: Auftakt zur Adventszeit am Freitag, den 1. Dezember 2023\">[&#8230;]<\/a><\/p>\n<\/div>","protected":false},"author":1,"featured_media":219852,"comment_status":"open","ping_status":"open","sticky":false,"template":"","format":"standard","meta":{"_cbd_carousel_blocks":"[]","footnotes":""},"categories":[16,78,287,61,3967,231,140],"tags":[24030,24031,7087,7084,6930,388,7082,522,7086,114,7085,19,3151,7083],"class_list":{"0":"post-219851","1":"post","2":"type-post","3":"status-publish","4":"format-standard","5":"has-post-thumbnail","7":"category-aktuell","8":"category-handel-und-wirtschaft","9":"category-jugend-und-familie","10":"category-rathaus","11":"category-unternehmen","12":"category-veranstaltungsnews","13":"category-vereine","14":"tag-01-12-2023","15":"tag-1-dezember-2023","16":"tag-adventszeit","17":"tag-evang-luth-kirchengemeinde","18":"tag-firmen","19":"tag-innenstadt","20":"tag-kirche-trifft-handel-bei-nacht","21":"tag-koenigsplatz","22":"tag-krippenhausverein","23":"tag-marktplatz","24":"tag-roem-kath-pfarrgemeinde","25":"tag-schwabach","26":"tag-stadt-schwabach","27":"tag-werbe-stadtgemeinschaft"},"_links":{"self":[{"href":"https:\/\/www.region-schwabach.de\/wordpress\/wp-json\/wp\/v2\/posts\/219851","targetHints":{"allow":["GET"]}}],"collection":[{"href":"https:\/\/www.region-schwabach.de\/wordpress\/wp-json\/wp\/v2\/posts"}],"about":[{"href":"https:\/\/www.region-schwabach.de\/wordpress\/wp-json\/wp\/v2\/types\/post"}],"author":[{"embeddable":true,"href":"https:\/\/www.region-schwabach.de\/wordpress\/wp-json\/wp\/v2\/users\/1"}],"replies":[{"embeddable":true,"href":"https:\/\/www.region-schwabach.de\/wordpress\/wp-json\/wp\/v2\/comments?post=219851"}],"version-history":[{"count":0,"href":"https:\/\/www.region-schwabach.de\/wordpress\/wp-json\/wp\/v2\/posts\/219851\/revisions"}],"wp:featuredmedia":[{"embeddable":true,"href":"https:\/\/www.region-schwabach.de\/wordpress\/wp-json\/wp\/v2\/media\/219852"}],"wp:attachment":[{"href":"https:\/\/www.region-schwabach.de\/wordpress\/wp-json\/wp\/v2\/media?parent=219851"}],"wp:term":[{"taxonomy":"category","embeddable":true,"href":"https:\/\/www.region-schwabach.de\/wordpress\/wp-json\/wp\/v2\/categories?post=219851"},{"taxonomy":"post_tag","embeddable":true,"href":"https:\/\/www.region-schwabach.de\/wordpress\/wp-json\/wp\/v2\/tags?post=219851"}],"curies":[{"name":"wp","href":"https:\/\/api.w.org\/{rel}","templated":true}]}}