{"id":219908,"date":"2023-12-04T00:15:00","date_gmt":"2023-12-03T23:15:00","guid":{"rendered":"https:\/\/www.region-schwabach.de\/wordpress\/?p=219908"},"modified":"2023-12-04T00:26:54","modified_gmt":"2023-12-03T23:26:54","slug":"schwabacher-weihnachtsstiefel-rallye-in-der-schwabacher-innenstadt-ab-freitag-den-1-dezember-2023","status":"publish","type":"post","link":"https:\/\/www.region-schwabach.de\/wordpress\/schwabacher-weihnachtsstiefel-rallye-in-der-schwabacher-innenstadt-ab-freitag-den-1-dezember-2023\/","title":{"rendered":"&#8222;Schwabacher Weihnachtsstiefel-Rallye&#8220; in der Schwabacher Innenstadt ab Freitag, den 1. Dezember 2023"},"content":{"rendered":"\t\t<div data-elementor-type=\"wp-post\" data-elementor-id=\"219908\" class=\"elementor elementor-219908\">\n\t\t\t\t\t\t<section class=\"elementor-section elementor-top-section elementor-element elementor-element-678181b elementor-section-boxed elementor-section-height-default elementor-section-height-default\" data-id=\"678181b\" data-element_type=\"section\">\n\t\t\t\t\t\t<div class=\"elementor-container elementor-column-gap-default\">\n\t\t\t\t\t<div class=\"elementor-column elementor-col-50 elementor-top-column elementor-element elementor-element-6b34026\" data-id=\"6b34026\" data-element_type=\"column\">\n\t\t\t<div class=\"elementor-widget-wrap elementor-element-populated\">\n\t\t\t\t\t\t<div class=\"elementor-element elementor-element-443ab98 elementor-widget elementor-widget-text-editor\" data-id=\"443ab98\" data-element_type=\"widget\" data-widget_type=\"text-editor.default\">\n\t\t\t\t<div class=\"elementor-widget-container\">\n\t\t\t\t\t\t\t<h3>Ab Freitag, den 1. Dezember 2023, in der Innenstadt:\u00a0<br \/>&#8222;Schwabacher Weihnachtsstiefel-Rallye&#8220;\u00a0<\/h3><p><span style=\"font-size: 12pt;\">Schwabach &#8211;\u00a0<\/span><span style=\"font-size: 12pt;\">In der Schwabacher Innenstadt steht die Vorweihnachtszeit ganz im Zeichen der &#8222;Schwabacher Weihnachtsstiefel-Rallye&#8220;. Eine bezaubernde Aktion, die alle Kinder dazu einl\u00e4dt, auf eine spannende Schatzsuche durch die weihnachtlich geschm\u00fcckten Stra\u00dfen zu gehen und Schaufenster zu entdecken.<\/span><\/p><p><span style=\"font-size: 12pt;\">Die Teilnahme an der Rallye ist denkbar einfach &#8211; an folgenden Terminen k\u00f6nnen Kinder ihre Stiefel am Goldmobil auf dem K\u00f6nigsplatz abgeben:<\/span><\/p><ul style=\"list-style-type: disc;\"><li><span style=\"font-size: 12pt;\"><strong>Freitag, 1. Dezember, 13 bis 15 Uhr\u00a0<\/strong><\/span><\/li><li><span style=\"font-size: 12pt;\"><strong>Samstag, 2. Dezember, 9 bis 11 Uhr\u00a0<\/strong><\/span><\/li><li><span style=\"font-size: 12pt;\"><strong>Montag, 4. Dezember, 16 bis 18 Uhr<\/strong><\/span><\/li><\/ul><p><span style=\"font-size: 12pt;\">Dort werden alle Stiefel \u201eregistriert\u201c und von den beiden Innenstadtk\u00fcmmerern Bruno Fetzer und Stefan Schwenk mit einer individuellen Nummer versehen. Ein Stiefel verbleibt im Anschluss beim Goldmobil, das Gegenst\u00fcck behalten die Kinder inklusive der identischen Nummer.<\/span><br \/><br \/><span style=\"font-size: 12pt;\">Im Anschluss werden die abgegebenen Stiefel von den K\u00fcmmerern gleichm\u00e4\u00dfig bei allen teilnehmenden L\u00e4den und H\u00e4ndlern in der Innenstadt verteilt.<\/span><br \/><span style=\"font-size: 12pt;\">&#8211;&gt; Die Idee dahinter: Die Stiefel werden von diesen individuell bef\u00fcllt und in der Vorweihnachtswoche in den jeweiligen Schaufenstern ausgestellt.<\/span><br \/><br \/><span style=\"font-size: 12pt;\">Alle Kinder und ihre jeweiligen Begleitungen suchen ihre abgegebenen Stiefel dann von\u00a0<strong>Montag, den 18. bis Samstag, den 23. Dezember<\/strong>\u00a0in den Schaufenstern der in vorweihnachtlichem Glanz erstrahlenden Schwabacher Innenstadt!<\/span><br \/><br \/><span style=\"font-size: 12pt;\">Die Aktion verspricht nicht nur eine fr\u00f6hliche und spannende Schatzsuche, sondern auch zauberhafte \u00dcberraschungen in den Stiefeln, die die Augen der (kleinen) Teilnehmer zum Strahlen bringen werden. Das Ganze f\u00f6rdert demnach nicht nur die Vorfreude auf Weihnachten, sondern st\u00e4rkt auch das Gemeinschaftsgef\u00fchl sowie die Frequenz in der Schwabacher Innenstadt.<\/span><br \/><br \/><span style=\"font-size: 12pt;\">Die Schwabacher Weihnachtsstiefel-Rallye bietet somit eine wunderbare Gelegenheit f\u00fcr Kinder, sich inmitten der festlichen Atmosph\u00e4re der Innenstadt auf eine besondere Entdeckungsreise zu begeben und vorweihnachtliche Freude zu erleben. Alle Eltern, Gro\u00dfeltern, Geschwister, Tanten, Onkels, Nachbarn, Freunde usw. sind herzlich eingeladen, die Schatzsucher auf diesem magischen Abenteuer zu begleiten!\u00a0<\/span><\/p>\t\t\t\t\t\t<\/div>\n\t\t\t\t<\/div>\n\t\t\t\t<div class=\"elementor-element elementor-element-62673fd elementor-widget elementor-widget-shortcode\" data-id=\"62673fd\" data-element_type=\"widget\" data-widget_type=\"shortcode.default\">\n\t\t\t\t<div class=\"elementor-widget-container\">\n\t\t\t\t\t<div class=\"elementor-shortcode\"><!-- Beginn https:\/\/www.financeads.net\/-Code --><a href=\"https:\/\/www.financeads.net\/tc.php?t=36648C38513858B\" target=\"_blank\"><center><img decoding=\"async\" src=\"https:\/\/www.financeads.net\/tb.php?t=36648V38513858B&https=1\" alt=\"\" border=\"0\" width=\"468\" height=\"60\"><\/a><!-- Ende https:\/\/www.financeads.net\/-Code --><\/div>\n\t\t\t\t<\/div>\n\t\t\t\t<\/div>\n\t\t\t\t<div class=\"elementor-element elementor-element-893041c elementor-widget-divider--view-line elementor-widget elementor-widget-divider\" data-id=\"893041c\" data-element_type=\"widget\" data-widget_type=\"divider.default\">\n\t\t\t\t<div class=\"elementor-widget-container\">\n\t\t\t\t\t<div class=\"elementor-divider\">\n\t\t\t<span class=\"elementor-divider-separator\">\n\t\t\t\t\t\t<\/span>\n\t\t<\/div>\n\t\t\t\t<\/div>\n\t\t\t\t<\/div>\n\t\t\t\t<div class=\"elementor-element elementor-element-35de09e elementor-widget elementor-widget-google_maps\" data-id=\"35de09e\" data-element_type=\"widget\" data-widget_type=\"google_maps.default\">\n\t\t\t\t<div class=\"elementor-widget-container\">\n\t\t\t\t\t<div class=\"elementor-custom-embed\">\n\t\t\t<iframe loading=\"lazy\"\n\t\t\t\t\tsrc=\"https:\/\/maps.google.com\/maps?q=K%C3%B6nigsplatz%201%2C%20Schwabach%2C%20Deutschland&#038;t=m&#038;z=18&#038;output=embed&#038;iwloc=near\"\n\t\t\t\t\ttitle=\"K\u00f6nigsplatz 1, Schwabach, Deutschland\"\n\t\t\t\t\taria-label=\"K\u00f6nigsplatz 1, Schwabach, Deutschland\"\n\t\t\t><\/iframe>\n\t\t<\/div>\n\t\t\t\t<\/div>\n\t\t\t\t<\/div>\n\t\t\t\t\t<\/div>\n\t\t<\/div>\n\t\t\t\t<div class=\"elementor-column elementor-col-50 elementor-top-column elementor-element elementor-element-691cef8\" data-id=\"691cef8\" data-element_type=\"column\">\n\t\t\t<div class=\"elementor-widget-wrap elementor-element-populated\">\n\t\t\t\t\t\t<div class=\"elementor-element elementor-element-3e90abc elementor-widget elementor-widget-heading\" data-id=\"3e90abc\" data-element_type=\"widget\" data-widget_type=\"heading.default\">\n\t\t\t\t<div class=\"elementor-widget-container\">\n\t\t\t<h3 class=\"elementor-heading-title elementor-size-default\">Schnell vergleichen und sparen!<\/h3>\t\t<\/div>\n\t\t\t\t<\/div>\n\t\t\t\t<div class=\"elementor-element elementor-element-c96b8b3 elementor-widget elementor-widget-wp-widget-advads_ad_widget\" data-id=\"c96b8b3\" data-element_type=\"widget\" data-widget_type=\"wp-widget-advads_ad_widget.default\">\n\t\t\t\t<div class=\"elementor-widget-container\">\n\t\t\t<div id=\"regio-2669527683\"><div class=\"regio-adlabel\">Werbung<\/div><!-- Beginn https:\/\/www.financeads.net\/-Code --><a href=\"https:\/\/www.financeads.net\/tc.php?t=36648C236142529B\" target=\"_blank\"><img fetchpriority=\"high\" decoding=\"async\" src=\"https:\/\/www.financeads.net\/tb.php?t=36648V236142529B&https=1\" alt=\"\" border=\"0\" width=\"300\" height=\"250\"><\/a><!-- Ende https:\/\/www.financeads.net\/-Code --><\/div>\t\t<\/div>\n\t\t\t\t<\/div>\n\t\t\t\t<div class=\"elementor-element elementor-element-9945ead elementor-widget elementor-widget-wp-widget-advads_ad_widget\" data-id=\"9945ead\" data-element_type=\"widget\" data-widget_type=\"wp-widget-advads_ad_widget.default\">\n\t\t\t\t<div class=\"elementor-widget-container\">\n\t\t\t<div id=\"regio-720340837\"><div class=\"regio-adlabel\">Werbung<\/div><!-- Beginn https:\/\/www.financeads.net\/-Code --><a href=\"https:\/\/www.financeads.net\/tc.php?t=36648C42614510B\" target=\"_blank\"><img decoding=\"async\" src=\"https:\/\/www.financeads.net\/tb.php?t=36648V42614510B&https=1\" alt=\"\" border=\"0\" width=\"200\" height=\"300\"><\/a><!-- Ende https:\/\/www.financeads.net\/-Code --><\/div>\t\t<\/div>\n\t\t\t\t<\/div>\n\t\t\t\t<div class=\"elementor-element elementor-element-849e15a elementor-widget elementor-widget-wp-widget-advads_ad_widget\" data-id=\"849e15a\" data-element_type=\"widget\" data-widget_type=\"wp-widget-advads_ad_widget.default\">\n\t\t\t\t<div class=\"elementor-widget-container\">\n\t\t\t<div id=\"regio-3238054261\"><div class=\"regio-adlabel\">Werbung<\/div><!-- Beginn https:\/\/www.financeads.net\/-Code --><a href=\"https:\/\/www.financeads.net\/tc.php?t=36648C205040072B\" target=\"_blank\"><img loading=\"lazy\" decoding=\"async\" src=\"https:\/\/www.financeads.net\/tb.php?t=36648V205040072B&https=1\" alt=\"\" border=\"0\" width=\"300\" height=\"250\"><\/a><!-- Ende https:\/\/www.financeads.net\/-Code --><\/div>\t\t<\/div>\n\t\t\t\t<\/div>\n\t\t\t\t<div class=\"elementor-element elementor-element-4fc1f0a elementor-widget elementor-widget-wp-widget-advads_ad_widget\" data-id=\"4fc1f0a\" data-element_type=\"widget\" data-widget_type=\"wp-widget-advads_ad_widget.default\">\n\t\t\t\t<div class=\"elementor-widget-container\">\n\t\t\t<div id=\"regio-1434191022\"><div class=\"regio-adlabel\">Werbung<\/div><!-- Beginn https:\/\/www.financeads.net\/-Code --><a href=\"https:\/\/www.financeads.net\/tc.php?t=36648C271460142B\" target=\"_blank\"><img loading=\"lazy\" decoding=\"async\" src=\"https:\/\/www.financeads.net\/tb.php?t=36648V271460142B&https=1\" alt=\"PETPROTECT_Hund&Katze_Banner\" border=\"0\" width=\"250\" height=\"250\"><\/a><!-- Ende https:\/\/www.financeads.net\/-Code --><\/div>\t\t<\/div>\n\t\t\t\t<\/div>\n\t\t\t\t\t<\/div>\n\t\t<\/div>\n\t\t\t\t\t<\/div>\n\t\t<\/section>\n\t\t\t\t<\/div>\n\t\t","protected":false},"excerpt":{"rendered":"<div class=\"mh-excerpt\"><p>Ab Freitag, den 1. Dezember 2023, in der Innenstadt:\u00a0&#8222;Schwabacher Weihnachtsstiefel-Rallye&#8220;\u00a0 Schwabach &#8211;\u00a0In der Schwabacher Innenstadt steht die Vorweihnachtszeit ganz im Zeichen der &#8222;Schwabacher Weihnachtsstiefel-Rallye&#8220;. Eine bezaubernde Aktion, die alle Kinder dazu einl\u00e4dt, auf eine spannende <a class=\"mh-excerpt-more\" href=\"https:\/\/www.region-schwabach.de\/wordpress\/schwabacher-weihnachtsstiefel-rallye-in-der-schwabacher-innenstadt-ab-freitag-den-1-dezember-2023\/\" title=\"&#8222;Schwabacher Weihnachtsstiefel-Rallye&#8220; in der Schwabacher Innenstadt ab Freitag, den 1. Dezember 2023\">[&#8230;]<\/a><\/p>\n<\/div>","protected":false},"author":1,"featured_media":219909,"comment_status":"open","ping_status":"open","sticky":false,"template":"","format":"standard","meta":{"_cbd_carousel_blocks":"[]","footnotes":""},"categories":[16,78,287,61,231,46,140],"tags":[24044,24030,24040,24041,24031,24042,24043,24047,24049,388,24046,522,1480,3642,24045,19,24048,6519],"class_list":{"0":"post-219908","1":"post","2":"type-post","3":"status-publish","4":"format-standard","5":"has-post-thumbnail","7":"category-aktuell","8":"category-handel-und-wirtschaft","9":"category-jugend-und-familie","10":"category-rathaus","11":"category-veranstaltungsnews","12":"category-verbaende","13":"category-vereine","14":"tag-schwabacher-weihnachtsstiefel-rallye","15":"tag-01-12-2023","16":"tag-02-12-2023","17":"tag-04-12-2023","18":"tag-1-dezember-2023","19":"tag-2-dezember-2023","20":"tag-4-dezember-2023","21":"tag-bruno-fetzer","22":"tag-goldmobil","23":"tag-innenstadt","24":"tag-innenstadtkuemmerer","25":"tag-koenigsplatz","26":"tag-rathaus","27":"tag-samstag","28":"tag-schatzsuche","29":"tag-schwabach","30":"tag-stefan-schwenk","31":"tag-wochenmarkt"},"_links":{"self":[{"href":"https:\/\/www.region-schwabach.de\/wordpress\/wp-json\/wp\/v2\/posts\/219908","targetHints":{"allow":["GET"]}}],"collection":[{"href":"https:\/\/www.region-schwabach.de\/wordpress\/wp-json\/wp\/v2\/posts"}],"about":[{"href":"https:\/\/www.region-schwabach.de\/wordpress\/wp-json\/wp\/v2\/types\/post"}],"author":[{"embeddable":true,"href":"https:\/\/www.region-schwabach.de\/wordpress\/wp-json\/wp\/v2\/users\/1"}],"replies":[{"embeddable":true,"href":"https:\/\/www.region-schwabach.de\/wordpress\/wp-json\/wp\/v2\/comments?post=219908"}],"version-history":[{"count":0,"href":"https:\/\/www.region-schwabach.de\/wordpress\/wp-json\/wp\/v2\/posts\/219908\/revisions"}],"wp:featuredmedia":[{"embeddable":true,"href":"https:\/\/www.region-schwabach.de\/wordpress\/wp-json\/wp\/v2\/media\/219909"}],"wp:attachment":[{"href":"https:\/\/www.region-schwabach.de\/wordpress\/wp-json\/wp\/v2\/media?parent=219908"}],"wp:term":[{"taxonomy":"category","embeddable":true,"href":"https:\/\/www.region-schwabach.de\/wordpress\/wp-json\/wp\/v2\/categories?post=219908"},{"taxonomy":"post_tag","embeddable":true,"href":"https:\/\/www.region-schwabach.de\/wordpress\/wp-json\/wp\/v2\/tags?post=219908"}],"curies":[{"name":"wp","href":"https:\/\/api.w.org\/{rel}","templated":true}]}}