{"id":220127,"date":"2023-12-03T01:30:00","date_gmt":"2023-12-03T00:30:00","guid":{"rendered":"https:\/\/www.region-schwabach.de\/wordpress\/?p=220127"},"modified":"2023-12-03T03:39:47","modified_gmt":"2023-12-03T02:39:47","slug":"adventsmarkt-mit-platzchenwettbewerb-im-eichwasen-am-sonntag-den-3-dezember-2023","status":"publish","type":"post","link":"https:\/\/www.region-schwabach.de\/wordpress\/adventsmarkt-mit-platzchenwettbewerb-im-eichwasen-am-sonntag-den-3-dezember-2023\/","title":{"rendered":"Adventsmarkt mit Pl\u00e4tzchenwettbewerb im Eichwasen am Sonntag, den 3. Dezember 2023"},"content":{"rendered":"\t\t<div data-elementor-type=\"wp-post\" data-elementor-id=\"220127\" class=\"elementor elementor-220127\">\n\t\t\t\t\t\t<section class=\"elementor-section elementor-top-section elementor-element elementor-element-678181b elementor-section-boxed elementor-section-height-default elementor-section-height-default\" data-id=\"678181b\" data-element_type=\"section\">\n\t\t\t\t\t\t<div class=\"elementor-container elementor-column-gap-default\">\n\t\t\t\t\t<div class=\"elementor-column elementor-col-66 elementor-top-column elementor-element elementor-element-6b34026\" data-id=\"6b34026\" data-element_type=\"column\">\n\t\t\t<div class=\"elementor-widget-wrap elementor-element-populated\">\n\t\t\t\t\t\t<div class=\"elementor-element elementor-element-4f702e7 elementor-widget elementor-widget-wp-widget-advads_ad_widget\" data-id=\"4f702e7\" data-element_type=\"widget\" data-widget_type=\"wp-widget-advads_ad_widget.default\">\n\t\t\t\t<div class=\"elementor-widget-container\">\n\t\t\t<div id=\"regio-2262374634\"><div class=\"regio-adlabel\">Werbung<\/div><center><a href=\"https:\/\/a.partner-versicherung.de\/click.php?partner_id=19992&ad_id=1578&deep=kreditkarten\"  target=\"_blank\"><img decoding=\"async\" src=\"https:\/\/a.partner-versicherung.de\/view.php?partner_id=19992&ad_id=1578\" ><\/a><\/center><\/div>\t\t<\/div>\n\t\t\t\t<\/div>\n\t\t\t\t<div class=\"elementor-element elementor-element-443ab98 elementor-widget elementor-widget-text-editor\" data-id=\"443ab98\" data-element_type=\"widget\" data-widget_type=\"text-editor.default\">\n\t\t\t\t<div class=\"elementor-widget-container\">\n\t\t\t\t\t\t\t<h3 class=\"entry-title\"><strong>Sonntag, den 3. Dezember 2023, ab 15.00 Uhr:\u00a0<br \/><\/strong>Adventsmarkt mit Pl\u00e4tzchenwettbewerb\u00a0im Eichwasen<\/h3><p><span style=\"font-size: 12pt;\">Schwabach &#8211; Altbew\u00e4hrtes und Neues k\u00f6nnen BesucherInnen am ersten Adventssonntag, 3.12. im Eichwasen erleben. Denn es ist wieder soweit. In Zusammenarbeit mit den ans\u00e4ssigen Kirchengemeinden l\u00e4dt das B\u00fcrgerforum Eichwasen von 15 &#8211; 19 Uhr in die stimmungsvoll beleuchtete Kulisse des katholischen Gemeindezentrums Maria-K\u00f6nigin des Friedens ein. Im Innenhof findet erneut ein etwas anderer Adventsmarkt statt.<br \/><\/span><\/p><p><span style=\"font-size: 12pt;\">Wegen der sehr guten Resonanz im letzten Jahr, wird auch heuer beim Eichwasener Advent ein Pl\u00e4tzchenwettbewerb ausgetragen. Jeder kann ihre oder seine beste, originellste, wohlschmeckendste Sorte von einer Fachjury beurteilen lassen. Egal ob traditionelles Rezept oder neue Kreation: je 10 Exemplare der Lieblingssorte m\u00fcssen bis 16:30 Uhr auf dem Markt abgegeben werden. Dann tritt die Jury in Aktion und um 17: 30 Uhr sind die Gewinner*innen ermittelt. Sie erhalten attraktive Preise. Ran an den Teig und backen Sie mit \u2013 es lohnt sich!\u00a0<\/span><\/p>\t\t\t\t\t\t<\/div>\n\t\t\t\t<\/div>\n\t\t\t\t<div class=\"elementor-element elementor-element-b291882 elementor-widget elementor-widget-shortcode\" data-id=\"b291882\" data-element_type=\"widget\" data-widget_type=\"shortcode.default\">\n\t\t\t\t<div class=\"elementor-widget-container\">\n\t\t\t\t\t<div class=\"elementor-shortcode\"><center><a href=\"https:\/\/a.partner-versicherung.de\/click.php?partner_id=19992&ad_id=441&deep=kfz-versicherung\"  target=\"_blank\"><img decoding=\"async\" src=\"https:\/\/a.partner-versicherung.de\/view.php?partner_id=19992&ad_id=441\" ><\/a><\/center><\/div>\n\t\t\t\t<\/div>\n\t\t\t\t<\/div>\n\t\t\t\t<div class=\"elementor-element elementor-element-600a186 elementor-widget elementor-widget-image\" data-id=\"600a186\" data-element_type=\"widget\" data-widget_type=\"image.default\">\n\t\t\t\t<div class=\"elementor-widget-container\">\n\t\t\t\t\t\t\t\t\t\t<figure class=\"wp-caption\">\n\t\t\t\t\t\t\t\t\t\t<img fetchpriority=\"high\" decoding=\"async\" width=\"640\" height=\"525\" src=\"https:\/\/www.region-schwabach.de\/wordpress\/wp-content\/uploads\/2023\/12\/adventsmarkt-eichwasen-2023-1-e1701567726671.jpg\" class=\"attachment-full size-full wp-image-220130\" alt=\"\" \/>\t\t\t\t\t\t\t\t\t\t\t<figcaption class=\"widget-image-caption wp-caption-text\"><\/figcaption>\n\t\t\t\t\t\t\t\t\t\t<\/figure>\n\t\t\t\t\t\t\t<\/div>\n\t\t\t\t<\/div>\n\t\t\t\t<div class=\"elementor-element elementor-element-0c834d7 elementor-widget-divider--view-line elementor-widget elementor-widget-divider\" data-id=\"0c834d7\" data-element_type=\"widget\" data-widget_type=\"divider.default\">\n\t\t\t\t<div class=\"elementor-widget-container\">\n\t\t\t\t\t<div class=\"elementor-divider\">\n\t\t\t<span class=\"elementor-divider-separator\">\n\t\t\t\t\t\t<\/span>\n\t\t<\/div>\n\t\t\t\t<\/div>\n\t\t\t\t<\/div>\n\t\t\t\t<div class=\"elementor-element elementor-element-325f51f elementor-widget elementor-widget-google_maps\" data-id=\"325f51f\" data-element_type=\"widget\" data-widget_type=\"google_maps.default\">\n\t\t\t\t<div class=\"elementor-widget-container\">\n\t\t\t\t\t<div class=\"elementor-custom-embed\">\n\t\t\t<iframe loading=\"lazy\"\n\t\t\t\t\tsrc=\"https:\/\/maps.google.com\/maps?q=Franz-Xaver-Schuster-Str.%2066%2C%20Schwabach%2C%20Deutschland&#038;t=m&#038;z=15&#038;output=embed&#038;iwloc=near\"\n\t\t\t\t\ttitle=\"Franz-Xaver-Schuster-Str. 66, Schwabach, Deutschland\"\n\t\t\t\t\taria-label=\"Franz-Xaver-Schuster-Str. 66, Schwabach, Deutschland\"\n\t\t\t><\/iframe>\n\t\t<\/div>\n\t\t\t\t<\/div>\n\t\t\t\t<\/div>\n\t\t\t\t\t<\/div>\n\t\t<\/div>\n\t\t\t\t<div class=\"elementor-column elementor-col-33 elementor-top-column elementor-element elementor-element-f645137\" data-id=\"f645137\" data-element_type=\"column\">\n\t\t\t<div class=\"elementor-widget-wrap elementor-element-populated\">\n\t\t\t\t\t\t<div class=\"elementor-element elementor-element-bd63a63 elementor-widget elementor-widget-wp-widget-advads_ad_widget\" data-id=\"bd63a63\" data-element_type=\"widget\" data-widget_type=\"wp-widget-advads_ad_widget.default\">\n\t\t\t\t<div class=\"elementor-widget-container\">\n\t\t\t<div id=\"regio-1255668079\"><div class=\"regio-adlabel\">Werbung<\/div><div id=\"regio-702609672\"><!-- Beginn https:\/\/www.financeads.net\/-Code --><a href=\"https:\/\/www.financeads.net\/tc.php?t=36648C271460142B\" target=\"_blank\"><img decoding=\"async\" src=\"https:\/\/www.financeads.net\/tb.php?t=36648V271460142B&https=1\" alt=\"PETPROTECT_Hund&Katze_Banner\" border=\"0\" width=\"250\" height=\"250\"><\/a><!-- Ende https:\/\/www.financeads.net\/-Code --><\/div><div id=\"regio-2411723154\"><!-- Beginn https:\/\/www.financeads.net\/-Code --><a href=\"https:\/\/www.financeads.net\/tc.php?t=36648C236142529B\" target=\"_blank\"><img decoding=\"async\" src=\"https:\/\/www.financeads.net\/tb.php?t=36648V236142529B&https=1\" alt=\"\" border=\"0\" width=\"300\" height=\"250\"><\/a><!-- Ende https:\/\/www.financeads.net\/-Code --><\/div><div id=\"regio-2733117150\"><!-- Beginn https:\/\/www.financeads.net\/-Code --><a href=\"https:\/\/www.financeads.net\/tc.php?t=36648C205040072B\" target=\"_blank\"><img loading=\"lazy\" decoding=\"async\" src=\"https:\/\/www.financeads.net\/tb.php?t=36648V205040072B&https=1\" alt=\"\" border=\"0\" width=\"300\" height=\"250\"><\/a><!-- Ende https:\/\/www.financeads.net\/-Code --><\/div><div id=\"regio-1102791971\"><!-- Beginn https:\/\/www.financeads.net\/-Code --><a href=\"https:\/\/www.financeads.net\/tc.php?t=36648C42614510B\" target=\"_blank\"><img loading=\"lazy\" decoding=\"async\" src=\"https:\/\/www.financeads.net\/tb.php?t=36648V42614510B&https=1\" alt=\"\" border=\"0\" width=\"200\" height=\"300\"><\/a><!-- Ende https:\/\/www.financeads.net\/-Code --><\/div><\/div>\t\t<\/div>\n\t\t\t\t<\/div>\n\t\t\t\t\t<\/div>\n\t\t<\/div>\n\t\t\t\t\t<\/div>\n\t\t<\/section>\n\t\t\t\t<\/div>\n\t\t","protected":false},"excerpt":{"rendered":"<div class=\"mh-excerpt\"><p>Sonntag, den 3. Dezember 2023, ab 15.00 Uhr:\u00a0Adventsmarkt mit Pl\u00e4tzchenwettbewerb\u00a0im Eichwasen Schwabach &#8211; Altbew\u00e4hrtes und Neues k\u00f6nnen BesucherInnen am ersten Adventssonntag, 3.12. im Eichwasen erleben. Denn es ist wieder soweit. In Zusammenarbeit mit den ans\u00e4ssigen <a class=\"mh-excerpt-more\" href=\"https:\/\/www.region-schwabach.de\/wordpress\/adventsmarkt-mit-platzchenwettbewerb-im-eichwasen-am-sonntag-den-3-dezember-2023\/\" title=\"Adventsmarkt mit Pl\u00e4tzchenwettbewerb im Eichwasen am Sonntag, den 3. Dezember 2023\">[&#8230;]<\/a><\/p>\n<\/div>","protected":false},"author":1,"featured_media":220128,"comment_status":"open","ping_status":"open","sticky":false,"template":"","format":"standard","meta":{"_cbd_carousel_blocks":"[]","footnotes":""},"categories":[16,78,287,4306,231],"tags":[24080,24081,24083,21048,1634,10666,21044,24084,17757,6520,24085,21045,19,983,7143],"class_list":{"0":"post-220127","1":"post","2":"type-post","3":"status-publish","4":"format-standard","5":"has-post-thumbnail","7":"category-aktuell","8":"category-handel-und-wirtschaft","9":"category-jugend-und-familie","10":"category-ratgeber","11":"category-veranstaltungsnews","12":"tag-03-12-2023","13":"tag-3-dezember-2023","14":"tag-adventsmarkt","15":"tag-christkind","16":"tag-franz-xaver-schuster-strasse","17":"tag-gemeinde","18":"tag-gluehwein","19":"tag-katholisches-gemeindezentrum","20":"tag-krippe","21":"tag-kulinarische-koestlichkeiten","22":"tag-plaetzchenwettbewerb","23":"tag-rahmenprogramm","24":"tag-schwabach","25":"tag-unterhaltung","26":"tag-weihnachtsmarkt"},"_links":{"self":[{"href":"https:\/\/www.region-schwabach.de\/wordpress\/wp-json\/wp\/v2\/posts\/220127","targetHints":{"allow":["GET"]}}],"collection":[{"href":"https:\/\/www.region-schwabach.de\/wordpress\/wp-json\/wp\/v2\/posts"}],"about":[{"href":"https:\/\/www.region-schwabach.de\/wordpress\/wp-json\/wp\/v2\/types\/post"}],"author":[{"embeddable":true,"href":"https:\/\/www.region-schwabach.de\/wordpress\/wp-json\/wp\/v2\/users\/1"}],"replies":[{"embeddable":true,"href":"https:\/\/www.region-schwabach.de\/wordpress\/wp-json\/wp\/v2\/comments?post=220127"}],"version-history":[{"count":0,"href":"https:\/\/www.region-schwabach.de\/wordpress\/wp-json\/wp\/v2\/posts\/220127\/revisions"}],"wp:featuredmedia":[{"embeddable":true,"href":"https:\/\/www.region-schwabach.de\/wordpress\/wp-json\/wp\/v2\/media\/220128"}],"wp:attachment":[{"href":"https:\/\/www.region-schwabach.de\/wordpress\/wp-json\/wp\/v2\/media?parent=220127"}],"wp:term":[{"taxonomy":"category","embeddable":true,"href":"https:\/\/www.region-schwabach.de\/wordpress\/wp-json\/wp\/v2\/categories?post=220127"},{"taxonomy":"post_tag","embeddable":true,"href":"https:\/\/www.region-schwabach.de\/wordpress\/wp-json\/wp\/v2\/tags?post=220127"}],"curies":[{"name":"wp","href":"https:\/\/api.w.org\/{rel}","templated":true}]}}