{"id":22049,"date":"2017-12-08T11:45:22","date_gmt":"2017-12-08T10:45:22","guid":{"rendered":"http:\/\/www.region-schwabach.de\/wordpress\/?p=22049"},"modified":"2017-12-09T01:28:10","modified_gmt":"2017-12-09T00:28:10","slug":"reichlich-arbeit-fuer-die-polizeiinspektion-in-roth","status":"publish","type":"post","link":"https:\/\/www.region-schwabach.de\/wordpress\/reichlich-arbeit-fuer-die-polizeiinspektion-in-roth\/","title":{"rendered":"Reichlich Arbeit f\u00fcr die Polizeiinspektion in Roth"},"content":{"rendered":"\t\t<div data-elementor-type=\"wp-post\" data-elementor-id=\"22049\" class=\"elementor elementor-22049 elementor-bc-flex-widget\">\n\t\t\t\t\t\t<section class=\"elementor-section elementor-top-section elementor-element elementor-element-1cuv9jr elementor-section-boxed elementor-section-height-default elementor-section-height-default\" data-id=\"1cuv9jr\" data-element_type=\"section\">\n\t\t\t\t\t\t<div class=\"elementor-container elementor-column-gap-default\">\n\t\t\t\t\t<div class=\"elementor-column elementor-col-66 elementor-top-column elementor-element elementor-element-q5zak7b\" data-id=\"q5zak7b\" data-element_type=\"column\">\n\t\t\t<div class=\"elementor-widget-wrap elementor-element-populated\">\n\t\t\t\t\t\t<div class=\"elementor-element elementor-element-86qws23 elementor-widget elementor-widget-text-editor\" data-id=\"86qws23\" data-element_type=\"widget\" data-widget_type=\"text-editor.default\">\n\t\t\t\t<div class=\"elementor-widget-container\">\n\t\t\t\t\t\t\t<h3>Auto in Rothaurach angefahren und gefl\u00fcchtet<\/h3><p>Roth &#8211; Am Dienstag, den 05.12.2017, fuhr ein wei\u00dfer Kleinwagen in den sp\u00e4ten Abendstunden, einen in der Kriemhildstra\u00dfe im Ortsteil Rothaurach geparkten roten Ford Fiesta an, und entfernte sich danach unerlaubt vom Unfallort, ohne sich um die Regulierung des Schadens in H\u00f6he von ca. 2.000 Euro zu k\u00fcmmern.<\/p><h3>Zwei Autos in Roth verkratzt<\/h3><p>Roth &#8211; Beim ersten Fall handelt es sich um einen in der Nordstadt geparkten schwarzen SUV. Der 44-j\u00e4hrige Fahrer hatte das Fahrzeug am sp\u00e4ten Montagnachmittag, den 04.12.2017, in der Stresemannstra\u00dfe in Roth abgestellt. Als er am n\u00e4chsten Morgen zu seinem PKW kam, wies die gesamte Beifahrerseite zahlreiche, tiefe Kratzer auf, deren Beseitigung wohl mehrere Tausend Euro kosten wird.<\/p><p>B\u00fcchenbach &#8211; Beim zweiten Fall kam es zu einer b\u00f6sen \u00dcberraschung f\u00fcr eine B\u00fcchenbacherin, die ihr Fahrzeug nahe der B\u00fcchenbacher Realschule abgestellt hatte. Als sie nach dem Elternsprechtag zu ihrem braunes Audi Cabrio kam, war dieses \u00fcber die gesamte Fahrzeugl\u00e4nge mit einem langen und tiefen Kratzer versehen. Der hierbei entstandene Schaden d\u00fcrfte sich auf einen mindestens im niedrigen vierstelligen Eurobetrag belaufen.\u00a0<\/p><h3>Absperrung in Roth gestohlen<\/h3><p>Roth &#8211; In der Nacht von Dienstag, den 05.12.2017, auf Mittwoch, den 06.12.2017, wurde auf der Baustelle in der Zweigstra\u00dfe in Roth &#8211; von bisher unbekannten T\u00e4tern &#8211; eine Absperrschranke mit f\u00fcnf Warnleuchten gestohlen.<\/p><h3>Ampel in Rednitzhembach besch\u00e4digt<\/h3><p>Rednitzhembach &#8211; Zwischen Ende November und ca. 06.12.2017 besch\u00e4digte ein bislang unbekannter Fahrzeugf\u00fchrer die Ampelanlage an der Kreuzung der Flurstra\u00dfe mit der Staatsstra\u00dfe von Schwabach nach Roth.<\/p><p>Offensichtlich war das verursachende Fahrzeug zu schnell von Schwabach her kommend nach rechts in die Ortschaft eingebogen, dabei dann auf den linken Fahrbahnteiler gekommen und danach heftig gegen den Ampelmast gekracht.<\/p><p>Aufgrund der aufgefundenen Glassplitter d\u00fcrfte dem verursachenden Fahrzeug nun das rechte Scheinwerferglas fehlen.<\/p><h3>Polizei bittet um Mithilfe<\/h3><p>Personen, die verd\u00e4chtige Beobachtungen gemacht haben, werden gebeten, diese der Polizei in Roth unter der Rufnummer 09171-9744-0 mitzuteilen.<\/p>\t\t\t\t\t\t<\/div>\n\t\t\t\t<\/div>\n\t\t\t\t<div class=\"elementor-element elementor-element-id240nb elementor-widget elementor-widget-google_maps\" data-id=\"id240nb\" data-element_type=\"widget\" data-widget_type=\"google_maps.default\">\n\t\t\t\t<div class=\"elementor-widget-container\">\n\t\t\t\t\t<div class=\"elementor-custom-embed\">\n\t\t\t<iframe loading=\"lazy\"\n\t\t\t\t\tsrc=\"https:\/\/maps.google.com\/maps?q=Roth%2C%20Deutschland&#038;t=m&#038;z=12&#038;output=embed&#038;iwloc=near\"\n\t\t\t\t\ttitle=\"Roth, Deutschland\"\n\t\t\t\t\taria-label=\"Roth, Deutschland\"\n\t\t\t><\/iframe>\n\t\t<\/div>\n\t\t\t\t<\/div>\n\t\t\t\t<\/div>\n\t\t\t\t\t<\/div>\n\t\t<\/div>\n\t\t\t\t<div class=\"elementor-column elementor-col-33 elementor-top-column elementor-element elementor-element-0w0urt1\" data-id=\"0w0urt1\" data-element_type=\"column\">\n\t\t\t<div class=\"elementor-widget-wrap elementor-element-populated\">\n\t\t\t\t\t\t<div class=\"elementor-element elementor-element-mo6nk5i elementor-widget elementor-widget-image\" data-id=\"mo6nk5i\" data-element_type=\"widget\" data-widget_type=\"image.default\">\n\t\t\t\t<div class=\"elementor-widget-container\">\n\t\t\t\t\t\t\t\t\t\t\t\t\t\t<a href=\"http:\/\/www.region-schwabach.de\/wordpress\/werben-auf-region-schwabach\/\" target=\"_blank\">\n\t\t\t\t\t\t\t<img fetchpriority=\"high\" decoding=\"async\" width=\"1024\" height=\"1024\" src=\"https:\/\/www.region-schwabach.de\/wordpress\/wp-content\/uploads\/2017\/06\/werbung8-1024x1024.png\" class=\"attachment-large size-large wp-image-2484\" alt=\"\" srcset=\"https:\/\/www.region-schwabach.de\/wordpress\/wp-content\/uploads\/2017\/06\/werbung8-1024x1024.png 1024w, https:\/\/www.region-schwabach.de\/wordpress\/wp-content\/uploads\/2017\/06\/werbung8-150x150.png 150w, https:\/\/www.region-schwabach.de\/wordpress\/wp-content\/uploads\/2017\/06\/werbung8-300x300.png 300w, https:\/\/www.region-schwabach.de\/wordpress\/wp-content\/uploads\/2017\/06\/werbung8-768x768.png 768w, https:\/\/www.region-schwabach.de\/wordpress\/wp-content\/uploads\/2017\/06\/werbung8-600x600.png 600w, https:\/\/www.region-schwabach.de\/wordpress\/wp-content\/uploads\/2017\/06\/werbung8.png 1200w\" sizes=\"(max-width: 1024px) 100vw, 1024px\" \/>\t\t\t\t\t\t\t\t<\/a>\n\t\t\t\t\t\t\t\t\t\t\t\t\t<\/div>\n\t\t\t\t<\/div>\n\t\t\t\t\t<\/div>\n\t\t<\/div>\n\t\t\t\t\t<\/div>\n\t\t<\/section>\n\t\t\t\t<\/div>\n\t\t","protected":false},"excerpt":{"rendered":"<div class=\"mh-excerpt\"><p>Auto in Rothaurach angefahren und gefl\u00fcchtet Roth &#8211; Am Dienstag, den 05.12.2017, fuhr ein wei\u00dfer Kleinwagen in den sp\u00e4ten Abendstunden, einen in der Kriemhildstra\u00dfe im Ortsteil Rothaurach geparkten roten Ford Fiesta an, und entfernte sich <a class=\"mh-excerpt-more\" href=\"https:\/\/www.region-schwabach.de\/wordpress\/reichlich-arbeit-fuer-die-polizeiinspektion-in-roth\/\" title=\"Reichlich Arbeit f\u00fcr die Polizeiinspektion in Roth\">[&#8230;]<\/a><\/p>\n<\/div>","protected":false},"author":1,"featured_media":22050,"comment_status":"open","ping_status":"open","sticky":false,"template":"","format":"standard","meta":{"_cbd_carousel_blocks":"[]","footnotes":""},"categories":[15],"tags":[1644,1670,1693,1793,1794,1791,526,1122,1786,30,454,1558,1090,1787,1788,1572,463,493,32,1538,401,713,19,1093,1790,1789,457,1792],"class_list":{"0":"post-22049","1":"post","2":"type-post","3":"status-publish","4":"format-standard","5":"has-post-thumbnail","7":"category-polizeimeldungen","8":"tag-04-12-2017","9":"tag-05-12-2017","10":"tag-06-12-2017","11":"tag-absperrschranke-mit-fuenf-warnleuchten","12":"tag-ampelanlage","13":"tag-audi-cabrio","14":"tag-baustelle","15":"tag-beschaedigung","16":"tag-dezember","17":"tag-diebstahl","18":"tag-fahrerflucht","19":"tag-flurstrasse","20":"tag-ford-fiesta","21":"tag-kriemhildstrasse","22":"tag-nordstadt","23":"tag-november","24":"tag-pkw","25":"tag-rednitzhembach","26":"tag-roth","27":"tag-rothaurach","28":"tag-sachschaden","29":"tag-schaden","30":"tag-schwabach","31":"tag-staatsstrasse","32":"tag-stresemannstrasse","33":"tag-suv","34":"tag-unfallflucht","35":"tag-zweigstrasse"},"_links":{"self":[{"href":"https:\/\/www.region-schwabach.de\/wordpress\/wp-json\/wp\/v2\/posts\/22049","targetHints":{"allow":["GET"]}}],"collection":[{"href":"https:\/\/www.region-schwabach.de\/wordpress\/wp-json\/wp\/v2\/posts"}],"about":[{"href":"https:\/\/www.region-schwabach.de\/wordpress\/wp-json\/wp\/v2\/types\/post"}],"author":[{"embeddable":true,"href":"https:\/\/www.region-schwabach.de\/wordpress\/wp-json\/wp\/v2\/users\/1"}],"replies":[{"embeddable":true,"href":"https:\/\/www.region-schwabach.de\/wordpress\/wp-json\/wp\/v2\/comments?post=22049"}],"version-history":[{"count":0,"href":"https:\/\/www.region-schwabach.de\/wordpress\/wp-json\/wp\/v2\/posts\/22049\/revisions"}],"wp:featuredmedia":[{"embeddable":true,"href":"https:\/\/www.region-schwabach.de\/wordpress\/wp-json\/wp\/v2\/media\/22050"}],"wp:attachment":[{"href":"https:\/\/www.region-schwabach.de\/wordpress\/wp-json\/wp\/v2\/media?parent=22049"}],"wp:term":[{"taxonomy":"category","embeddable":true,"href":"https:\/\/www.region-schwabach.de\/wordpress\/wp-json\/wp\/v2\/categories?post=22049"},{"taxonomy":"post_tag","embeddable":true,"href":"https:\/\/www.region-schwabach.de\/wordpress\/wp-json\/wp\/v2\/tags?post=22049"}],"curies":[{"name":"wp","href":"https:\/\/api.w.org\/{rel}","templated":true}]}}