{"id":220510,"date":"2023-12-09T01:15:00","date_gmt":"2023-12-09T00:15:00","guid":{"rendered":"https:\/\/www.region-schwabach.de\/wordpress\/?p=220510"},"modified":"2023-12-08T22:11:32","modified_gmt":"2023-12-08T21:11:32","slug":"adventssingen-und-adventskonzert-in-schwabach-am-samstag-den-9-dezember-2023","status":"publish","type":"post","link":"https:\/\/www.region-schwabach.de\/wordpress\/adventssingen-und-adventskonzert-in-schwabach-am-samstag-den-9-dezember-2023\/","title":{"rendered":"Adventssingen und Adventskonzert in Schwabach &#8211; am Samstag, den 9. Dezember 2023"},"content":{"rendered":"\t\t<div data-elementor-type=\"wp-post\" data-elementor-id=\"220510\" class=\"elementor elementor-220510\">\n\t\t\t\t\t\t<section class=\"elementor-section elementor-top-section elementor-element elementor-element-tlus4ia elementor-section-boxed elementor-section-height-default elementor-section-height-default\" data-id=\"tlus4ia\" data-element_type=\"section\">\n\t\t\t\t\t\t<div class=\"elementor-container elementor-column-gap-default\">\n\t\t\t\t\t<div class=\"elementor-column elementor-col-66 elementor-top-column elementor-element elementor-element-sphcucl\" data-id=\"sphcucl\" data-element_type=\"column\">\n\t\t\t<div class=\"elementor-widget-wrap elementor-element-populated\">\n\t\t\t\t\t\t<div class=\"elementor-element elementor-element-3d342ff elementor-widget elementor-widget-wp-widget-advads_ad_widget\" data-id=\"3d342ff\" data-element_type=\"widget\" data-widget_type=\"wp-widget-advads_ad_widget.default\">\n\t\t\t\t<div class=\"elementor-widget-container\">\n\t\t\t<div id=\"regio-2622746452\"><div class=\"regio-adlabel\">Werbung<\/div><center><a href=\"https:\/\/a.partner-versicherung.de\/click.php?partner_id=19992&ad_id=1578&deep=kreditkarten\"  target=\"_blank\"><img decoding=\"async\" src=\"https:\/\/a.partner-versicherung.de\/view.php?partner_id=19992&ad_id=1578\" ><\/a><\/center><\/div>\t\t<\/div>\n\t\t\t\t<\/div>\n\t\t\t\t<div class=\"elementor-element elementor-element-4f2h2af elementor-widget elementor-widget-text-editor\" data-id=\"4f2h2af\" data-element_type=\"widget\" data-widget_type=\"text-editor.default\">\n\t\t\t\t<div class=\"elementor-widget-container\">\n\t\t\t\t\t\t\t<h3 class=\"entry-title\">Samstag, den 9. Dezember 2023, um 16.30 Uhr und 17.30 Uhr\u00a0<br \/>Adventssingen und Adventskonzert<\/h3><h3><span style=\"font-size: 14pt;\"><strong>Adventssingen im Innenhof\u00a0<\/strong><\/span><\/h3><p><span style=\"font-size: 12pt;\">Wie kann man sich besser auf die Adventszeit und das bevorstehende Weihnachtsfest einstimmen, als mit einem leckeren, w\u00e4rmenden Punsch in der Hand gemeinsam zu singen? Dazu gibt es nur wenige Gelegenheiten, bei uns ist eine davon: Wir laden Sie herzlich ein, mit uns und Ihren Kindern im Innenhof des Alten DG zu Punsch, Gl\u00fchwein und Pl\u00e4tzchen zu kommen und adventliche und weihnachtliche Lieder zu singen.<\/span><\/p><p><span style=\"font-size: 12pt;\">Die Kinder aus den Fr\u00fcherziehungsprojekten an den Schwabacher Kinderg\u00e4rten, des Schwabacher Kinderchores und der Singklassen der Luitpold-Grundschule geben dabei unter Leitung von Anne Herrmann und Almut Sch\u00f6ller den Ton an. Unterst\u00fctzt werden sie von den Bl\u00e4ser:innen der Musikschule.<\/span><\/p><p><span style=\"font-size: 12pt;\">Die Musikschule freut sich auf Ihr Kommen!<\/span><\/p><p><strong><span style=\"font-size: 12pt;\">Der Eintritt ist frei!<\/span><\/strong><\/p><h3><span style=\"font-size: 14pt;\"><strong>Adventskonzert der Big Band und Bands<\/strong><\/span><\/h3><p><span style=\"font-size: 12pt;\">Im Anschluss an das Adventssingen geht es im AWO-Saal weiter mit weihnachtlichem Jazz und Swing von Schwabach`s beliebter Big Band Swing Company unter Leitung von Paul Kunzmann. Mit dabei sind Ohrw\u00fcrmer wie \u201eAll I want for Christmas\u201c oder \u201eJingle Bells\u201c, die in keiner Adventszeit fehlen d\u00fcrfen und in einer sch\u00f6nen Swing-Version einfach nur warm ums Herz machen.<\/span><\/p><p><span style=\"font-size: 12pt;\">Auch das Improensemble wird seine neuen Arrangements darbieten und die Musikschul-Band On Stage wird das Genre mit Hits wie \u201eSanta Claus is coming to town\u201c Richtung Rock Pop erweitern. Zu guter Letzt darf sich das Publikum noch auf eine Premiere freuen: Die B\u00e4\u00e4\u00e4nd wurde im Oktober frisch gegr\u00fcndet und wir sind gespannt, was sie zu bieten haben.<\/span><\/p><p><span style=\"font-size: 12pt;\">Die Musikschule freut sich auf Ihr Kommen!<\/span><\/p><p><strong><span style=\"font-size: 12pt;\">Der Eintritt ist frei!\u00a0<\/span><\/strong><\/p>\t\t\t\t\t\t<\/div>\n\t\t\t\t<\/div>\n\t\t\t\t<div class=\"elementor-element elementor-element-25178bb elementor-widget elementor-widget-shortcode\" data-id=\"25178bb\" data-element_type=\"widget\" data-widget_type=\"shortcode.default\">\n\t\t\t\t<div class=\"elementor-widget-container\">\n\t\t\t\t\t<div class=\"elementor-shortcode\"><center><a href=\"https:\/\/a.partner-versicherung.de\/click.php?partner_id=19992&ad_id=441&deep=kfz-versicherung\"  target=\"_blank\"><img decoding=\"async\" src=\"https:\/\/a.partner-versicherung.de\/view.php?partner_id=19992&ad_id=441\" ><\/a><\/center><\/div>\n\t\t\t\t<\/div>\n\t\t\t\t<\/div>\n\t\t\t\t<div class=\"elementor-element elementor-element-772dde2 elementor-widget-divider--view-line elementor-widget elementor-widget-divider\" data-id=\"772dde2\" data-element_type=\"widget\" data-widget_type=\"divider.default\">\n\t\t\t\t<div class=\"elementor-widget-container\">\n\t\t\t\t\t<div class=\"elementor-divider\">\n\t\t\t<span class=\"elementor-divider-separator\">\n\t\t\t\t\t\t<\/span>\n\t\t<\/div>\n\t\t\t\t<\/div>\n\t\t\t\t<\/div>\n\t\t\t\t<div class=\"elementor-element elementor-element-39c5f74 elementor-widget elementor-widget-google_maps\" data-id=\"39c5f74\" data-element_type=\"widget\" data-widget_type=\"google_maps.default\">\n\t\t\t\t<div class=\"elementor-widget-container\">\n\t\t\t\t\t<div class=\"elementor-custom-embed\">\n\t\t\t<iframe loading=\"lazy\"\n\t\t\t\t\tsrc=\"https:\/\/maps.google.com\/maps?q=Wittelsbacherstra%C3%9Fe%201%2C%20Schwabach%2C%20Deutschland&#038;t=m&#038;z=18&#038;output=embed&#038;iwloc=near\"\n\t\t\t\t\ttitle=\"Wittelsbacherstra\u00dfe 1, Schwabach, Deutschland\"\n\t\t\t\t\taria-label=\"Wittelsbacherstra\u00dfe 1, Schwabach, Deutschland\"\n\t\t\t><\/iframe>\n\t\t<\/div>\n\t\t\t\t<\/div>\n\t\t\t\t<\/div>\n\t\t\t\t<div class=\"elementor-element elementor-element-3a81327 elementor-widget elementor-widget-google_maps\" data-id=\"3a81327\" data-element_type=\"widget\" data-widget_type=\"google_maps.default\">\n\t\t\t\t<div class=\"elementor-widget-container\">\n\t\t\t\t\t<div class=\"elementor-custom-embed\">\n\t\t\t<iframe loading=\"lazy\"\n\t\t\t\t\tsrc=\"https:\/\/maps.google.com\/maps?q=Seminarstra%C3%9Fe%202%2C%20Schwabach%2C%20Deutschland&#038;t=m&#038;z=18&#038;output=embed&#038;iwloc=near\"\n\t\t\t\t\ttitle=\"Seminarstra\u00dfe 2, Schwabach, Deutschland\"\n\t\t\t\t\taria-label=\"Seminarstra\u00dfe 2, Schwabach, Deutschland\"\n\t\t\t><\/iframe>\n\t\t<\/div>\n\t\t\t\t<\/div>\n\t\t\t\t<\/div>\n\t\t\t\t\t<\/div>\n\t\t<\/div>\n\t\t\t\t<div class=\"elementor-column elementor-col-33 elementor-top-column elementor-element elementor-element-flkv3o5\" data-id=\"flkv3o5\" data-element_type=\"column\">\n\t\t\t<div class=\"elementor-widget-wrap elementor-element-populated\">\n\t\t\t\t\t\t<div class=\"elementor-element elementor-element-084537c elementor-widget elementor-widget-heading\" data-id=\"084537c\" data-element_type=\"widget\" data-widget_type=\"heading.default\">\n\t\t\t\t<div class=\"elementor-widget-container\">\n\t\t\t<h3 class=\"elementor-heading-title elementor-size-default\">Schnell vergleichen und sparen!<\/h3>\t\t<\/div>\n\t\t\t\t<\/div>\n\t\t\t\t<div class=\"elementor-element elementor-element-419e16d elementor-widget elementor-widget-wp-widget-advads_ad_widget\" data-id=\"419e16d\" data-element_type=\"widget\" data-widget_type=\"wp-widget-advads_ad_widget.default\">\n\t\t\t\t<div class=\"elementor-widget-container\">\n\t\t\t<div id=\"regio-2584254489\"><div class=\"regio-adlabel\">Werbung<\/div><!-- Beginn https:\/\/www.financeads.net\/-Code --><a href=\"https:\/\/www.financeads.net\/tc.php?t=36648C236142529B\" target=\"_blank\"><img fetchpriority=\"high\" decoding=\"async\" src=\"https:\/\/www.financeads.net\/tb.php?t=36648V236142529B&https=1\" alt=\"\" border=\"0\" width=\"300\" height=\"250\"><\/a><!-- Ende https:\/\/www.financeads.net\/-Code --><\/div>\t\t<\/div>\n\t\t\t\t<\/div>\n\t\t\t\t<div class=\"elementor-element elementor-element-8dd8349 elementor-widget elementor-widget-wp-widget-advads_ad_widget\" data-id=\"8dd8349\" data-element_type=\"widget\" data-widget_type=\"wp-widget-advads_ad_widget.default\">\n\t\t\t\t<div class=\"elementor-widget-container\">\n\t\t\t<div id=\"regio-2617352528\"><div class=\"regio-adlabel\">Werbung<\/div><!-- Beginn https:\/\/www.financeads.net\/-Code --><a href=\"https:\/\/www.financeads.net\/tc.php?t=36648C42614510B\" target=\"_blank\"><img decoding=\"async\" src=\"https:\/\/www.financeads.net\/tb.php?t=36648V42614510B&https=1\" alt=\"\" border=\"0\" width=\"200\" height=\"300\"><\/a><!-- Ende https:\/\/www.financeads.net\/-Code --><\/div>\t\t<\/div>\n\t\t\t\t<\/div>\n\t\t\t\t<div class=\"elementor-element elementor-element-df81495 elementor-widget elementor-widget-wp-widget-advads_ad_widget\" data-id=\"df81495\" data-element_type=\"widget\" data-widget_type=\"wp-widget-advads_ad_widget.default\">\n\t\t\t\t<div class=\"elementor-widget-container\">\n\t\t\t<div id=\"regio-1679106261\"><div class=\"regio-adlabel\">Werbung<\/div><!-- Beginn https:\/\/www.financeads.net\/-Code --><a href=\"https:\/\/www.financeads.net\/tc.php?t=36648C205040072B\" target=\"_blank\"><img decoding=\"async\" src=\"https:\/\/www.financeads.net\/tb.php?t=36648V205040072B&https=1\" alt=\"\" border=\"0\" width=\"300\" height=\"250\"><\/a><!-- Ende https:\/\/www.financeads.net\/-Code --><\/div>\t\t<\/div>\n\t\t\t\t<\/div>\n\t\t\t\t<div class=\"elementor-element elementor-element-fb2366f elementor-widget elementor-widget-wp-widget-advads_ad_widget\" data-id=\"fb2366f\" data-element_type=\"widget\" data-widget_type=\"wp-widget-advads_ad_widget.default\">\n\t\t\t\t<div class=\"elementor-widget-container\">\n\t\t\t<div id=\"regio-1382373382\"><div class=\"regio-adlabel\">Werbung<\/div><!-- Beginn https:\/\/www.financeads.net\/-Code --><a href=\"https:\/\/www.financeads.net\/tc.php?t=36648C271460142B\" target=\"_blank\"><img loading=\"lazy\" decoding=\"async\" src=\"https:\/\/www.financeads.net\/tb.php?t=36648V271460142B&https=1\" alt=\"PETPROTECT_Hund&Katze_Banner\" border=\"0\" width=\"250\" height=\"250\"><\/a><!-- Ende https:\/\/www.financeads.net\/-Code --><\/div>\t\t<\/div>\n\t\t\t\t<\/div>\n\t\t\t\t\t<\/div>\n\t\t<\/div>\n\t\t\t\t\t<\/div>\n\t\t<\/section>\n\t\t\t\t<\/div>\n\t\t","protected":false},"excerpt":{"rendered":"<div class=\"mh-excerpt\"><p>Samstag, den 9. Dezember 2023, um 16.30 Uhr und 17.30 Uhr\u00a0Adventssingen und Adventskonzert Adventssingen im Innenhof\u00a0 Wie kann man sich besser auf die Adventszeit und das bevorstehende Weihnachtsfest einstimmen, als mit einem leckeren, w\u00e4rmenden Punsch <a class=\"mh-excerpt-more\" href=\"https:\/\/www.region-schwabach.de\/wordpress\/adventssingen-und-adventskonzert-in-schwabach-am-samstag-den-9-dezember-2023\/\" title=\"Adventssingen und Adventskonzert in Schwabach &#8211; am Samstag, den 9. Dezember 2023\">[&#8230;]<\/a><\/p>\n<\/div>","protected":false},"author":1,"featured_media":220511,"comment_status":"open","ping_status":"open","sticky":false,"template":"","format":"standard","meta":{"_cbd_carousel_blocks":"[]","footnotes":""},"categories":[16,287,231],"tags":[24122,24123,7223,24124,22030,24125,3128,3144,19,7401,3917],"class_list":{"0":"post-220510","1":"post","2":"type-post","3":"status-publish","4":"format-standard","5":"has-post-thumbnail","7":"category-aktuell","8":"category-jugend-und-familie","9":"category-veranstaltungsnews","10":"tag-09-12-2023","11":"tag-9-dezember-2023","12":"tag-adventskonzert","13":"tag-adventssingen","14":"tag-awo-saal","15":"tag-innenhof-des-alten-dg","16":"tag-konzert","17":"tag-musikschule","18":"tag-schwabach","19":"tag-singen","20":"tag-st-sebald"},"_links":{"self":[{"href":"https:\/\/www.region-schwabach.de\/wordpress\/wp-json\/wp\/v2\/posts\/220510","targetHints":{"allow":["GET"]}}],"collection":[{"href":"https:\/\/www.region-schwabach.de\/wordpress\/wp-json\/wp\/v2\/posts"}],"about":[{"href":"https:\/\/www.region-schwabach.de\/wordpress\/wp-json\/wp\/v2\/types\/post"}],"author":[{"embeddable":true,"href":"https:\/\/www.region-schwabach.de\/wordpress\/wp-json\/wp\/v2\/users\/1"}],"replies":[{"embeddable":true,"href":"https:\/\/www.region-schwabach.de\/wordpress\/wp-json\/wp\/v2\/comments?post=220510"}],"version-history":[{"count":0,"href":"https:\/\/www.region-schwabach.de\/wordpress\/wp-json\/wp\/v2\/posts\/220510\/revisions"}],"wp:featuredmedia":[{"embeddable":true,"href":"https:\/\/www.region-schwabach.de\/wordpress\/wp-json\/wp\/v2\/media\/220511"}],"wp:attachment":[{"href":"https:\/\/www.region-schwabach.de\/wordpress\/wp-json\/wp\/v2\/media?parent=220510"}],"wp:term":[{"taxonomy":"category","embeddable":true,"href":"https:\/\/www.region-schwabach.de\/wordpress\/wp-json\/wp\/v2\/categories?post=220510"},{"taxonomy":"post_tag","embeddable":true,"href":"https:\/\/www.region-schwabach.de\/wordpress\/wp-json\/wp\/v2\/tags?post=220510"}],"curies":[{"name":"wp","href":"https:\/\/api.w.org\/{rel}","templated":true}]}}