{"id":220563,"date":"2023-12-10T01:30:00","date_gmt":"2023-12-10T00:30:00","guid":{"rendered":"https:\/\/www.region-schwabach.de\/wordpress\/?p=220563"},"modified":"2023-12-10T00:40:22","modified_gmt":"2023-12-09T23:40:22","slug":"75-jahre-menschenrechte-infostand-und-mitmachaktion-am-sonntag-den-10-dezember-2023-ab-15-00-uhr-am-rathaus-in-schwabach","status":"publish","type":"post","link":"https:\/\/www.region-schwabach.de\/wordpress\/75-jahre-menschenrechte-infostand-und-mitmachaktion-am-sonntag-den-10-dezember-2023-ab-15-00-uhr-am-rathaus-in-schwabach\/","title":{"rendered":"75 Jahre Menschenrechte: Infostand und Mitmachaktion am Sonntag, den 10. Dezember 2023, ab 15.00 Uhr am Rathaus in Schwabach"},"content":{"rendered":"\t\t<div data-elementor-type=\"wp-post\" data-elementor-id=\"220563\" class=\"elementor elementor-220563\">\n\t\t\t\t\t\t<section class=\"elementor-section elementor-top-section elementor-element elementor-element-tlus4ia elementor-section-boxed elementor-section-height-default elementor-section-height-default\" data-id=\"tlus4ia\" data-element_type=\"section\">\n\t\t\t\t\t\t<div class=\"elementor-container elementor-column-gap-default\">\n\t\t\t\t\t<div class=\"elementor-column elementor-col-50 elementor-top-column elementor-element elementor-element-sphcucl\" data-id=\"sphcucl\" data-element_type=\"column\">\n\t\t\t<div class=\"elementor-widget-wrap elementor-element-populated\">\n\t\t\t\t\t\t<div class=\"elementor-element elementor-element-a2ead67 elementor-widget elementor-widget-wp-widget-advads_ad_widget\" data-id=\"a2ead67\" data-element_type=\"widget\" data-widget_type=\"wp-widget-advads_ad_widget.default\">\n\t\t\t\t<div class=\"elementor-widget-container\">\n\t\t\t<div id=\"regio-1897346955\"><div class=\"regio-adlabel\">Werbung<\/div><center><a href=\"https:\/\/a.partner-versicherung.de\/click.php?partner_id=19992&ad_id=1578&deep=kreditkarten\"  target=\"_blank\"><img decoding=\"async\" src=\"https:\/\/a.partner-versicherung.de\/view.php?partner_id=19992&ad_id=1578\" ><\/a><\/center><\/div>\t\t<\/div>\n\t\t\t\t<\/div>\n\t\t\t\t<div class=\"elementor-element elementor-element-4f2h2af elementor-widget elementor-widget-text-editor\" data-id=\"4f2h2af\" data-element_type=\"widget\" data-widget_type=\"text-editor.default\">\n\t\t\t\t<div class=\"elementor-widget-container\">\n\t\t\t\t\t\t\t<h3>Sonntag, den 10. Dezember 2023, ab 15.00 Uhr auf dem Martin-Luther-Platz <br \/>75 Jahre Menschenrechte: Infostand und Mitmachaktion\u00a0<\/h3><p><span style=\"font-size: 12pt;\">Schwabach &#8211; A<\/span><span style=\"font-size: 12pt;\">m 10. Dezember 1948 versammelten sich die Delegierten der damals 56 Staaten der Vereinten Nationen in Paris und verabschiedeten die Allgemeine Erkl\u00e4rung der Menschenrechte. Die 30 Artikel wurden im Lauf der 75 Jahre zum Ma\u00dfstab f\u00fcr Politik. <\/span><\/p><p><span style=\"font-size: 12pt;\">Unter dem Motto \u201eSchwabach steht f\u00fcr Menschenrechte\u201c wird es deshalb am kommenden Sonntag, 10. Dezember \u2013 auf Einladung der Katholischen Erwachsenenbildung und mit Unterst\u00fctzung der Stadt Schwabach \u2013 einen Infostand und eine Mitmachaktion am Martin-Luther-Platz neben dem Rathaus Schwabach geben. <\/span><\/p><p><span style=\"font-size: 12pt;\">Um 16.00 Uhr sind teilnehmende Passantinnen und Passanten zu einer Menschenkette aufgerufen. <\/span><\/p><p><span style=\"font-size: 12pt;\">Teilnehmende Organisationen und Institutionen sind: Amnesty International, Asylcaf\u00e9 Schwabach, Evangelisches Bildungswerk, Evangelische Kirche, Haus der Begegnung, Integrationsrat, Katholisches Bildungswerk, Katholische Kirche und die Schwabacher \u201eSchulen ohne Rassismus\u201c.<\/span><\/p><p><span style=\"font-size: 12pt;\">Schon am Donnerstag, den 7. Dezember 2023, 19.00 Uhr laden die Schwabacher Volkshochschule und Amnesty International zur kostenlosen Streaming-Veranstaltung \u201eKlimakrise und Menschenrechte\u201c in die Alte Synagoge ein. <\/span><\/p><p><a href=\"https:\/\/www.vhs.schwabach.de\/programm\/gesellschaft\/kurs\/Menschenrechte-und-Klimakrise\/232-10204#inhalt\" target=\"_blank\" rel=\"noopener\"><span style=\"font-size: 12pt;\">Hier geht es zur Anmeldung &#8230;\u00a0<\/span><\/a><\/p>\t\t\t\t\t\t<\/div>\n\t\t\t\t<\/div>\n\t\t\t\t<div class=\"elementor-element elementor-element-e18f8fe elementor-widget elementor-widget-shortcode\" data-id=\"e18f8fe\" data-element_type=\"widget\" data-widget_type=\"shortcode.default\">\n\t\t\t\t<div class=\"elementor-widget-container\">\n\t\t\t\t\t<div class=\"elementor-shortcode\"><center><a href=\"https:\/\/a.partner-versicherung.de\/click.php?partner_id=19992&ad_id=441&deep=kfz-versicherung\"  target=\"_blank\"><img decoding=\"async\" src=\"https:\/\/a.partner-versicherung.de\/view.php?partner_id=19992&ad_id=441\" ><\/a><\/center><\/div>\n\t\t\t\t<\/div>\n\t\t\t\t<\/div>\n\t\t\t\t<div class=\"elementor-element elementor-element-772dde2 elementor-widget-divider--view-line elementor-widget elementor-widget-divider\" data-id=\"772dde2\" data-element_type=\"widget\" data-widget_type=\"divider.default\">\n\t\t\t\t<div class=\"elementor-widget-container\">\n\t\t\t\t\t<div class=\"elementor-divider\">\n\t\t\t<span class=\"elementor-divider-separator\">\n\t\t\t\t\t\t<\/span>\n\t\t<\/div>\n\t\t\t\t<\/div>\n\t\t\t\t<\/div>\n\t\t\t\t<div class=\"elementor-element elementor-element-353333d elementor-widget elementor-widget-google_maps\" data-id=\"353333d\" data-element_type=\"widget\" data-widget_type=\"google_maps.default\">\n\t\t\t\t<div class=\"elementor-widget-container\">\n\t\t\t\t\t<div class=\"elementor-custom-embed\">\n\t\t\t<iframe loading=\"lazy\"\n\t\t\t\t\tsrc=\"https:\/\/maps.google.com\/maps?q=Martin-Luther-Platz%2C%20Deutschland&#038;t=m&#038;z=14&#038;output=embed&#038;iwloc=near\"\n\t\t\t\t\ttitle=\"Martin-Luther-Platz, Deutschland\"\n\t\t\t\t\taria-label=\"Martin-Luther-Platz, Deutschland\"\n\t\t\t><\/iframe>\n\t\t<\/div>\n\t\t\t\t<\/div>\n\t\t\t\t<\/div>\n\t\t\t\t\t<\/div>\n\t\t<\/div>\n\t\t\t\t<div class=\"elementor-column elementor-col-50 elementor-top-column elementor-element elementor-element-f9ff3c4\" data-id=\"f9ff3c4\" data-element_type=\"column\">\n\t\t\t<div class=\"elementor-widget-wrap elementor-element-populated\">\n\t\t\t\t\t\t<div class=\"elementor-element elementor-element-ac2da25 elementor-widget elementor-widget-heading\" data-id=\"ac2da25\" data-element_type=\"widget\" data-widget_type=\"heading.default\">\n\t\t\t\t<div class=\"elementor-widget-container\">\n\t\t\t<h3 class=\"elementor-heading-title elementor-size-default\">Schnell vergleichen und sparen!<\/h3>\t\t<\/div>\n\t\t\t\t<\/div>\n\t\t\t\t<div class=\"elementor-element elementor-element-2695aee elementor-widget elementor-widget-wp-widget-advads_ad_widget\" data-id=\"2695aee\" data-element_type=\"widget\" data-widget_type=\"wp-widget-advads_ad_widget.default\">\n\t\t\t\t<div class=\"elementor-widget-container\">\n\t\t\t<div id=\"regio-2524636911\"><div class=\"regio-adlabel\">Werbung<\/div><!-- Beginn https:\/\/www.financeads.net\/-Code --><a href=\"https:\/\/www.financeads.net\/tc.php?t=36648C236142529B\" target=\"_blank\"><img fetchpriority=\"high\" decoding=\"async\" src=\"https:\/\/www.financeads.net\/tb.php?t=36648V236142529B&https=1\" alt=\"\" border=\"0\" width=\"300\" height=\"250\"><\/a><!-- Ende https:\/\/www.financeads.net\/-Code --><\/div>\t\t<\/div>\n\t\t\t\t<\/div>\n\t\t\t\t<div class=\"elementor-element elementor-element-1a72732 elementor-widget elementor-widget-wp-widget-advads_ad_widget\" data-id=\"1a72732\" data-element_type=\"widget\" data-widget_type=\"wp-widget-advads_ad_widget.default\">\n\t\t\t\t<div class=\"elementor-widget-container\">\n\t\t\t<div id=\"regio-771686577\"><div class=\"regio-adlabel\">Werbung<\/div><!-- Beginn https:\/\/www.financeads.net\/-Code --><a href=\"https:\/\/www.financeads.net\/tc.php?t=36648C42614510B\" target=\"_blank\"><img decoding=\"async\" src=\"https:\/\/www.financeads.net\/tb.php?t=36648V42614510B&https=1\" alt=\"\" border=\"0\" width=\"200\" height=\"300\"><\/a><!-- Ende https:\/\/www.financeads.net\/-Code --><\/div>\t\t<\/div>\n\t\t\t\t<\/div>\n\t\t\t\t<div class=\"elementor-element elementor-element-7dee3da elementor-widget elementor-widget-wp-widget-advads_ad_widget\" data-id=\"7dee3da\" data-element_type=\"widget\" data-widget_type=\"wp-widget-advads_ad_widget.default\">\n\t\t\t\t<div class=\"elementor-widget-container\">\n\t\t\t<div id=\"regio-2832902689\"><div class=\"regio-adlabel\">Werbung<\/div><!-- Beginn https:\/\/www.financeads.net\/-Code --><a href=\"https:\/\/www.financeads.net\/tc.php?t=36648C205040072B\" target=\"_blank\"><img decoding=\"async\" src=\"https:\/\/www.financeads.net\/tb.php?t=36648V205040072B&https=1\" alt=\"\" border=\"0\" width=\"300\" height=\"250\"><\/a><!-- Ende https:\/\/www.financeads.net\/-Code --><\/div>\t\t<\/div>\n\t\t\t\t<\/div>\n\t\t\t\t<div class=\"elementor-element elementor-element-fa16199 elementor-widget elementor-widget-wp-widget-advads_ad_widget\" data-id=\"fa16199\" data-element_type=\"widget\" data-widget_type=\"wp-widget-advads_ad_widget.default\">\n\t\t\t\t<div class=\"elementor-widget-container\">\n\t\t\t<div id=\"regio-2346809016\"><div class=\"regio-adlabel\">Werbung<\/div><!-- Beginn https:\/\/www.financeads.net\/-Code --><a href=\"https:\/\/www.financeads.net\/tc.php?t=36648C271460142B\" target=\"_blank\"><img loading=\"lazy\" decoding=\"async\" src=\"https:\/\/www.financeads.net\/tb.php?t=36648V271460142B&https=1\" alt=\"PETPROTECT_Hund&Katze_Banner\" border=\"0\" width=\"250\" height=\"250\"><\/a><!-- Ende https:\/\/www.financeads.net\/-Code --><\/div>\t\t<\/div>\n\t\t\t\t<\/div>\n\t\t\t\t\t<\/div>\n\t\t<\/div>\n\t\t\t\t\t<\/div>\n\t\t<\/section>\n\t\t\t\t<\/div>\n\t\t","protected":false},"excerpt":{"rendered":"<div class=\"mh-excerpt\"><p>Sonntag, den 10. Dezember 2023, ab 15.00 Uhr auf dem Martin-Luther-Platz 75 Jahre Menschenrechte: Infostand und Mitmachaktion\u00a0 Schwabach &#8211; Am 10. Dezember 1948 versammelten sich die Delegierten der damals 56 Staaten der Vereinten Nationen in <a class=\"mh-excerpt-more\" href=\"https:\/\/www.region-schwabach.de\/wordpress\/75-jahre-menschenrechte-infostand-und-mitmachaktion-am-sonntag-den-10-dezember-2023-ab-15-00-uhr-am-rathaus-in-schwabach\/\" title=\"75 Jahre Menschenrechte: Infostand und Mitmachaktion am Sonntag, den 10. Dezember 2023, ab 15.00 Uhr am Rathaus in Schwabach\">[&#8230;]<\/a><\/p>\n<\/div>","protected":false},"author":1,"featured_media":220564,"comment_status":"open","ping_status":"open","sticky":false,"template":"","format":"standard","meta":{"_cbd_carousel_blocks":"[]","footnotes":""},"categories":[16,287,79,4306,61,231],"tags":[24135,24134,24131,8863,10187,523,24132,1480,19,3151],"class_list":{"0":"post-220563","1":"post","2":"type-post","3":"status-publish","4":"format-standard","5":"has-post-thumbnail","7":"category-aktuell","8":"category-jugend-und-familie","9":"category-politik","10":"category-ratgeber","11":"category-rathaus","12":"category-veranstaltungsnews","13":"tag-10-dezember-2023","14":"tag-10-12-2023","15":"tag-75-jahre-menschenrechte","16":"tag-infostand","17":"tag-katholische-erwachsenenbildung","18":"tag-martin-luther-platz","19":"tag-mitmachaktion","20":"tag-rathaus","21":"tag-schwabach","22":"tag-stadt-schwabach"},"_links":{"self":[{"href":"https:\/\/www.region-schwabach.de\/wordpress\/wp-json\/wp\/v2\/posts\/220563","targetHints":{"allow":["GET"]}}],"collection":[{"href":"https:\/\/www.region-schwabach.de\/wordpress\/wp-json\/wp\/v2\/posts"}],"about":[{"href":"https:\/\/www.region-schwabach.de\/wordpress\/wp-json\/wp\/v2\/types\/post"}],"author":[{"embeddable":true,"href":"https:\/\/www.region-schwabach.de\/wordpress\/wp-json\/wp\/v2\/users\/1"}],"replies":[{"embeddable":true,"href":"https:\/\/www.region-schwabach.de\/wordpress\/wp-json\/wp\/v2\/comments?post=220563"}],"version-history":[{"count":0,"href":"https:\/\/www.region-schwabach.de\/wordpress\/wp-json\/wp\/v2\/posts\/220563\/revisions"}],"wp:featuredmedia":[{"embeddable":true,"href":"https:\/\/www.region-schwabach.de\/wordpress\/wp-json\/wp\/v2\/media\/220564"}],"wp:attachment":[{"href":"https:\/\/www.region-schwabach.de\/wordpress\/wp-json\/wp\/v2\/media?parent=220563"}],"wp:term":[{"taxonomy":"category","embeddable":true,"href":"https:\/\/www.region-schwabach.de\/wordpress\/wp-json\/wp\/v2\/categories?post=220563"},{"taxonomy":"post_tag","embeddable":true,"href":"https:\/\/www.region-schwabach.de\/wordpress\/wp-json\/wp\/v2\/tags?post=220563"}],"curies":[{"name":"wp","href":"https:\/\/api.w.org\/{rel}","templated":true}]}}