{"id":22068,"date":"2017-12-09T13:46:00","date_gmt":"2017-12-09T12:46:00","guid":{"rendered":"http:\/\/www.region-schwabach.de\/wordpress\/?p=22068"},"modified":"2017-12-10T05:09:58","modified_gmt":"2017-12-10T04:09:58","slug":"zwei-witterungsbedingte-einsaetze-der-polizei-in-weissenburg-2","status":"publish","type":"post","link":"https:\/\/www.region-schwabach.de\/wordpress\/zwei-witterungsbedingte-einsaetze-der-polizei-in-weissenburg-2\/","title":{"rendered":"Zwei witterungsbedingte Eins\u00e4tze der Polizei in Wei\u00dfenburg"},"content":{"rendered":"\t\t<div data-elementor-type=\"wp-post\" data-elementor-id=\"22068\" class=\"elementor elementor-22068 elementor-bc-flex-widget\">\n\t\t\t\t\t\t<section class=\"elementor-section elementor-top-section elementor-element elementor-element-1cuv9jr elementor-section-boxed elementor-section-height-default elementor-section-height-default\" data-id=\"1cuv9jr\" data-element_type=\"section\">\n\t\t\t\t\t\t<div class=\"elementor-container elementor-column-gap-default\">\n\t\t\t\t\t<div class=\"elementor-column elementor-col-66 elementor-top-column elementor-element elementor-element-q5zak7b\" data-id=\"q5zak7b\" data-element_type=\"column\">\n\t\t\t<div class=\"elementor-widget-wrap elementor-element-populated\">\n\t\t\t\t\t\t<div class=\"elementor-element elementor-element-86qws23 elementor-widget elementor-widget-text-editor\" data-id=\"86qws23\" data-element_type=\"widget\" data-widget_type=\"text-editor.default\">\n\t\t\t\t<div class=\"elementor-widget-container\">\n\t\t\t\t\t\t\t<h3><strong>Bei Eisgl\u00e4tte zu schnell unterwegs<\/strong><\/h3><p>Raitenbuch &#8211; Am Samstagmorgen, den 09.12.2017, verursachte ein 60-j\u00e4hriger PKW-Fahrer auf der Staatsstra\u00dfe 2228 einen Verkehrsunfall, als er von St. Egidi kommend die bevorrechtigte Staatsstra\u00dfe geradeaus \u00fcberqueren wollte.<\/p><p>Beim Versuch vor dem Kreuzungsbereich abzubremsen, rutschte er mit seinem VW wegen der vorherrschenden Eisgl\u00e4tte in einen von rechts herannahenden Kleintransporter eines 49 J\u00e4hrigen . Beide Fahrzeuge wurden durch die Kollision erheblich besch\u00e4digt und waren nicht mehr fahrbereit. Insgesamt entstand ein Schaden in H\u00f6he von ca.\u00a0 10.000 Euro.<\/p><p>Verletzt wurde gl\u00fccklicherweise niemand, den Unfallverursacher erwartet jedoch\u00a0 ein hohes Bu\u00dfgeld und Punkte in Flensburg, da ihm neben der Vorfahrtsverletzung zus\u00e4tzlich nicht angepasste Geschwindigkeit vorgeworfen wird.<\/p><h3><strong>Bei Schneegl\u00e4tte festgefahren<\/strong><\/h3><p>Wei\u00dfenburg &#8211; Beim Versuch, das sog. B\u00e4renloch trotz geschlossener Schneedecke zu befahren, kam der Fahrer eines Tanklastzuges inmitten der Steigung wegen der durchrutschenden R\u00e4der zum Stillstand., und l\u00f6ste dadurch ein mittleres Verkehrschaos aus.<\/p><p>Der aus Richtung der B 13 kommende Verkehr musste durch die Polizei solange umgeleitet werden, bis der hinzugezogene Winterdienst die Fahrbahn absgetreut hatte. Den Lkw-Lenker erwartet nun ein Bu\u00dfgeld, da er in aufgrund der Witterungsverh\u00e4ltnisse an geeigneter Stelle h\u00e4tte anhalten m\u00fcssen.<\/p>\t\t\t\t\t\t<\/div>\n\t\t\t\t<\/div>\n\t\t\t\t\t<\/div>\n\t\t<\/div>\n\t\t\t\t<div class=\"elementor-column elementor-col-33 elementor-top-column elementor-element elementor-element-0w0urt1\" data-id=\"0w0urt1\" data-element_type=\"column\">\n\t\t\t<div class=\"elementor-widget-wrap elementor-element-populated\">\n\t\t\t\t\t\t<div class=\"elementor-element elementor-element-mo6nk5i elementor-widget elementor-widget-image\" data-id=\"mo6nk5i\" data-element_type=\"widget\" data-widget_type=\"image.default\">\n\t\t\t\t<div class=\"elementor-widget-container\">\n\t\t\t\t\t\t\t\t\t\t\t\t\t\t<a href=\"http:\/\/www.region-schwabach.de\/wordpress\/werben-auf-region-schwabach\/\" target=\"_blank\">\n\t\t\t\t\t\t\t<img fetchpriority=\"high\" decoding=\"async\" width=\"1024\" height=\"1024\" src=\"https:\/\/www.region-schwabach.de\/wordpress\/wp-content\/uploads\/2017\/06\/werbung8-1024x1024.png\" class=\"attachment-large size-large wp-image-2484\" alt=\"\" srcset=\"https:\/\/www.region-schwabach.de\/wordpress\/wp-content\/uploads\/2017\/06\/werbung8-1024x1024.png 1024w, https:\/\/www.region-schwabach.de\/wordpress\/wp-content\/uploads\/2017\/06\/werbung8-150x150.png 150w, https:\/\/www.region-schwabach.de\/wordpress\/wp-content\/uploads\/2017\/06\/werbung8-300x300.png 300w, https:\/\/www.region-schwabach.de\/wordpress\/wp-content\/uploads\/2017\/06\/werbung8-768x768.png 768w, https:\/\/www.region-schwabach.de\/wordpress\/wp-content\/uploads\/2017\/06\/werbung8-600x600.png 600w, https:\/\/www.region-schwabach.de\/wordpress\/wp-content\/uploads\/2017\/06\/werbung8.png 1200w\" sizes=\"(max-width: 1024px) 100vw, 1024px\" \/>\t\t\t\t\t\t\t\t<\/a>\n\t\t\t\t\t\t\t\t\t\t\t\t\t<\/div>\n\t\t\t\t<\/div>\n\t\t\t\t\t<\/div>\n\t\t<\/div>\n\t\t\t\t\t<\/div>\n\t\t<\/section>\n\t\t\t\t<\/div>\n\t\t","protected":false},"excerpt":{"rendered":"<div class=\"mh-excerpt\"><p>Bei Eisgl\u00e4tte zu schnell unterwegs Raitenbuch &#8211; Am Samstagmorgen, den 09.12.2017, verursachte ein 60-j\u00e4hriger PKW-Fahrer auf der Staatsstra\u00dfe 2228 einen Verkehrsunfall, als er von St. Egidi kommend die bevorrechtigte Staatsstra\u00dfe geradeaus \u00fcberqueren wollte. Beim Versuch <a class=\"mh-excerpt-more\" href=\"https:\/\/www.region-schwabach.de\/wordpress\/zwei-witterungsbedingte-einsaetze-der-polizei-in-weissenburg-2\/\" title=\"Zwei witterungsbedingte Eins\u00e4tze der Polizei in Wei\u00dfenburg\">[&#8230;]<\/a><\/p>\n<\/div>","protected":false},"author":1,"featured_media":22069,"comment_status":"open","ping_status":"open","sticky":false,"template":"","format":"standard","meta":{"_cbd_carousel_blocks":"[]","footnotes":""},"categories":[15],"tags":[1702,1459,707,1111,549,261,463,1807,1809,1802,713,1808,1804,710,334,1810,960,249],"class_list":{"0":"post-22068","1":"post","2":"type-post","3":"status-publish","4":"format-standard","5":"has-post-thumbnail","7":"category-polizeimeldungen","8":"tag-08-12-2017","9":"tag-09-12-2017","10":"tag-baerenloch","11":"tag-bussgeld","12":"tag-kleintransporter","13":"tag-lkw","14":"tag-pkw","15":"tag-punkte-in-flensburg","16":"tag-raitenbuch","17":"tag-sachachaden","18":"tag-schaden","19":"tag-schneedecke","20":"tag-schneeglaette","21":"tag-staatsstrasse-2228","22":"tag-unfall","23":"tag-verkehrschaos","24":"tag-vw","25":"tag-weissenburg"},"_links":{"self":[{"href":"https:\/\/www.region-schwabach.de\/wordpress\/wp-json\/wp\/v2\/posts\/22068","targetHints":{"allow":["GET"]}}],"collection":[{"href":"https:\/\/www.region-schwabach.de\/wordpress\/wp-json\/wp\/v2\/posts"}],"about":[{"href":"https:\/\/www.region-schwabach.de\/wordpress\/wp-json\/wp\/v2\/types\/post"}],"author":[{"embeddable":true,"href":"https:\/\/www.region-schwabach.de\/wordpress\/wp-json\/wp\/v2\/users\/1"}],"replies":[{"embeddable":true,"href":"https:\/\/www.region-schwabach.de\/wordpress\/wp-json\/wp\/v2\/comments?post=22068"}],"version-history":[{"count":0,"href":"https:\/\/www.region-schwabach.de\/wordpress\/wp-json\/wp\/v2\/posts\/22068\/revisions"}],"wp:featuredmedia":[{"embeddable":true,"href":"https:\/\/www.region-schwabach.de\/wordpress\/wp-json\/wp\/v2\/media\/22069"}],"wp:attachment":[{"href":"https:\/\/www.region-schwabach.de\/wordpress\/wp-json\/wp\/v2\/media?parent=22068"}],"wp:term":[{"taxonomy":"category","embeddable":true,"href":"https:\/\/www.region-schwabach.de\/wordpress\/wp-json\/wp\/v2\/categories?post=22068"},{"taxonomy":"post_tag","embeddable":true,"href":"https:\/\/www.region-schwabach.de\/wordpress\/wp-json\/wp\/v2\/tags?post=22068"}],"curies":[{"name":"wp","href":"https:\/\/api.w.org\/{rel}","templated":true}]}}