{"id":22073,"date":"2017-12-10T05:14:15","date_gmt":"2017-12-10T04:14:15","guid":{"rendered":"http:\/\/www.region-schwabach.de\/wordpress\/?p=22073"},"modified":"2017-12-10T05:45:02","modified_gmt":"2017-12-10T04:45:02","slug":"asylbewerber-in-schwabach-ohne-fuehrerschein-unterwegs","status":"publish","type":"post","link":"https:\/\/www.region-schwabach.de\/wordpress\/asylbewerber-in-schwabach-ohne-fuehrerschein-unterwegs\/","title":{"rendered":"Asylbewerber in Schwabach ohne F\u00fchrerschein unterwegs"},"content":{"rendered":"\t\t<div data-elementor-type=\"wp-post\" data-elementor-id=\"22073\" class=\"elementor elementor-22073 elementor-bc-flex-widget\">\n\t\t\t\t\t\t<section class=\"elementor-section elementor-top-section elementor-element elementor-element-1cuv9jr elementor-section-boxed elementor-section-height-default elementor-section-height-default\" data-id=\"1cuv9jr\" data-element_type=\"section\">\n\t\t\t\t\t\t<div class=\"elementor-container elementor-column-gap-default\">\n\t\t\t\t\t<div class=\"elementor-column elementor-col-66 elementor-top-column elementor-element elementor-element-q5zak7b\" data-id=\"q5zak7b\" data-element_type=\"column\">\n\t\t\t<div class=\"elementor-widget-wrap elementor-element-populated\">\n\t\t\t\t\t\t<div class=\"elementor-element elementor-element-86qws23 elementor-widget elementor-widget-text-editor\" data-id=\"86qws23\" data-element_type=\"widget\" data-widget_type=\"text-editor.default\">\n\t\t\t\t<div class=\"elementor-widget-container\">\n\t\t\t\t\t\t\t<h3><strong>Ohne g\u00fcltige Fahrerlaubnis unterwegs<\/strong><\/h3><p>Schwabach &#8211; Am Samstagnachmittag, den 10.12.2017, wurde bei einem 44-j\u00e4hriger armenischer Asylbewerber am Bahnhof in Schwabach w\u00e4hrend einer Verkehrskontrolle festgestellt, dass er ohne Fahrerlaubnis unterwegs war.<\/p><h3>Fahrerlaubnis angeblich verloren<\/h3><p>Nach seinen Angaben habe er seinen armenischen F\u00fchrerschein irgendwo verloren, und eine nationale deutsche Fahrerlaubnis habe er nicht. In deren Besitz m\u00fcsste er jedoch sein, da er bereits seit Fr\u00fchling 2016 mit seiner Familie in Deutschland lebt, und seine armenische Fahrerlaubnis somit innerhalb von 185 Tagen in eine deutsche Fahrerlaubnis h\u00e4tte umwandeln lassen m\u00fcssen.<\/p><h3>Innerhalb von zwei Tagen erneut erwischt<\/h3><p>Da er dies jedoch nicht tat, war er somit ohne Fahrerlaubnis unterwegs, und wird deshalb nun zur Anzeige gebracht. Bereits zwei Tage zuvor wurde er schon beim Fahren des gleichen Pkw angetroffen und angezeigt.<\/p><p>Seine Ehefrau wird ebenfalls zur Anzeige gebracht, und zwar wegen des Erm\u00e4chtigens als Halter zum Fahren ohne Fahrerlaubnis, da ihr der Pkw geh\u00f6rt und sie diesen ihrem Ehemann \u00fcberlie\u00df.<\/p>\t\t\t\t\t\t<\/div>\n\t\t\t\t<\/div>\n\t\t\t\t<div class=\"elementor-element elementor-element-1l7zbzo elementor-widget elementor-widget-google_maps\" data-id=\"1l7zbzo\" data-element_type=\"widget\" data-widget_type=\"google_maps.default\">\n\t\t\t\t<div class=\"elementor-widget-container\">\n\t\t\t\t\t<div class=\"elementor-custom-embed\">\n\t\t\t<iframe loading=\"lazy\"\n\t\t\t\t\tsrc=\"https:\/\/maps.google.com\/maps?q=49.325814%2C%2011.034353&#038;t=m&#038;z=17&#038;output=embed&#038;iwloc=near\"\n\t\t\t\t\ttitle=\"49.325814, 11.034353\"\n\t\t\t\t\taria-label=\"49.325814, 11.034353\"\n\t\t\t><\/iframe>\n\t\t<\/div>\n\t\t\t\t<\/div>\n\t\t\t\t<\/div>\n\t\t\t\t\t<\/div>\n\t\t<\/div>\n\t\t\t\t<div class=\"elementor-column elementor-col-33 elementor-top-column elementor-element elementor-element-0w0urt1\" data-id=\"0w0urt1\" data-element_type=\"column\">\n\t\t\t<div class=\"elementor-widget-wrap elementor-element-populated\">\n\t\t\t\t\t\t<div class=\"elementor-element elementor-element-mo6nk5i elementor-widget elementor-widget-image\" data-id=\"mo6nk5i\" data-element_type=\"widget\" data-widget_type=\"image.default\">\n\t\t\t\t<div class=\"elementor-widget-container\">\n\t\t\t\t\t\t\t\t\t\t\t\t\t\t<a href=\"http:\/\/www.region-schwabach.de\/wordpress\/werben-auf-region-schwabach\/\" target=\"_blank\">\n\t\t\t\t\t\t\t<img fetchpriority=\"high\" decoding=\"async\" width=\"1024\" height=\"1024\" src=\"https:\/\/www.region-schwabach.de\/wordpress\/wp-content\/uploads\/2017\/06\/werbung8-1024x1024.png\" class=\"attachment-large size-large wp-image-2484\" alt=\"\" srcset=\"https:\/\/www.region-schwabach.de\/wordpress\/wp-content\/uploads\/2017\/06\/werbung8-1024x1024.png 1024w, https:\/\/www.region-schwabach.de\/wordpress\/wp-content\/uploads\/2017\/06\/werbung8-150x150.png 150w, https:\/\/www.region-schwabach.de\/wordpress\/wp-content\/uploads\/2017\/06\/werbung8-300x300.png 300w, https:\/\/www.region-schwabach.de\/wordpress\/wp-content\/uploads\/2017\/06\/werbung8-768x768.png 768w, https:\/\/www.region-schwabach.de\/wordpress\/wp-content\/uploads\/2017\/06\/werbung8-600x600.png 600w, https:\/\/www.region-schwabach.de\/wordpress\/wp-content\/uploads\/2017\/06\/werbung8.png 1200w\" sizes=\"(max-width: 1024px) 100vw, 1024px\" \/>\t\t\t\t\t\t\t\t<\/a>\n\t\t\t\t\t\t\t\t\t\t\t\t\t<\/div>\n\t\t\t\t<\/div>\n\t\t\t\t\t<\/div>\n\t\t<\/div>\n\t\t\t\t\t<\/div>\n\t\t<\/section>\n\t\t\t\t<\/div>\n\t\t","protected":false},"excerpt":{"rendered":"<div class=\"mh-excerpt\"><p>Ohne g\u00fcltige Fahrerlaubnis unterwegs Schwabach &#8211; Am Samstagnachmittag, den 10.12.2017, wurde bei einem 44-j\u00e4hriger armenischer Asylbewerber am Bahnhof in Schwabach w\u00e4hrend einer Verkehrskontrolle festgestellt, dass er ohne Fahrerlaubnis unterwegs war. Fahrerlaubnis angeblich verloren Nach seinen <a class=\"mh-excerpt-more\" href=\"https:\/\/www.region-schwabach.de\/wordpress\/asylbewerber-in-schwabach-ohne-fuehrerschein-unterwegs\/\" title=\"Asylbewerber in Schwabach ohne F\u00fchrerschein unterwegs\">[&#8230;]<\/a><\/p>\n<\/div>","protected":false},"author":1,"featured_media":22074,"comment_status":"open","ping_status":"open","sticky":false,"template":"","format":"standard","meta":{"_cbd_carousel_blocks":"[]","footnotes":""},"categories":[15],"tags":[1459,1301,1811,274,592,463,19,39],"class_list":{"0":"post-22073","1":"post","2":"type-post","3":"status-publish","4":"format-standard","5":"has-post-thumbnail","7":"category-polizeimeldungen","8":"tag-09-12-2017","9":"tag-anzeige","10":"tag-asylbewerber","11":"tag-bahnhof","12":"tag-fahren-ohne-fahrerlaubnis","13":"tag-pkw","14":"tag-schwabach","15":"tag-verkehrskontrolle"},"_links":{"self":[{"href":"https:\/\/www.region-schwabach.de\/wordpress\/wp-json\/wp\/v2\/posts\/22073","targetHints":{"allow":["GET"]}}],"collection":[{"href":"https:\/\/www.region-schwabach.de\/wordpress\/wp-json\/wp\/v2\/posts"}],"about":[{"href":"https:\/\/www.region-schwabach.de\/wordpress\/wp-json\/wp\/v2\/types\/post"}],"author":[{"embeddable":true,"href":"https:\/\/www.region-schwabach.de\/wordpress\/wp-json\/wp\/v2\/users\/1"}],"replies":[{"embeddable":true,"href":"https:\/\/www.region-schwabach.de\/wordpress\/wp-json\/wp\/v2\/comments?post=22073"}],"version-history":[{"count":0,"href":"https:\/\/www.region-schwabach.de\/wordpress\/wp-json\/wp\/v2\/posts\/22073\/revisions"}],"wp:featuredmedia":[{"embeddable":true,"href":"https:\/\/www.region-schwabach.de\/wordpress\/wp-json\/wp\/v2\/media\/22074"}],"wp:attachment":[{"href":"https:\/\/www.region-schwabach.de\/wordpress\/wp-json\/wp\/v2\/media?parent=22073"}],"wp:term":[{"taxonomy":"category","embeddable":true,"href":"https:\/\/www.region-schwabach.de\/wordpress\/wp-json\/wp\/v2\/categories?post=22073"},{"taxonomy":"post_tag","embeddable":true,"href":"https:\/\/www.region-schwabach.de\/wordpress\/wp-json\/wp\/v2\/tags?post=22073"}],"curies":[{"name":"wp","href":"https:\/\/api.w.org\/{rel}","templated":true}]}}