{"id":220958,"date":"2023-12-17T01:15:00","date_gmt":"2023-12-17T00:15:00","guid":{"rendered":"https:\/\/www.region-schwabach.de\/wordpress\/?p=220958"},"modified":"2023-12-17T00:50:51","modified_gmt":"2023-12-16T23:50:51","slug":"weihnachtsjahrmarkt-vom-15-bis-17-dezember-2023-auf-dem-martin-luther-platz-in-schwabach","status":"publish","type":"post","link":"https:\/\/www.region-schwabach.de\/wordpress\/weihnachtsjahrmarkt-vom-15-bis-17-dezember-2023-auf-dem-martin-luther-platz-in-schwabach\/","title":{"rendered":"Weihnachtsjahrmarkt vom 15. bis 17. Dezember 2023 auf dem Martin-Luther-Platz in Schwabach"},"content":{"rendered":"\t\t<div data-elementor-type=\"wp-post\" data-elementor-id=\"220958\" class=\"elementor elementor-220958\">\n\t\t\t\t\t\t<section class=\"elementor-section elementor-top-section elementor-element elementor-element-1dzeyuh elementor-section-boxed elementor-section-height-default elementor-section-height-default\" data-id=\"1dzeyuh\" data-element_type=\"section\">\n\t\t\t\t\t\t<div class=\"elementor-container elementor-column-gap-default\">\n\t\t\t\t\t<div class=\"elementor-column elementor-col-66 elementor-top-column elementor-element elementor-element-aam59ft\" data-id=\"aam59ft\" data-element_type=\"column\">\n\t\t\t<div class=\"elementor-widget-wrap elementor-element-populated\">\n\t\t\t\t\t\t<div class=\"elementor-element elementor-element-9cca2eb elementor-widget elementor-widget-wp-widget-advads_ad_widget\" data-id=\"9cca2eb\" data-element_type=\"widget\" data-widget_type=\"wp-widget-advads_ad_widget.default\">\n\t\t\t\t<div class=\"elementor-widget-container\">\n\t\t\t<div id=\"regio-2271412895\"><div class=\"regio-adlabel\">Werbung<\/div><center><a href=\"https:\/\/a.partner-versicherung.de\/click.php?partner_id=19992&ad_id=1578&deep=kreditkarten\"  target=\"_blank\"><img decoding=\"async\" src=\"https:\/\/a.partner-versicherung.de\/view.php?partner_id=19992&ad_id=1578\" ><\/a><\/center><\/div>\t\t<\/div>\n\t\t\t\t<\/div>\n\t\t\t\t<div class=\"elementor-element elementor-element-b75777f elementor-widget elementor-widget-text-editor\" data-id=\"b75777f\" data-element_type=\"widget\" data-widget_type=\"text-editor.default\">\n\t\t\t\t<div class=\"elementor-widget-container\">\n\t\t\t\t\t\t\t<h3>Weihnachtsjahrmarkt in Schwabach\u00a0<br \/>Freitag, den 15. Dezember 2023, bis Sonntag, den 17. Januar 2023\u00a0<\/h3><p><span style=\"font-size: 12pt;\">Schwabach \u2013 Von Freitag, den 15. Dezember 2023, bis Sonntag, den 17. Dezember 2023, bereichert der Weihnachtsjahrmarkt der Stadt wieder das vorweihnachtliche Innenstadtflair um zahlreiche weitere Einkaufs- und Genussm\u00f6glichkeiten. <\/span><\/p><h3>Haushaltswaren, Bekleidung, &#8230;<\/h3><p><span style=\"font-size: 12pt;\">Am dritten Adventswochenende besteht damit die M\u00f6glichkeit, am Martin-Luther-Platz und am K\u00f6nigsplatz rund um die Budenstadt zu bummeln. Im Angebot sind unter anderem Haushaltswaren, Bekleidung f\u00fcr die kalte Jahreszeit, weihnachtliche Dekoration, und vieles mehr.<\/span><\/p><h3>\u00d6ffnungszeiten:<\/h3><ul style=\"list-style-type: disc;\"><li><span style=\"font-size: 12pt;\">Freitag bis Sonntag von 08.00 Uhr bis 17.00 Uhr\u00a0<\/span><\/li><\/ul>\t\t\t\t\t\t<\/div>\n\t\t\t\t<\/div>\n\t\t\t\t<div class=\"elementor-element elementor-element-44f61ff elementor-widget elementor-widget-shortcode\" data-id=\"44f61ff\" data-element_type=\"widget\" data-widget_type=\"shortcode.default\">\n\t\t\t\t<div class=\"elementor-widget-container\">\n\t\t\t\t\t<div class=\"elementor-shortcode\"><center><a href=\"https:\/\/a.partner-versicherung.de\/click.php?partner_id=19992&ad_id=441&deep=kfz-versicherung\"  target=\"_blank\"><img decoding=\"async\" src=\"https:\/\/a.partner-versicherung.de\/view.php?partner_id=19992&ad_id=441\" ><\/a><\/center><\/div>\n\t\t\t\t<\/div>\n\t\t\t\t<\/div>\n\t\t\t\t<div class=\"elementor-element elementor-element-71fb714 elementor-widget-divider--view-line elementor-widget elementor-widget-divider\" data-id=\"71fb714\" data-element_type=\"widget\" data-widget_type=\"divider.default\">\n\t\t\t\t<div class=\"elementor-widget-container\">\n\t\t\t\t\t<div class=\"elementor-divider\">\n\t\t\t<span class=\"elementor-divider-separator\">\n\t\t\t\t\t\t<\/span>\n\t\t<\/div>\n\t\t\t\t<\/div>\n\t\t\t\t<\/div>\n\t\t\t\t<div class=\"elementor-element elementor-element-6fbab05 elementor-widget elementor-widget-google_maps\" data-id=\"6fbab05\" data-element_type=\"widget\" data-widget_type=\"google_maps.default\">\n\t\t\t\t<div class=\"elementor-widget-container\">\n\t\t\t\t\t<div class=\"elementor-custom-embed\">\n\t\t\t<iframe loading=\"lazy\"\n\t\t\t\t\tsrc=\"https:\/\/maps.google.com\/maps?q=Martin-Luther-Platz%2C%20Schwabach%2C%20Deutschland&#038;t=m&#038;z=18&#038;output=embed&#038;iwloc=near\"\n\t\t\t\t\ttitle=\"Martin-Luther-Platz, Schwabach, Deutschland\"\n\t\t\t\t\taria-label=\"Martin-Luther-Platz, Schwabach, Deutschland\"\n\t\t\t><\/iframe>\n\t\t<\/div>\n\t\t\t\t<\/div>\n\t\t\t\t<\/div>\n\t\t\t\t\t<\/div>\n\t\t<\/div>\n\t\t\t\t<div class=\"elementor-column elementor-col-33 elementor-top-column elementor-element elementor-element-uferl75\" data-id=\"uferl75\" data-element_type=\"column\">\n\t\t\t<div class=\"elementor-widget-wrap elementor-element-populated\">\n\t\t\t\t\t\t<div class=\"elementor-element elementor-element-5f47a96 elementor-widget elementor-widget-wp-widget-advads_ad_widget\" data-id=\"5f47a96\" data-element_type=\"widget\" data-widget_type=\"wp-widget-advads_ad_widget.default\">\n\t\t\t\t<div class=\"elementor-widget-container\">\n\t\t\t<div id=\"regio-2746482256\"><div class=\"regio-adlabel\">Werbung<\/div><div id=\"regio-3522595797\"><!-- Beginn https:\/\/www.financeads.net\/-Code --><a href=\"https:\/\/www.financeads.net\/tc.php?t=36648C271460142B\" target=\"_blank\"><img fetchpriority=\"high\" decoding=\"async\" src=\"https:\/\/www.financeads.net\/tb.php?t=36648V271460142B&https=1\" alt=\"PETPROTECT_Hund&Katze_Banner\" border=\"0\" width=\"250\" height=\"250\"><\/a><!-- Ende https:\/\/www.financeads.net\/-Code --><\/div><div id=\"regio-3683320795\"><!-- Beginn https:\/\/www.financeads.net\/-Code --><a href=\"https:\/\/www.financeads.net\/tc.php?t=36648C236142529B\" target=\"_blank\"><img decoding=\"async\" src=\"https:\/\/www.financeads.net\/tb.php?t=36648V236142529B&https=1\" alt=\"\" border=\"0\" width=\"300\" height=\"250\"><\/a><!-- Ende https:\/\/www.financeads.net\/-Code --><\/div><div id=\"regio-1133443046\"><!-- Beginn https:\/\/www.financeads.net\/-Code --><a href=\"https:\/\/www.financeads.net\/tc.php?t=36648C205040072B\" target=\"_blank\"><img decoding=\"async\" src=\"https:\/\/www.financeads.net\/tb.php?t=36648V205040072B&https=1\" alt=\"\" border=\"0\" width=\"300\" height=\"250\"><\/a><!-- Ende https:\/\/www.financeads.net\/-Code --><\/div><div id=\"regio-1476369670\"><!-- Beginn https:\/\/www.financeads.net\/-Code --><a href=\"https:\/\/www.financeads.net\/tc.php?t=36648C42614510B\" target=\"_blank\"><img loading=\"lazy\" decoding=\"async\" src=\"https:\/\/www.financeads.net\/tb.php?t=36648V42614510B&https=1\" alt=\"\" border=\"0\" width=\"200\" height=\"300\"><\/a><!-- Ende https:\/\/www.financeads.net\/-Code --><\/div><\/div>\t\t<\/div>\n\t\t\t\t<\/div>\n\t\t\t\t\t<\/div>\n\t\t<\/div>\n\t\t\t\t\t<\/div>\n\t\t<\/section>\n\t\t\t\t<\/div>\n\t\t","protected":false},"excerpt":{"rendered":"<div class=\"mh-excerpt\"><p>Weihnachtsjahrmarkt in Schwabach\u00a0Freitag, den 15. Dezember 2023, bis Sonntag, den 17. Januar 2023\u00a0 Schwabach \u2013 Von Freitag, den 15. Dezember 2023, bis Sonntag, den 17. Dezember 2023, bereichert der Weihnachtsjahrmarkt der Stadt wieder das vorweihnachtliche <a class=\"mh-excerpt-more\" href=\"https:\/\/www.region-schwabach.de\/wordpress\/weihnachtsjahrmarkt-vom-15-bis-17-dezember-2023-auf-dem-martin-luther-platz-in-schwabach\/\" title=\"Weihnachtsjahrmarkt vom 15. bis 17. Dezember 2023 auf dem Martin-Luther-Platz in Schwabach\">[&#8230;]<\/a><\/p>\n<\/div>","protected":false},"author":1,"featured_media":220959,"comment_status":"open","ping_status":"open","sticky":false,"template":"template-full.php","format":"image","meta":{"_cbd_carousel_blocks":"[]","footnotes":""},"categories":[16,78,61,3967,231],"tags":[24172,24171,24175,24173,24176,24174,2650,7353,7354,522,6505,523,1480,19,3151,7355,7352],"class_list":{"0":"post-220958","1":"post","2":"type-post","3":"status-publish","4":"format-image","5":"has-post-thumbnail","7":"category-aktuell","8":"category-handel-und-wirtschaft","9":"category-rathaus","10":"category-unternehmen","11":"category-veranstaltungsnews","12":"tag-15-dezember-2023","13":"tag-15-12-2023","14":"tag-16-dezember-2023","15":"tag-16-12-2023","16":"tag-17-dezember-2023","17":"tag-17-12-2023","18":"tag-bekleidung","19":"tag-einkaufs-und-genussmoeglichkeiten","20":"tag-haushaltswaren","21":"tag-koenigsplatz","22":"tag-marktmeister","23":"tag-martin-luther-platz","24":"tag-rathaus","25":"tag-schwabach","26":"tag-stadt-schwabach","27":"tag-weihnachtliche-dekoration","28":"tag-weihnachtsjahrmarkt","29":"post_format-post-format-image"},"_links":{"self":[{"href":"https:\/\/www.region-schwabach.de\/wordpress\/wp-json\/wp\/v2\/posts\/220958","targetHints":{"allow":["GET"]}}],"collection":[{"href":"https:\/\/www.region-schwabach.de\/wordpress\/wp-json\/wp\/v2\/posts"}],"about":[{"href":"https:\/\/www.region-schwabach.de\/wordpress\/wp-json\/wp\/v2\/types\/post"}],"author":[{"embeddable":true,"href":"https:\/\/www.region-schwabach.de\/wordpress\/wp-json\/wp\/v2\/users\/1"}],"replies":[{"embeddable":true,"href":"https:\/\/www.region-schwabach.de\/wordpress\/wp-json\/wp\/v2\/comments?post=220958"}],"version-history":[{"count":0,"href":"https:\/\/www.region-schwabach.de\/wordpress\/wp-json\/wp\/v2\/posts\/220958\/revisions"}],"wp:featuredmedia":[{"embeddable":true,"href":"https:\/\/www.region-schwabach.de\/wordpress\/wp-json\/wp\/v2\/media\/220959"}],"wp:attachment":[{"href":"https:\/\/www.region-schwabach.de\/wordpress\/wp-json\/wp\/v2\/media?parent=220958"}],"wp:term":[{"taxonomy":"category","embeddable":true,"href":"https:\/\/www.region-schwabach.de\/wordpress\/wp-json\/wp\/v2\/categories?post=220958"},{"taxonomy":"post_tag","embeddable":true,"href":"https:\/\/www.region-schwabach.de\/wordpress\/wp-json\/wp\/v2\/tags?post=220958"}],"curies":[{"name":"wp","href":"https:\/\/api.w.org\/{rel}","templated":true}]}}