{"id":221087,"date":"2023-12-18T01:00:00","date_gmt":"2023-12-18T00:00:00","guid":{"rendered":"https:\/\/www.region-schwabach.de\/wordpress\/?p=221087"},"modified":"2023-12-18T01:12:51","modified_gmt":"2023-12-18T00:12:51","slug":"adventskonzert-der-adolph-von-henselt-musikschule-am-montag-den-18-dezember-2023-im-markgrafensaal","status":"publish","type":"post","link":"https:\/\/www.region-schwabach.de\/wordpress\/adventskonzert-der-adolph-von-henselt-musikschule-am-montag-den-18-dezember-2023-im-markgrafensaal\/","title":{"rendered":"Adventskonzert der Adolph von Henselt-Musikschule am Montag, den 18. Dezember 2023, im Markgrafensaal"},"content":{"rendered":"\t\t<div data-elementor-type=\"wp-post\" data-elementor-id=\"221087\" class=\"elementor elementor-221087\">\n\t\t\t\t\t\t<section class=\"elementor-section elementor-top-section elementor-element elementor-element-678181b elementor-section-boxed elementor-section-height-default elementor-section-height-default\" data-id=\"678181b\" data-element_type=\"section\">\n\t\t\t\t\t\t<div class=\"elementor-container elementor-column-gap-default\">\n\t\t\t\t\t<div class=\"elementor-column elementor-col-66 elementor-top-column elementor-element elementor-element-6b34026\" data-id=\"6b34026\" data-element_type=\"column\">\n\t\t\t<div class=\"elementor-widget-wrap elementor-element-populated\">\n\t\t\t\t\t\t<div class=\"elementor-element elementor-element-6da3b8a elementor-widget elementor-widget-wp-widget-advads_ad_widget\" data-id=\"6da3b8a\" data-element_type=\"widget\" data-widget_type=\"wp-widget-advads_ad_widget.default\">\n\t\t\t\t<div class=\"elementor-widget-container\">\n\t\t\t<div id=\"regio-2427078718\"><div class=\"regio-adlabel\">Werbung<\/div><center><a href=\"https:\/\/a.partner-versicherung.de\/click.php?partner_id=19992&ad_id=1578&deep=kreditkarten\"  target=\"_blank\"><img decoding=\"async\" src=\"https:\/\/a.partner-versicherung.de\/view.php?partner_id=19992&ad_id=1578\" ><\/a><\/center><\/div>\t\t<\/div>\n\t\t\t\t<\/div>\n\t\t\t\t<div class=\"elementor-element elementor-element-443ab98 elementor-widget elementor-widget-text-editor\" data-id=\"443ab98\" data-element_type=\"widget\" data-widget_type=\"text-editor.default\">\n\t\t\t\t<div class=\"elementor-widget-container\">\n\t\t\t\t\t\t\t<h3>Adventskonzert am Montag, den 18. Dezember 2023, um 17.00 Uhr:<br \/>Musikalische Einstimmung auf die Vorweihnachtszeit<\/h3><p><span style=\"font-size: 12pt;\">Schwabach &#8211; Am Montag, den 18.12.2023, findet &#8211; als musikalische Einstimmung auf die Vorweihnachtszeit &#8211; um 17.00 Uhr im Markgrafensaal, in der Ludwigstra\u00dfe 16 in Schwabach, das Adventskonzert der Adolph von Henselt-Musikschule statt.\u00a0<\/span><\/p><p><span style=\"font-size: 12pt;\">Gemeinsam stimmen die Sch\u00fclerinnen und Sch\u00fcler der Ensembles aus den Bereichen Streicher, Holz- und Blechbl\u00e4ser, Gitarre und Klavier auf das bevorstehende Weihnachtsfest ein. Mit dabei sind auch die instrumentalen und vokalen Kooperationsprojekte mit der Luitpold-Grundschule, der Johannes-Helm-Grundschule und der Herman-Stamm-Realschule.\u00a0<\/span><\/p><h3>Info:<\/h3><p><span style=\"font-size: 12pt;\">Los geht&#8217;s am Montag, den 18. Dezember 2023, um 17.00 Uhr im Markgrafensaal, der Eintritt ist frei.\u00a0<\/span><\/p><h3>Weiterf\u00fchrende Links:<\/h3><p><span style=\"font-size: 12pt;\"><a href=\"http:\/\/www.schwabach.de\/musikschule\" target=\"_blank\" rel=\"noopener\">Mehr Infos gibt es auf der Homepage der Musikschule Schwabach &#8230;<\/a><\/span><\/p>\t\t\t\t\t\t<\/div>\n\t\t\t\t<\/div>\n\t\t\t\t<div class=\"elementor-element elementor-element-9ca12e2 elementor-widget elementor-widget-google_maps\" data-id=\"9ca12e2\" data-element_type=\"widget\" data-widget_type=\"google_maps.default\">\n\t\t\t\t<div class=\"elementor-widget-container\">\n\t\t\t\t\t<div class=\"elementor-custom-embed\">\n\t\t\t<iframe loading=\"lazy\"\n\t\t\t\t\tsrc=\"https:\/\/maps.google.com\/maps?q=Ludwigstra%C3%9Fe%2016%2C%20Schwabach%2C%20Deutschland&#038;t=m&#038;z=18&#038;output=embed&#038;iwloc=near\"\n\t\t\t\t\ttitle=\"Ludwigstra\u00dfe 16, Schwabach, Deutschland\"\n\t\t\t\t\taria-label=\"Ludwigstra\u00dfe 16, Schwabach, Deutschland\"\n\t\t\t><\/iframe>\n\t\t<\/div>\n\t\t\t\t<\/div>\n\t\t\t\t<\/div>\n\t\t\t\t\t<\/div>\n\t\t<\/div>\n\t\t\t\t<div class=\"elementor-column elementor-col-33 elementor-top-column elementor-element elementor-element-f645137\" data-id=\"f645137\" data-element_type=\"column\">\n\t\t\t<div class=\"elementor-widget-wrap elementor-element-populated\">\n\t\t\t\t\t\t<div class=\"elementor-element elementor-element-361d706 elementor-widget elementor-widget-wp-widget-advads_ad_widget\" data-id=\"361d706\" data-element_type=\"widget\" data-widget_type=\"wp-widget-advads_ad_widget.default\">\n\t\t\t\t<div class=\"elementor-widget-container\">\n\t\t\t<div id=\"regio-1773655812\"><div class=\"regio-adlabel\">Werbung<\/div><div id=\"regio-3470397692\"><!-- Beginn https:\/\/www.financeads.net\/-Code --><a href=\"https:\/\/www.financeads.net\/tc.php?t=36648C271460142B\" target=\"_blank\"><img fetchpriority=\"high\" decoding=\"async\" src=\"https:\/\/www.financeads.net\/tb.php?t=36648V271460142B&https=1\" alt=\"PETPROTECT_Hund&Katze_Banner\" border=\"0\" width=\"250\" height=\"250\"><\/a><!-- Ende https:\/\/www.financeads.net\/-Code --><\/div><div id=\"regio-790905782\"><!-- Beginn https:\/\/www.financeads.net\/-Code --><a href=\"https:\/\/www.financeads.net\/tc.php?t=36648C236142529B\" target=\"_blank\"><img decoding=\"async\" src=\"https:\/\/www.financeads.net\/tb.php?t=36648V236142529B&https=1\" alt=\"\" border=\"0\" width=\"300\" height=\"250\"><\/a><!-- Ende https:\/\/www.financeads.net\/-Code --><\/div><div id=\"regio-2617591937\"><!-- Beginn https:\/\/www.financeads.net\/-Code --><a href=\"https:\/\/www.financeads.net\/tc.php?t=36648C205040072B\" target=\"_blank\"><img decoding=\"async\" src=\"https:\/\/www.financeads.net\/tb.php?t=36648V205040072B&https=1\" alt=\"\" border=\"0\" width=\"300\" height=\"250\"><\/a><!-- Ende https:\/\/www.financeads.net\/-Code --><\/div><div id=\"regio-3130573979\"><!-- Beginn https:\/\/www.financeads.net\/-Code --><a href=\"https:\/\/www.financeads.net\/tc.php?t=36648C42614510B\" target=\"_blank\"><img loading=\"lazy\" decoding=\"async\" src=\"https:\/\/www.financeads.net\/tb.php?t=36648V42614510B&https=1\" alt=\"\" border=\"0\" width=\"200\" height=\"300\"><\/a><!-- Ende https:\/\/www.financeads.net\/-Code --><\/div><\/div>\t\t<\/div>\n\t\t\t\t<\/div>\n\t\t\t\t\t<\/div>\n\t\t<\/div>\n\t\t\t\t\t<\/div>\n\t\t<\/section>\n\t\t\t\t<\/div>\n\t\t","protected":false},"excerpt":{"rendered":"<div class=\"mh-excerpt\"><p>Adventskonzert am Montag, den 18. Dezember 2023, um 17.00 Uhr:Musikalische Einstimmung auf die Vorweihnachtszeit Schwabach &#8211; Am Montag, den 18.12.2023, findet &#8211; als musikalische Einstimmung auf die Vorweihnachtszeit &#8211; um 17.00 Uhr im Markgrafensaal, in <a class=\"mh-excerpt-more\" href=\"https:\/\/www.region-schwabach.de\/wordpress\/adventskonzert-der-adolph-von-henselt-musikschule-am-montag-den-18-dezember-2023-im-markgrafensaal\/\" title=\"Adventskonzert der Adolph von Henselt-Musikschule am Montag, den 18. Dezember 2023, im Markgrafensaal\">[&#8230;]<\/a><\/p>\n<\/div>","protected":false},"author":1,"featured_media":221088,"comment_status":"open","ping_status":"open","sticky":false,"template":"","format":"standard","meta":{"_cbd_carousel_blocks":"[]","footnotes":""},"categories":[16,287,61,231,140],"tags":[24192,24156,4387,7223,4388,3604,522,3128,2029,2028,19,2678],"class_list":{"0":"post-221087","1":"post","2":"type-post","3":"status-publish","4":"format-standard","5":"has-post-thumbnail","7":"category-aktuell","8":"category-jugend-und-familie","9":"category-rathaus","10":"category-veranstaltungsnews","11":"category-vereine","12":"tag-18-dezember-2023","13":"tag-18-12-2023","14":"tag-adolph-von-henselt-musikschule","15":"tag-adventskonzert","16":"tag-altes-deutschen-gymnasium","17":"tag-buergerhaus","18":"tag-koenigsplatz","19":"tag-konzert","20":"tag-ludwigstrasse","21":"tag-markgrafensaal","22":"tag-schwabach","23":"tag-wittelsbacherstrasse"},"_links":{"self":[{"href":"https:\/\/www.region-schwabach.de\/wordpress\/wp-json\/wp\/v2\/posts\/221087","targetHints":{"allow":["GET"]}}],"collection":[{"href":"https:\/\/www.region-schwabach.de\/wordpress\/wp-json\/wp\/v2\/posts"}],"about":[{"href":"https:\/\/www.region-schwabach.de\/wordpress\/wp-json\/wp\/v2\/types\/post"}],"author":[{"embeddable":true,"href":"https:\/\/www.region-schwabach.de\/wordpress\/wp-json\/wp\/v2\/users\/1"}],"replies":[{"embeddable":true,"href":"https:\/\/www.region-schwabach.de\/wordpress\/wp-json\/wp\/v2\/comments?post=221087"}],"version-history":[{"count":0,"href":"https:\/\/www.region-schwabach.de\/wordpress\/wp-json\/wp\/v2\/posts\/221087\/revisions"}],"wp:featuredmedia":[{"embeddable":true,"href":"https:\/\/www.region-schwabach.de\/wordpress\/wp-json\/wp\/v2\/media\/221088"}],"wp:attachment":[{"href":"https:\/\/www.region-schwabach.de\/wordpress\/wp-json\/wp\/v2\/media?parent=221087"}],"wp:term":[{"taxonomy":"category","embeddable":true,"href":"https:\/\/www.region-schwabach.de\/wordpress\/wp-json\/wp\/v2\/categories?post=221087"},{"taxonomy":"post_tag","embeddable":true,"href":"https:\/\/www.region-schwabach.de\/wordpress\/wp-json\/wp\/v2\/tags?post=221087"}],"curies":[{"name":"wp","href":"https:\/\/api.w.org\/{rel}","templated":true}]}}