{"id":221744,"date":"2023-12-24T00:45:03","date_gmt":"2023-12-23T23:45:03","guid":{"rendered":"https:\/\/www.region-schwabach.de\/wordpress\/?p=221744"},"modified":"2023-12-24T02:14:51","modified_gmt":"2023-12-24T01:14:51","slug":"region-schwabach-de-wunscht-frohe-weihnachten-2023","status":"publish","type":"post","link":"https:\/\/www.region-schwabach.de\/wordpress\/region-schwabach-de-wunscht-frohe-weihnachten-2023\/","title":{"rendered":"region-schwabach.de w\u00fcnscht frohe Weihnachten 2023"},"content":{"rendered":"\t\t<div data-elementor-type=\"wp-post\" data-elementor-id=\"221744\" class=\"elementor elementor-221744\">\n\t\t\t\t\t\t<section class=\"elementor-section elementor-top-section elementor-element elementor-element-678181b elementor-section-boxed elementor-section-height-default elementor-section-height-default\" data-id=\"678181b\" data-element_type=\"section\">\n\t\t\t\t\t\t<div class=\"elementor-container elementor-column-gap-default\">\n\t\t\t\t\t<div class=\"elementor-column elementor-col-50 elementor-top-column elementor-element elementor-element-6b34026\" data-id=\"6b34026\" data-element_type=\"column\">\n\t\t\t<div class=\"elementor-widget-wrap elementor-element-populated\">\n\t\t\t\t\t\t<div class=\"elementor-element elementor-element-443ab98 elementor-widget elementor-widget-text-editor\" data-id=\"443ab98\" data-element_type=\"widget\" data-widget_type=\"text-editor.default\">\n\t\t\t\t<div class=\"elementor-widget-container\">\n\t\t\t\t\t\t\t<h1 class=\"entry-title page-title\">Fr\u00f6hliche Weihnachten<\/h1><h3>Wir w\u00fcnschen allen Schwabacher:innen &#8211; und nat\u00fcrlich auch allen anderen Besucher:innen unseres Stadtportals &#8211; ein sch\u00f6nes und fr\u00f6hliches Weihnachtsfest, ein paar besinnliche Feiertage und viele ruhige Stunden zur Erholung.<\/h3>\t\t\t\t\t\t<\/div>\n\t\t\t\t<\/div>\n\t\t\t\t<div class=\"elementor-element elementor-element-16c6298 elementor-widget elementor-widget-image\" data-id=\"16c6298\" data-element_type=\"widget\" data-widget_type=\"image.default\">\n\t\t\t\t<div class=\"elementor-widget-container\">\n\t\t\t\t\t\t\t\t\t\t\t\t\t\t<a href=\"http:\/\/www.region-schwabach.de\/wordpress\/wp-content\/uploads\/2018\/12\/weihnachten2-e1545608627987.jpg\" data-elementor-open-lightbox=\"yes\" data-elementor-lightbox-title=\"weihnachten2\" data-e-action-hash=\"#elementor-action%3Aaction%3Dlightbox%26settings%3DeyJpZCI6NzEzMDQsInVybCI6Imh0dHBzOlwvXC93d3cucmVnaW9uLXNjaHdhYmFjaC5kZVwvd29yZHByZXNzXC93cC1jb250ZW50XC91cGxvYWRzXC8yMDE4XC8xMlwvd2VpaG5hY2h0ZW4yLWUxNTQ1NjA4NjI3OTg3LmpwZyJ9\">\n\t\t\t\t\t\t\t<img fetchpriority=\"high\" decoding=\"async\" width=\"960\" height=\"518\" src=\"https:\/\/www.region-schwabach.de\/wordpress\/wp-content\/uploads\/2018\/12\/weihnachten2-e1545608627987.jpg\" class=\"attachment-full size-full wp-image-71304\" alt=\"\" \/>\t\t\t\t\t\t\t\t<\/a>\n\t\t\t\t\t\t\t\t\t\t\t\t\t<\/div>\n\t\t\t\t<\/div>\n\t\t\t\t<div class=\"elementor-element elementor-element-320eeee elementor-widget elementor-widget-image\" data-id=\"320eeee\" data-element_type=\"widget\" data-widget_type=\"image.default\">\n\t\t\t\t<div class=\"elementor-widget-container\">\n\t\t\t\t\t\t\t\t\t\t\t\t\t\t<a href=\"http:\/\/www.region-schwabach.de\/wordpress\/wp-content\/uploads\/2018\/12\/froehliche-weihnachten1-e1545608349788.jpg\" data-elementor-open-lightbox=\"yes\" data-e-action-hash=\"#elementor-action%3Aaction%3Dlightbox%26settings%3DeyJpZCI6NzEzMDIsInVybCI6ZmFsc2V9\">\n\t\t\t\t\t\t\t<img decoding=\"async\" src=\"http:\/\/www.region-schwabach.de\/wordpress\/wp-content\/uploads\/2018\/12\/froehliche-weihnachten1-e1545608349788.jpg\" title=\"\" alt=\"\" loading=\"lazy\" \/>\t\t\t\t\t\t\t\t<\/a>\n\t\t\t\t\t\t\t\t\t\t\t\t\t<\/div>\n\t\t\t\t<\/div>\n\t\t\t\t<div class=\"elementor-element elementor-element-0c834d7 elementor-widget-divider--view-line elementor-widget elementor-widget-divider\" data-id=\"0c834d7\" data-element_type=\"widget\" data-widget_type=\"divider.default\">\n\t\t\t\t<div class=\"elementor-widget-container\">\n\t\t\t\t\t<div class=\"elementor-divider\">\n\t\t\t<span class=\"elementor-divider-separator\">\n\t\t\t\t\t\t<\/span>\n\t\t<\/div>\n\t\t\t\t<\/div>\n\t\t\t\t<\/div>\n\t\t\t\t\t<\/div>\n\t\t<\/div>\n\t\t\t\t<div class=\"elementor-column elementor-col-50 elementor-top-column elementor-element elementor-element-058dbfc\" data-id=\"058dbfc\" data-element_type=\"column\">\n\t\t\t<div class=\"elementor-widget-wrap\">\n\t\t\t\t\t\t\t<\/div>\n\t\t<\/div>\n\t\t\t\t\t<\/div>\n\t\t<\/section>\n\t\t\t\t<\/div>\n\t\t","protected":false},"excerpt":{"rendered":"<div class=\"mh-excerpt\"><p>Fr\u00f6hliche Weihnachten Wir w\u00fcnschen allen Schwabacher:innen &#8211; und nat\u00fcrlich auch allen anderen Besucher:innen unseres Stadtportals &#8211; ein sch\u00f6nes und fr\u00f6hliches Weihnachtsfest, ein paar besinnliche Feiertage und viele ruhige Stunden zur Erholung.<\/p>\n<\/div>","protected":false},"author":1,"featured_media":158275,"comment_status":"open","ping_status":"open","sticky":false,"template":"","format":"standard","meta":{"_cbd_carousel_blocks":"[]","footnotes":""},"categories":[16],"tags":[7517,19,24233,5784],"class_list":{"0":"post-221744","1":"post","2":"type-post","3":"status-publish","4":"format-standard","5":"has-post-thumbnail","7":"category-aktuell","8":"tag-froehliche-weihnachten","9":"tag-schwabach","10":"tag-weihnachten-2023","11":"tag-www-region-schwabach-de"},"_links":{"self":[{"href":"https:\/\/www.region-schwabach.de\/wordpress\/wp-json\/wp\/v2\/posts\/221744","targetHints":{"allow":["GET"]}}],"collection":[{"href":"https:\/\/www.region-schwabach.de\/wordpress\/wp-json\/wp\/v2\/posts"}],"about":[{"href":"https:\/\/www.region-schwabach.de\/wordpress\/wp-json\/wp\/v2\/types\/post"}],"author":[{"embeddable":true,"href":"https:\/\/www.region-schwabach.de\/wordpress\/wp-json\/wp\/v2\/users\/1"}],"replies":[{"embeddable":true,"href":"https:\/\/www.region-schwabach.de\/wordpress\/wp-json\/wp\/v2\/comments?post=221744"}],"version-history":[{"count":0,"href":"https:\/\/www.region-schwabach.de\/wordpress\/wp-json\/wp\/v2\/posts\/221744\/revisions"}],"wp:featuredmedia":[{"embeddable":true,"href":"https:\/\/www.region-schwabach.de\/wordpress\/wp-json\/wp\/v2\/media\/158275"}],"wp:attachment":[{"href":"https:\/\/www.region-schwabach.de\/wordpress\/wp-json\/wp\/v2\/media?parent=221744"}],"wp:term":[{"taxonomy":"category","embeddable":true,"href":"https:\/\/www.region-schwabach.de\/wordpress\/wp-json\/wp\/v2\/categories?post=221744"},{"taxonomy":"post_tag","embeddable":true,"href":"https:\/\/www.region-schwabach.de\/wordpress\/wp-json\/wp\/v2\/tags?post=221744"}],"curies":[{"name":"wp","href":"https:\/\/api.w.org\/{rel}","templated":true}]}}