{"id":222451,"date":"2024-01-04T00:47:00","date_gmt":"2024-01-03T23:47:00","guid":{"rendered":"https:\/\/www.region-schwabach.de\/wordpress\/?p=222451"},"modified":"2024-01-03T23:49:32","modified_gmt":"2024-01-03T22:49:32","slug":"ehrenamtlicher-helfer-der-sicherheitswacht-in-schwabach-geehrt","status":"publish","type":"post","link":"https:\/\/www.region-schwabach.de\/wordpress\/ehrenamtlicher-helfer-der-sicherheitswacht-in-schwabach-geehrt\/","title":{"rendered":"Ehrenamtlicher Helfer der Sicherheitswacht in Schwabach geehrt"},"content":{"rendered":"\t\t<div data-elementor-type=\"wp-post\" data-elementor-id=\"222451\" class=\"elementor elementor-222451\">\n\t\t\t\t\t\t<section class=\"elementor-section elementor-top-section elementor-element elementor-element-1cuv9jr elementor-section-boxed elementor-section-height-default elementor-section-height-default\" data-id=\"1cuv9jr\" data-element_type=\"section\">\n\t\t\t\t\t\t<div class=\"elementor-container elementor-column-gap-default\">\n\t\t\t\t\t<div class=\"elementor-column elementor-col-50 elementor-top-column elementor-element elementor-element-q5zak7b\" data-id=\"q5zak7b\" data-element_type=\"column\">\n\t\t\t<div class=\"elementor-widget-wrap elementor-element-populated\">\n\t\t\t\t\t\t<div class=\"elementor-element elementor-element-dcef279 elementor-widget elementor-widget-wp-widget-advads_ad_widget\" data-id=\"dcef279\" data-element_type=\"widget\" data-widget_type=\"wp-widget-advads_ad_widget.default\">\n\t\t\t\t<div class=\"elementor-widget-container\">\n\t\t\t<div id=\"regio-400526565\"><div class=\"regio-adlabel\">Werbung<\/div><center><a href=\"https:\/\/a.partner-versicherung.de\/click.php?partner_id=19992&ad_id=1578&deep=kreditkarten\"  target=\"_blank\"><img decoding=\"async\" src=\"https:\/\/a.partner-versicherung.de\/view.php?partner_id=19992&ad_id=1578\" ><\/a><\/center><\/div>\t\t<\/div>\n\t\t\t\t<\/div>\n\t\t\t\t<div class=\"elementor-element elementor-element-a4daeae elementor-widget elementor-widget-text-editor\" data-id=\"a4daeae\" data-element_type=\"widget\" data-widget_type=\"text-editor.default\">\n\t\t\t\t<div class=\"elementor-widget-container\">\n\t\t\t\t\t\t\t<h3>10 Jahre Engagement f\u00fcr Sicherheit: Verdiente Ehrung f\u00fcr ein Mitglied der Sicherheitswacht\u00a0<\/h3><p><span style=\"font-size: 12pt;\">Schwabach &#8211; Kurz vor Weihnachten wurde ein Mitglied der Schwabacher Sicherheitswacht f\u00fcr sein zehnj\u00e4hriges Engagement und seinem ehrenamtlichen Einsatz f\u00fcr die Sicherheit der Stadt Schwabach und der Gemeinde Wendelstein geehrt.\u00a0<\/span><\/p><p><span style=\"font-size: 12pt;\">Die Sicherheitswacht ist eine Gruppe engagierter B\u00fcrgerinnen und B\u00fcrger, die sich freiwillig f\u00fcr die Sicherheit und das Wohlbefinden ihrer Stadt einsetzt.\u00a0<\/span><\/p><p><span style=\"font-size: 12pt;\">Die Dienststellenleiterin der Schwabacher Polizei, Kriminaloberr\u00e4tin H\u00e4rlein-Bauer, w\u00fcrdigte die Bedeutung der Sicherheitswacht und betonte die Rolle, die sie als Bindeglied zwischen B\u00fcrger und Polizei im \u00f6ffentlichen Raum und der Pr\u00e4vention von Straftaten spielen. &#8222;Diese M\u00e4nner und Frauen stecken nicht nur Zeit und Engagement in ihre Aufgaben, sondern haben auch ein tieferes Verst\u00e4ndnis f\u00fcr die Bed\u00fcrfnisse der B\u00fcrgerinnen und B\u00fcrger entwickelt.&#8220;, sagte H\u00e4rlein-Bauer w\u00e4hrend der Ehrung.\u00a0<\/span><\/p><p><span style=\"font-size: 12pt;\">Diese fand im kleinen Kreis bei der Schwabacher Polizeidienststelle statt und bot Gelegenheit, sich mit dem Jubilar auszutauschen und die beeindruckende Leistung der letzten 10 Jahre zu w\u00fcrdigen.\u00a0<\/span><\/p><p><span style=\"font-size: 12pt;\">Thomas Haag erhielt eine Urkunde des Bayerischen Staatsminister Joachim Hermann, die seine 10-j\u00e4hrige Mitgliedschaft und seinen Einsatz f\u00fcr die Gemeinschaft hervorhob.\u00a0<\/span><\/p><p><span style=\"font-size: 12pt;\">Die Schwabacher Sicherheitswacht besteht mittlerweile aus 12 Freiwilligen die eng mit der \u00f6rtlichen Polizei zusammenarbeiten. Sie unterst\u00fctzen bei der Pr\u00e4vention von Straftaten, \u00fcbernehmen Fu\u00dfstreifen und stehen der Gemeinschaft als Ansprechpartner f\u00fcr Sicherheitsfragen zur Verf\u00fcgung.\u00a0<\/span><\/p><p><span style=\"font-size: 12pt;\">Herr Haag betonte f\u00fcr ihn die Bedeutung des Gemeinschaftsgef\u00fchls und der Verantwortung gegen\u00fcber seinem Ehrenamt. &#8222;Es ist toll, Teil der Sicherheitswacht zu sein und einen Beitrag dazu zu leisten, dass Schwabach sowie Wendelstein weiterhin sicher bleibt&#8220;, sagte Haag bei der Urkunden\u00fcbergabe.\u00a0<\/span><\/p>\t\t\t\t\t\t<\/div>\n\t\t\t\t<\/div>\n\t\t\t\t<div class=\"elementor-element elementor-element-6c3f9de elementor-widget elementor-widget-shortcode\" data-id=\"6c3f9de\" data-element_type=\"widget\" data-widget_type=\"shortcode.default\">\n\t\t\t\t<div class=\"elementor-widget-container\">\n\t\t\t\t\t<div class=\"elementor-shortcode\"><center><a href=\"https:\/\/a.partner-versicherung.de\/click.php?partner_id=19992&ad_id=441&deep=kfz-versicherung\"  target=\"_blank\"><img decoding=\"async\" src=\"https:\/\/a.partner-versicherung.de\/view.php?partner_id=19992&ad_id=441\" ><\/a><\/center><\/div>\n\t\t\t\t<\/div>\n\t\t\t\t<\/div>\n\t\t\t\t<div class=\"elementor-element elementor-element-ace1283 elementor-widget-divider--view-line elementor-widget elementor-widget-divider\" data-id=\"ace1283\" data-element_type=\"widget\" data-widget_type=\"divider.default\">\n\t\t\t\t<div class=\"elementor-widget-container\">\n\t\t\t\t\t<div class=\"elementor-divider\">\n\t\t\t<span class=\"elementor-divider-separator\">\n\t\t\t\t\t\t<\/span>\n\t\t<\/div>\n\t\t\t\t<\/div>\n\t\t\t\t<\/div>\n\t\t\t\t<div class=\"elementor-element elementor-element-06e666a elementor-widget elementor-widget-google_maps\" data-id=\"06e666a\" data-element_type=\"widget\" data-widget_type=\"google_maps.default\">\n\t\t\t\t<div class=\"elementor-widget-container\">\n\t\t\t\t\t<div class=\"elementor-custom-embed\">\n\t\t\t<iframe loading=\"lazy\"\n\t\t\t\t\tsrc=\"https:\/\/maps.google.com\/maps?q=Friedrich-Ebert-Stra%C3%9Fe%2010%2C%20Schwabach%2C%20Deutschland&#038;t=m&#038;z=17&#038;output=embed&#038;iwloc=near\"\n\t\t\t\t\ttitle=\"Friedrich-Ebert-Stra\u00dfe 10, Schwabach, Deutschland\"\n\t\t\t\t\taria-label=\"Friedrich-Ebert-Stra\u00dfe 10, Schwabach, Deutschland\"\n\t\t\t><\/iframe>\n\t\t<\/div>\n\t\t\t\t<\/div>\n\t\t\t\t<\/div>\n\t\t\t\t\t<\/div>\n\t\t<\/div>\n\t\t\t\t<div class=\"elementor-column elementor-col-50 elementor-top-column elementor-element elementor-element-4ce46fb\" data-id=\"4ce46fb\" data-element_type=\"column\">\n\t\t\t<div class=\"elementor-widget-wrap elementor-element-populated\">\n\t\t\t\t\t\t<div class=\"elementor-element elementor-element-38f4e35 elementor-widget elementor-widget-heading\" data-id=\"38f4e35\" data-element_type=\"widget\" data-widget_type=\"heading.default\">\n\t\t\t\t<div class=\"elementor-widget-container\">\n\t\t\t<h3 class=\"elementor-heading-title elementor-size-default\">Schnell vergleichen und sparen!<\/h3>\t\t<\/div>\n\t\t\t\t<\/div>\n\t\t\t\t<div class=\"elementor-element elementor-element-92c49bc elementor-widget elementor-widget-wp-widget-advads_ad_widget\" data-id=\"92c49bc\" data-element_type=\"widget\" data-widget_type=\"wp-widget-advads_ad_widget.default\">\n\t\t\t\t<div class=\"elementor-widget-container\">\n\t\t\t<div id=\"regio-1557678807\"><div class=\"regio-adlabel\">Werbung<\/div><!-- Beginn https:\/\/www.financeads.net\/-Code --><a href=\"https:\/\/www.financeads.net\/tc.php?t=36648C236142529B\" target=\"_blank\"><img fetchpriority=\"high\" decoding=\"async\" src=\"https:\/\/www.financeads.net\/tb.php?t=36648V236142529B&https=1\" alt=\"\" border=\"0\" width=\"300\" height=\"250\"><\/a><!-- Ende https:\/\/www.financeads.net\/-Code --><\/div>\t\t<\/div>\n\t\t\t\t<\/div>\n\t\t\t\t<div class=\"elementor-element elementor-element-cb0c78c elementor-widget elementor-widget-wp-widget-advads_ad_widget\" data-id=\"cb0c78c\" data-element_type=\"widget\" data-widget_type=\"wp-widget-advads_ad_widget.default\">\n\t\t\t\t<div class=\"elementor-widget-container\">\n\t\t\t<div id=\"regio-1353258488\"><div class=\"regio-adlabel\">Werbung<\/div><!-- Beginn https:\/\/www.financeads.net\/-Code --><a href=\"https:\/\/www.financeads.net\/tc.php?t=36648C42614510B\" target=\"_blank\"><img decoding=\"async\" src=\"https:\/\/www.financeads.net\/tb.php?t=36648V42614510B&https=1\" alt=\"\" border=\"0\" width=\"200\" height=\"300\"><\/a><!-- Ende https:\/\/www.financeads.net\/-Code --><\/div>\t\t<\/div>\n\t\t\t\t<\/div>\n\t\t\t\t<div class=\"elementor-element elementor-element-31c9ced elementor-widget elementor-widget-wp-widget-advads_ad_widget\" data-id=\"31c9ced\" data-element_type=\"widget\" data-widget_type=\"wp-widget-advads_ad_widget.default\">\n\t\t\t\t<div class=\"elementor-widget-container\">\n\t\t\t<div id=\"regio-3821876639\"><div class=\"regio-adlabel\">Werbung<\/div><!-- Beginn https:\/\/www.financeads.net\/-Code --><a href=\"https:\/\/www.financeads.net\/tc.php?t=36648C205040072B\" target=\"_blank\"><img decoding=\"async\" src=\"https:\/\/www.financeads.net\/tb.php?t=36648V205040072B&https=1\" alt=\"\" border=\"0\" width=\"300\" height=\"250\"><\/a><!-- Ende https:\/\/www.financeads.net\/-Code --><\/div>\t\t<\/div>\n\t\t\t\t<\/div>\n\t\t\t\t<div class=\"elementor-element elementor-element-0344b9f elementor-widget elementor-widget-wp-widget-advads_ad_widget\" data-id=\"0344b9f\" data-element_type=\"widget\" data-widget_type=\"wp-widget-advads_ad_widget.default\">\n\t\t\t\t<div class=\"elementor-widget-container\">\n\t\t\t<div id=\"regio-3437182522\"><div class=\"regio-adlabel\">Werbung<\/div><!-- Beginn https:\/\/www.financeads.net\/-Code --><a href=\"https:\/\/www.financeads.net\/tc.php?t=36648C271460142B\" target=\"_blank\"><img loading=\"lazy\" decoding=\"async\" src=\"https:\/\/www.financeads.net\/tb.php?t=36648V271460142B&https=1\" alt=\"PETPROTECT_Hund&Katze_Banner\" border=\"0\" width=\"250\" height=\"250\"><\/a><!-- Ende https:\/\/www.financeads.net\/-Code --><\/div>\t\t<\/div>\n\t\t\t\t<\/div>\n\t\t\t\t\t<\/div>\n\t\t<\/div>\n\t\t\t\t\t<\/div>\n\t\t<\/section>\n\t\t\t\t<\/div>\n\t\t","protected":false},"excerpt":{"rendered":"<div class=\"mh-excerpt\"><p>10 Jahre Engagement f\u00fcr Sicherheit: Verdiente Ehrung f\u00fcr ein Mitglied der Sicherheitswacht\u00a0 Schwabach &#8211; Kurz vor Weihnachten wurde ein Mitglied der Schwabacher Sicherheitswacht f\u00fcr sein zehnj\u00e4hriges Engagement und seinem ehrenamtlichen Einsatz f\u00fcr die Sicherheit der <a class=\"mh-excerpt-more\" href=\"https:\/\/www.region-schwabach.de\/wordpress\/ehrenamtlicher-helfer-der-sicherheitswacht-in-schwabach-geehrt\/\" title=\"Ehrenamtlicher Helfer der Sicherheitswacht in Schwabach geehrt\">[&#8230;]<\/a><\/p>\n<\/div>","protected":false},"author":1,"featured_media":222452,"comment_status":"open","ping_status":"open","sticky":false,"template":"","format":"standard","meta":{"_cbd_carousel_blocks":"[]","footnotes":""},"categories":[22135,21581,21316,22879,22614,22354,21838,15],"tags":[5448,5449,24057,24303,5273,6965,24304,24302,981,19,5935,8262,3151],"class_list":{"0":"post-222451","1":"post","2":"type-post","3":"status-publish","4":"format-standard","5":"has-post-thumbnail","7":"category-polizei-april-2023","8":"category-polizei-februar-2023","9":"category-polizei-januar-2023","10":"category-polizei-juli-2023","11":"category-polizei-juni-2023","12":"category-polizei-mai-2023","13":"category-polizei-maerz-2023","14":"category-polizeimeldungen","15":"tag-buerger","16":"tag-buergerinnen","17":"tag-dezember-2023","18":"tag-ehrenamtlicher-einsatz","19":"tag-ehrung","20":"tag-engagement","21":"tag-gemeinde-wendelstein","22":"tag-mitglied","23":"tag-polizei","24":"tag-schwabach","25":"tag-sicherheit","26":"tag-sicherheitswacht","27":"tag-stadt-schwabach"},"_links":{"self":[{"href":"https:\/\/www.region-schwabach.de\/wordpress\/wp-json\/wp\/v2\/posts\/222451","targetHints":{"allow":["GET"]}}],"collection":[{"href":"https:\/\/www.region-schwabach.de\/wordpress\/wp-json\/wp\/v2\/posts"}],"about":[{"href":"https:\/\/www.region-schwabach.de\/wordpress\/wp-json\/wp\/v2\/types\/post"}],"author":[{"embeddable":true,"href":"https:\/\/www.region-schwabach.de\/wordpress\/wp-json\/wp\/v2\/users\/1"}],"replies":[{"embeddable":true,"href":"https:\/\/www.region-schwabach.de\/wordpress\/wp-json\/wp\/v2\/comments?post=222451"}],"version-history":[{"count":0,"href":"https:\/\/www.region-schwabach.de\/wordpress\/wp-json\/wp\/v2\/posts\/222451\/revisions"}],"wp:featuredmedia":[{"embeddable":true,"href":"https:\/\/www.region-schwabach.de\/wordpress\/wp-json\/wp\/v2\/media\/222452"}],"wp:attachment":[{"href":"https:\/\/www.region-schwabach.de\/wordpress\/wp-json\/wp\/v2\/media?parent=222451"}],"wp:term":[{"taxonomy":"category","embeddable":true,"href":"https:\/\/www.region-schwabach.de\/wordpress\/wp-json\/wp\/v2\/categories?post=222451"},{"taxonomy":"post_tag","embeddable":true,"href":"https:\/\/www.region-schwabach.de\/wordpress\/wp-json\/wp\/v2\/tags?post=222451"}],"curies":[{"name":"wp","href":"https:\/\/api.w.org\/{rel}","templated":true}]}}