{"id":22268,"date":"2017-12-11T10:14:58","date_gmt":"2017-12-11T09:14:58","guid":{"rendered":"http:\/\/www.region-schwabach.de\/wordpress\/?p=22268"},"modified":"2017-12-11T10:25:50","modified_gmt":"2017-12-11T09:25:50","slug":"autohof-kammerstein-nach-gasaustritt-geraeumt","status":"publish","type":"post","link":"https:\/\/www.region-schwabach.de\/wordpress\/autohof-kammerstein-nach-gasaustritt-geraeumt\/","title":{"rendered":"Autohof Kammerstein nach Gasaustritt ger\u00e4umt"},"content":{"rendered":"\t\t<div data-elementor-type=\"wp-post\" data-elementor-id=\"22268\" class=\"elementor elementor-22268 elementor-bc-flex-widget\">\n\t\t\t\t\t\t<section class=\"elementor-section elementor-top-section elementor-element elementor-element-1dzeyuh elementor-section-boxed elementor-section-height-default elementor-section-height-default\" data-id=\"1dzeyuh\" data-element_type=\"section\">\n\t\t\t\t\t\t<div class=\"elementor-container elementor-column-gap-default\">\n\t\t\t\t\t<div class=\"elementor-column elementor-col-66 elementor-top-column elementor-element elementor-element-aam59ft\" data-id=\"aam59ft\" data-element_type=\"column\">\n\t\t\t<div class=\"elementor-widget-wrap elementor-element-populated\">\n\t\t\t\t\t\t<div class=\"elementor-element elementor-element-k9p1oyc elementor-widget elementor-widget-text-editor\" data-id=\"k9p1oyc\" data-element_type=\"widget\" data-widget_type=\"text-editor.default\">\n\t\t\t\t<div class=\"elementor-widget-container\">\n\t\t\t\t\t\t\t<h3>Gasgeruch an Tankstelle bemerkt<\/h3><p>Schwabach &#8211; Am Samstag, den 09.12.2017, bemerkte ein Mitarbeiter der Aral-Tankstelle am Autohof in Kammerstein Gasgeruch an einer Zapfs\u00e4ule f\u00fcr Autogas woraufhin der Tankstellenp\u00e4chter umgehend die Hauptgaszufuhr abdrehte.<\/p><h3>Tankstelle und Gastst\u00e4tte ger\u00e4umt<\/h3><p>Im Anschluss verst\u00e4ndigte der Tankstellenp\u00e4chter die Feuerwehr, und veranlasste\u00a0 die sofortige R\u00e4umung und Absperrung der Tankstelle und der direkt daneben befindlichen Gastst\u00e4tte 50\u2019s Diner.<\/p><h3>Vermutlich technischer Defekt<\/h3><p>Nach kurzer Zeit konnten die freiwilligen Feuerwehren aus Kammerstein und Schwabach aber schon wieder Entwarnung geben, nachdem festgestellt wurde, dass\u00a0 kein Gas mehr an der Zapfs\u00e4ule austrat. Ursache f\u00fcr den Gasaustritt war vermutlich ein technischer Defekt an der Zapfanlage.<\/p>\t\t\t\t\t\t<\/div>\n\t\t\t\t<\/div>\n\t\t\t\t<div class=\"elementor-element elementor-element-rf47wqh elementor-widget elementor-widget-google_maps\" data-id=\"rf47wqh\" data-element_type=\"widget\" data-widget_type=\"google_maps.default\">\n\t\t\t\t<div class=\"elementor-widget-container\">\n\t\t\t\t\t<div class=\"elementor-custom-embed\">\n\t\t\t<iframe loading=\"lazy\"\n\t\t\t\t\tsrc=\"https:\/\/maps.google.com\/maps?q=49.311447%2C%2011.001899&#038;t=m&#038;z=17&#038;output=embed&#038;iwloc=near\"\n\t\t\t\t\ttitle=\"49.311447, 11.001899\"\n\t\t\t\t\taria-label=\"49.311447, 11.001899\"\n\t\t\t><\/iframe>\n\t\t<\/div>\n\t\t\t\t<\/div>\n\t\t\t\t<\/div>\n\t\t\t\t\t<\/div>\n\t\t<\/div>\n\t\t\t\t<div class=\"elementor-column elementor-col-33 elementor-top-column elementor-element elementor-element-uferl75\" data-id=\"uferl75\" data-element_type=\"column\">\n\t\t\t<div class=\"elementor-widget-wrap elementor-element-populated\">\n\t\t\t\t\t\t<div class=\"elementor-element elementor-element-xuttsc2 elementor-widget elementor-widget-image\" data-id=\"xuttsc2\" data-element_type=\"widget\" data-widget_type=\"image.default\">\n\t\t\t\t<div class=\"elementor-widget-container\">\n\t\t\t\t\t\t\t\t\t\t\t\t\t<img fetchpriority=\"high\" decoding=\"async\" width=\"300\" height=\"300\" src=\"https:\/\/www.region-schwabach.de\/wordpress\/wp-content\/uploads\/2017\/06\/werbung8-300x300.png\" class=\"attachment-medium size-medium wp-image-2484\" alt=\"\" srcset=\"https:\/\/www.region-schwabach.de\/wordpress\/wp-content\/uploads\/2017\/06\/werbung8-300x300.png 300w, https:\/\/www.region-schwabach.de\/wordpress\/wp-content\/uploads\/2017\/06\/werbung8-150x150.png 150w, https:\/\/www.region-schwabach.de\/wordpress\/wp-content\/uploads\/2017\/06\/werbung8-768x768.png 768w, https:\/\/www.region-schwabach.de\/wordpress\/wp-content\/uploads\/2017\/06\/werbung8-1024x1024.png 1024w, https:\/\/www.region-schwabach.de\/wordpress\/wp-content\/uploads\/2017\/06\/werbung8-600x600.png 600w, https:\/\/www.region-schwabach.de\/wordpress\/wp-content\/uploads\/2017\/06\/werbung8.png 1200w\" sizes=\"(max-width: 300px) 100vw, 300px\" \/>\t\t\t\t\t\t\t\t\t\t\t\t\t<\/div>\n\t\t\t\t<\/div>\n\t\t\t\t\t<\/div>\n\t\t<\/div>\n\t\t\t\t\t<\/div>\n\t\t<\/section>\n\t\t\t\t<\/div>\n\t\t","protected":false},"excerpt":{"rendered":"<div class=\"mh-excerpt\"><p>Gasgeruch an Tankstelle bemerkt Schwabach &#8211; Am Samstag, den 09.12.2017, bemerkte ein Mitarbeiter der Aral-Tankstelle am Autohof in Kammerstein Gasgeruch an einer Zapfs\u00e4ule f\u00fcr Autogas woraufhin der Tankstellenp\u00e4chter umgehend die Hauptgaszufuhr abdrehte. Tankstelle und Gastst\u00e4tte <a class=\"mh-excerpt-more\" href=\"https:\/\/www.region-schwabach.de\/wordpress\/autohof-kammerstein-nach-gasaustritt-geraeumt\/\" title=\"Autohof Kammerstein nach Gasaustritt ger\u00e4umt\">[&#8230;]<\/a><\/p>\n<\/div>","protected":false},"author":1,"featured_media":22269,"comment_status":"open","ping_status":"open","sticky":false,"template":"template-full.php","format":"standard","meta":{"_cbd_carousel_blocks":"[]","footnotes":""},"categories":[14],"tags":[1459,1831,1830,296,1828,260,19,276,944,1829],"class_list":{"0":"post-22268","1":"post","2":"type-post","3":"status-publish","4":"format-standard","5":"has-post-thumbnail","7":"category-verkehrsinfos","8":"tag-09-12-2017","9":"tag-aral-tankstelle","10":"tag-autogas","11":"tag-feuerwehr","12":"tag-gageruch","13":"tag-kammerstein","14":"tag-schwabach","15":"tag-sperrung","16":"tag-tankstelle","17":"tag-zapfsaeule"},"_links":{"self":[{"href":"https:\/\/www.region-schwabach.de\/wordpress\/wp-json\/wp\/v2\/posts\/22268","targetHints":{"allow":["GET"]}}],"collection":[{"href":"https:\/\/www.region-schwabach.de\/wordpress\/wp-json\/wp\/v2\/posts"}],"about":[{"href":"https:\/\/www.region-schwabach.de\/wordpress\/wp-json\/wp\/v2\/types\/post"}],"author":[{"embeddable":true,"href":"https:\/\/www.region-schwabach.de\/wordpress\/wp-json\/wp\/v2\/users\/1"}],"replies":[{"embeddable":true,"href":"https:\/\/www.region-schwabach.de\/wordpress\/wp-json\/wp\/v2\/comments?post=22268"}],"version-history":[{"count":0,"href":"https:\/\/www.region-schwabach.de\/wordpress\/wp-json\/wp\/v2\/posts\/22268\/revisions"}],"wp:featuredmedia":[{"embeddable":true,"href":"https:\/\/www.region-schwabach.de\/wordpress\/wp-json\/wp\/v2\/media\/22269"}],"wp:attachment":[{"href":"https:\/\/www.region-schwabach.de\/wordpress\/wp-json\/wp\/v2\/media?parent=22268"}],"wp:term":[{"taxonomy":"category","embeddable":true,"href":"https:\/\/www.region-schwabach.de\/wordpress\/wp-json\/wp\/v2\/categories?post=22268"},{"taxonomy":"post_tag","embeddable":true,"href":"https:\/\/www.region-schwabach.de\/wordpress\/wp-json\/wp\/v2\/tags?post=22268"}],"curies":[{"name":"wp","href":"https:\/\/api.w.org\/{rel}","templated":true}]}}