{"id":222790,"date":"2024-01-27T01:00:00","date_gmt":"2024-01-27T00:00:00","guid":{"rendered":"https:\/\/www.region-schwabach.de\/wordpress\/?p=222790"},"modified":"2024-01-27T02:07:40","modified_gmt":"2024-01-27T01:07:40","slug":"tag-der-offenen-tur-in-stadtischen-kindergarten-am-samstag-den-20-januar-2024-und-samstag-den-27-januar-2024","status":"publish","type":"post","link":"https:\/\/www.region-schwabach.de\/wordpress\/tag-der-offenen-tur-in-stadtischen-kindergarten-am-samstag-den-20-januar-2024-und-samstag-den-27-januar-2024\/","title":{"rendered":"Tag der offenen T\u00fcr in st\u00e4dtischen Kinderg\u00e4rten am Samstag, den 20. Januar 2024, und Samstag, den 27. Januar 2024"},"content":{"rendered":"\t\t<div data-elementor-type=\"wp-post\" data-elementor-id=\"222790\" class=\"elementor elementor-222790\">\n\t\t\t\t\t\t<section class=\"elementor-section elementor-top-section elementor-element elementor-element-678181b elementor-section-boxed elementor-section-height-default elementor-section-height-default\" data-id=\"678181b\" data-element_type=\"section\">\n\t\t\t\t\t\t<div class=\"elementor-container elementor-column-gap-default\">\n\t\t\t\t\t<div class=\"elementor-column elementor-col-50 elementor-top-column elementor-element elementor-element-6b34026\" data-id=\"6b34026\" data-element_type=\"column\">\n\t\t\t<div class=\"elementor-widget-wrap elementor-element-populated\">\n\t\t\t\t\t\t<div class=\"elementor-element elementor-element-caeec8c elementor-widget elementor-widget-wp-widget-advads_ad_widget\" data-id=\"caeec8c\" data-element_type=\"widget\" data-widget_type=\"wp-widget-advads_ad_widget.default\">\n\t\t\t\t<div class=\"elementor-widget-container\">\n\t\t\t<div id=\"regio-1441129577\"><div class=\"regio-adlabel\">Werbung<\/div><center><a href=\"https:\/\/a.partner-versicherung.de\/click.php?partner_id=19992&ad_id=1578&deep=kreditkarten\"  target=\"_blank\"><img decoding=\"async\" src=\"https:\/\/a.partner-versicherung.de\/view.php?partner_id=19992&ad_id=1578\" ><\/a><\/center><\/div>\t\t<\/div>\n\t\t\t\t<\/div>\n\t\t\t\t<div class=\"elementor-element elementor-element-443ab98 elementor-widget elementor-widget-text-editor\" data-id=\"443ab98\" data-element_type=\"widget\" data-widget_type=\"text-editor.default\">\n\t\t\t\t<div class=\"elementor-widget-container\">\n\t\t\t\t\t\t\t<h3 class=\"entry-title\"><span id=\"page42R_mcid10\" class=\"markedContent\"><span dir=\"ltr\" role=\"presentation\">Samstag, den 20. Januar 2024, und Samstag, den 27. Januar 2024\u00a0<br \/>Offene T\u00fcr und Anmeldetage in st\u00e4dtischen Kitas\u00a0<\/span><\/span><\/h3><p><span style=\"font-size: 12pt;\">Schwabach &#8211; <span id=\"page42R_mcid12\" class=\"markedContent\"><span dir=\"ltr\" role=\"presentation\">F\u00fcr einen Betreuungsplatz in einer der st\u00e4dtischen Kindertageseinrichtungen <\/span><span dir=\"ltr\" role=\"presentation\">k\u00f6nnen Schwabacher Eltern schon eine Voranmeldung f\u00fcr das kommende <\/span><span dir=\"ltr\" role=\"presentation\">Betreuungsjahr, das im September 2024 beginnt, abgeben. Diese dient lediglich <\/span><span dir=\"ltr\" role=\"presentation\">zur Erfassung der Kinder, deren Erziehungsberechtigte einen Betreuungsplatz in <\/span><span dir=\"ltr\" role=\"presentation\">einer st\u00e4dtischen Einrichtung w\u00fcnschen. <\/span><\/span><\/span><\/p><p><span style=\"font-size: 12pt;\"><span id=\"page42R_mcid12\" class=\"markedContent\"><span dir=\"ltr\" role=\"presentation\">Die Aufnahme des Kindes gilt erst mit <\/span><span dir=\"ltr\" role=\"presentation\">Abschluss des Betreuungsvertrages als verbindlich f\u00fcr beide Seiten. Die <\/span><span dir=\"ltr\" role=\"presentation\">Formulare zur Voranmeldung finden sich unter: <\/span><span dir=\"ltr\" role=\"presentation\"><a href=\"https:\/\/portal.little-bird.de\/Schwabach\" target=\"_blank\" rel=\"noopener\">https:\/\/portal.little-bird.de\/Schwabach<\/a>.<\/span><br role=\"presentation\" \/><\/span><\/span><\/p><h3><span style=\"font-size: 12pt;\"><span style=\"font-size: 14pt;\"><span id=\"page42R_mcid12\" class=\"markedContent\"><span dir=\"ltr\" role=\"presentation\">&#8222;Tag der offenen T\u00fcr&#8220; an <\/span><\/span><span id=\"page42R_mcid13\" class=\"markedContent\"><span dir=\"ltr\" role=\"presentation\">folgenden Terminen:\u00a0<\/span><\/span><span id=\"page42R_mcid14\" class=\"markedContent\"><\/span><\/span><span id=\"page42R_mcid17\" class=\"markedContent\"><br role=\"presentation\" \/><\/span><\/span><\/h3><ul style=\"list-style-type: disc;\"><li><span style=\"font-size: 12pt;\"><span id=\"page42R_mcid17\" class=\"markedContent\"><strong><span dir=\"ltr\" role=\"presentation\">Samstag, den 20. Januar 2024:<br \/><\/span><\/strong><span dir=\"ltr\" role=\"presentation\"><span id=\"page42R_mcid21\" class=\"markedContent\">Haus f\u00fcr Kinder Altstadt, Petzoldtstra\u00dfe 8: 10.00 Uhr bis 13.00 Uhr<br \/>Haus f\u00fcr Kinder Altstadt, Bodelschwingstra\u00dfe 2-4: 10.00 Uhr bis 13.00 Uhr<\/span><\/span><br role=\"presentation\" \/><span dir=\"ltr\" role=\"presentation\">Kindergarten Forsthof, Konrad-Adenauer-Stra\u00dfe 35: 14.00 Uhr bis 17.00 Uhr\u00a0<br \/>Kindergarten Forsthof, Austra\u00dfe 31: 14.00 Uhr bis 17.00 Uhr\u00a0<br \/><\/span><\/span><\/span><\/li><li><span style=\"font-size: 12pt;\"><span id=\"page42R_mcid21\" class=\"markedContent\"><strong><span dir=\"ltr\" role=\"presentation\">Samstag, den 27. Januar 2024:<\/span><\/strong><br role=\"presentation\" \/><span dir=\"ltr\" role=\"presentation\">Waldemar-Bergner-Kindertagesst\u00e4tte, Henseltweg 5: 10.00 Uhr bis 13.00 Uhr<\/span><br role=\"presentation\" \/><span dir=\"ltr\" role=\"presentation\">Anne-Frank-Kindergarten, Eichwasenstra\u00dfe 53: 14.00 Uhr bis 17.00 Uhr<\/span><\/span><span id=\"page42R_mcid24\" class=\"markedContent\"><\/span><span id=\"page42R_mcid25\" class=\"markedContent\"><br role=\"presentation\" \/><\/span><\/span><\/li><\/ul><h3><span style=\"font-size: 12pt;\">Weiterf\u00fchrende Links:<\/span><\/h3><p><span style=\"font-size: 12pt;\"><a href=\"https:\/\/schwabach.de\/de\/politik\/referate\/referat-2-recht-soziales-und-umwelt\/156-amt-fuer-jugend-und-familie\/160-einrichtungen-und-sachgebiete-vom-amt-fuer-jugend-und-familie\/224-kindergartenverwaltung\/225-staedtische-kindergaerten\/232-anne-frank-kindergarten\/400-anne-frank-kindergarten.html\" target=\"_blank\" rel=\"noopener\">Homepage Anne-Frank-Kindergarten &#8230;<\/a><\/span><\/p><p><span style=\"font-size: 12pt;\"><a href=\"https:\/\/schwabach.de\/de\/politik\/referate\/referat-2-recht-soziales-und-umwelt\/156-amt-fuer-jugend-und-familie\/160-einrichtungen-und-sachgebiete-vom-amt-fuer-jugend-und-familie\/224-kindergartenverwaltung\/225-staedtische-kindergaerten\/236-kindergarten-forsthof\/412-informationen-ueber-den-kindergarten-forsthof.html\" target=\"_blank\" rel=\"noopener\">Homepage Kindergarten Forsthof &#8230;<\/a><\/span><\/p><p><span style=\"font-size: 12pt;\"><a href=\"https:\/\/www.schwabach.de\/de\/politik\/referate\/referat-2-recht-soziales-und-umwelt\/156-amt-fuer-jugend-und-familie\/160-einrichtungen-und-sachgebiete-vom-amt-fuer-jugend-und-familie\/2123-haus-fuer-kinder-altstadt.html\" target=\"_blank\" rel=\"noopener\">Homepage Haus f\u00fcr Kinder Altstadt<\/a><\/span><\/p><p><span style=\"font-size: 12pt;\"><a href=\"https:\/\/schwabach.de\/de\/politik\/referate\/referat-2-recht-soziales-und-umwelt\/156-amt-fuer-jugend-und-familie\/160-einrichtungen-und-sachgebiete-vom-amt-fuer-jugend-und-familie\/224-kindergartenverwaltung\/225-staedtische-kindergaerten\/241-waldemar-bergner-kindergarten\/425-waldemar-bergner-kindertagesstaette.html\" target=\"_blank\" rel=\"noopener\">Homepage\u00a0Waldemar-Berger-Kindertagesst\u00e4tte &#8230;<\/a><\/span><\/p>\t\t\t\t\t\t<\/div>\n\t\t\t\t<\/div>\n\t\t\t\t<div class=\"elementor-element elementor-element-5b9f0de elementor-widget elementor-widget-shortcode\" data-id=\"5b9f0de\" data-element_type=\"widget\" data-widget_type=\"shortcode.default\">\n\t\t\t\t<div class=\"elementor-widget-container\">\n\t\t\t\t\t<div class=\"elementor-shortcode\"><center><a href=\"https:\/\/a.partner-versicherung.de\/click.php?partner_id=19992&ad_id=441&deep=kfz-versicherung\"  target=\"_blank\"><img decoding=\"async\" src=\"https:\/\/a.partner-versicherung.de\/view.php?partner_id=19992&ad_id=441\" ><\/a><\/center><\/div>\n\t\t\t\t<\/div>\n\t\t\t\t<\/div>\n\t\t\t\t<div class=\"elementor-element elementor-element-0c834d7 elementor-widget-divider--view-line elementor-widget elementor-widget-divider\" data-id=\"0c834d7\" data-element_type=\"widget\" data-widget_type=\"divider.default\">\n\t\t\t\t<div class=\"elementor-widget-container\">\n\t\t\t\t\t<div class=\"elementor-divider\">\n\t\t\t<span class=\"elementor-divider-separator\">\n\t\t\t\t\t\t<\/span>\n\t\t<\/div>\n\t\t\t\t<\/div>\n\t\t\t\t<\/div>\n\t\t\t\t<div class=\"elementor-element elementor-element-6384437 elementor-widget elementor-widget-google_maps\" data-id=\"6384437\" data-element_type=\"widget\" data-widget_type=\"google_maps.default\">\n\t\t\t\t<div class=\"elementor-widget-container\">\n\t\t\t\t\t<div class=\"elementor-custom-embed\">\n\t\t\t<iframe loading=\"lazy\"\n\t\t\t\t\tsrc=\"https:\/\/maps.google.com\/maps?q=Petzoldtstra%C3%9Fe%208%2C%20Schwabach%2C%20Deutschland&#038;t=m&#038;z=16&#038;output=embed&#038;iwloc=near\"\n\t\t\t\t\ttitle=\"Petzoldtstra\u00dfe 8, Schwabach, Deutschland\"\n\t\t\t\t\taria-label=\"Petzoldtstra\u00dfe 8, Schwabach, Deutschland\"\n\t\t\t><\/iframe>\n\t\t<\/div>\n\t\t\t\t<\/div>\n\t\t\t\t<\/div>\n\t\t\t\t<div class=\"elementor-element elementor-element-31d50f0 elementor-widget elementor-widget-google_maps\" data-id=\"31d50f0\" data-element_type=\"widget\" data-widget_type=\"google_maps.default\">\n\t\t\t\t<div class=\"elementor-widget-container\">\n\t\t\t\t\t<div class=\"elementor-custom-embed\">\n\t\t\t<iframe loading=\"lazy\"\n\t\t\t\t\tsrc=\"https:\/\/maps.google.com\/maps?q=Bodelschwingstra%C3%9Fe%202-4%2C%20Schwabach%2C%20Deutschland&#038;t=m&#038;z=16&#038;output=embed&#038;iwloc=near\"\n\t\t\t\t\ttitle=\"Bodelschwingstra\u00dfe 2-4, Schwabach, Deutschland\"\n\t\t\t\t\taria-label=\"Bodelschwingstra\u00dfe 2-4, Schwabach, Deutschland\"\n\t\t\t><\/iframe>\n\t\t<\/div>\n\t\t\t\t<\/div>\n\t\t\t\t<\/div>\n\t\t\t\t<div class=\"elementor-element elementor-element-30f5725 elementor-widget elementor-widget-google_maps\" data-id=\"30f5725\" data-element_type=\"widget\" data-widget_type=\"google_maps.default\">\n\t\t\t\t<div class=\"elementor-widget-container\">\n\t\t\t\t\t<div class=\"elementor-custom-embed\">\n\t\t\t<iframe loading=\"lazy\"\n\t\t\t\t\tsrc=\"https:\/\/maps.google.com\/maps?q=Konrad-Adenauer-Stra%C3%9Fe%2035%2C%20Schwabach%2C%20Deutschland&#038;t=m&#038;z=16&#038;output=embed&#038;iwloc=near\"\n\t\t\t\t\ttitle=\"Konrad-Adenauer-Stra\u00dfe 35, Schwabach, Deutschland\"\n\t\t\t\t\taria-label=\"Konrad-Adenauer-Stra\u00dfe 35, Schwabach, Deutschland\"\n\t\t\t><\/iframe>\n\t\t<\/div>\n\t\t\t\t<\/div>\n\t\t\t\t<\/div>\n\t\t\t\t<div class=\"elementor-element elementor-element-acac017 elementor-widget elementor-widget-google_maps\" data-id=\"acac017\" data-element_type=\"widget\" data-widget_type=\"google_maps.default\">\n\t\t\t\t<div class=\"elementor-widget-container\">\n\t\t\t\t\t<div class=\"elementor-custom-embed\">\n\t\t\t<iframe loading=\"lazy\"\n\t\t\t\t\tsrc=\"https:\/\/maps.google.com\/maps?q=Austra%C3%9Fe%2031%2C%20Schwabach%2C%20Deutschland&#038;t=m&#038;z=16&#038;output=embed&#038;iwloc=near\"\n\t\t\t\t\ttitle=\"Austra\u00dfe 31, Schwabach, Deutschland\"\n\t\t\t\t\taria-label=\"Austra\u00dfe 31, Schwabach, Deutschland\"\n\t\t\t><\/iframe>\n\t\t<\/div>\n\t\t\t\t<\/div>\n\t\t\t\t<\/div>\n\t\t\t\t<div class=\"elementor-element elementor-element-e53dd60 elementor-widget elementor-widget-google_maps\" data-id=\"e53dd60\" data-element_type=\"widget\" data-widget_type=\"google_maps.default\">\n\t\t\t\t<div class=\"elementor-widget-container\">\n\t\t\t\t\t<div class=\"elementor-custom-embed\">\n\t\t\t<iframe loading=\"lazy\"\n\t\t\t\t\tsrc=\"https:\/\/maps.google.com\/maps?q=Henseltweg%205%2C%20Schwabach%2C%20Deutschland&#038;t=m&#038;z=16&#038;output=embed&#038;iwloc=near\"\n\t\t\t\t\ttitle=\"Henseltweg 5, Schwabach, Deutschland\"\n\t\t\t\t\taria-label=\"Henseltweg 5, Schwabach, Deutschland\"\n\t\t\t><\/iframe>\n\t\t<\/div>\n\t\t\t\t<\/div>\n\t\t\t\t<\/div>\n\t\t\t\t<div class=\"elementor-element elementor-element-325f51f elementor-widget elementor-widget-google_maps\" data-id=\"325f51f\" data-element_type=\"widget\" data-widget_type=\"google_maps.default\">\n\t\t\t\t<div class=\"elementor-widget-container\">\n\t\t\t\t\t<div class=\"elementor-custom-embed\">\n\t\t\t<iframe loading=\"lazy\"\n\t\t\t\t\tsrc=\"https:\/\/maps.google.com\/maps?q=Eichwasenstra%C3%9Fe%203%2C%20Schwabach%2C%20Deutschland&#038;t=m&#038;z=16&#038;output=embed&#038;iwloc=near\"\n\t\t\t\t\ttitle=\"Eichwasenstra\u00dfe 3, Schwabach, Deutschland\"\n\t\t\t\t\taria-label=\"Eichwasenstra\u00dfe 3, Schwabach, Deutschland\"\n\t\t\t><\/iframe>\n\t\t<\/div>\n\t\t\t\t<\/div>\n\t\t\t\t<\/div>\n\t\t\t\t\t<\/div>\n\t\t<\/div>\n\t\t\t\t<div class=\"elementor-column elementor-col-50 elementor-top-column elementor-element elementor-element-475caa0\" data-id=\"475caa0\" data-element_type=\"column\">\n\t\t\t<div class=\"elementor-widget-wrap elementor-element-populated\">\n\t\t\t\t\t\t<div class=\"elementor-element elementor-element-424f791 elementor-widget elementor-widget-heading\" data-id=\"424f791\" data-element_type=\"widget\" data-widget_type=\"heading.default\">\n\t\t\t\t<div class=\"elementor-widget-container\">\n\t\t\t<h3 class=\"elementor-heading-title elementor-size-default\">Schnell vergleichen und sparen!<\/h3>\t\t<\/div>\n\t\t\t\t<\/div>\n\t\t\t\t<div class=\"elementor-element elementor-element-cc1eeb9 elementor-widget elementor-widget-wp-widget-advads_ad_widget\" data-id=\"cc1eeb9\" data-element_type=\"widget\" data-widget_type=\"wp-widget-advads_ad_widget.default\">\n\t\t\t\t<div class=\"elementor-widget-container\">\n\t\t\t<div id=\"regio-870573535\"><div class=\"regio-adlabel\">Werbung<\/div><!-- Beginn https:\/\/www.financeads.net\/-Code --><a href=\"https:\/\/www.financeads.net\/tc.php?t=36648C236142529B\" target=\"_blank\"><img fetchpriority=\"high\" decoding=\"async\" src=\"https:\/\/www.financeads.net\/tb.php?t=36648V236142529B&https=1\" alt=\"\" border=\"0\" width=\"300\" height=\"250\"><\/a><!-- Ende https:\/\/www.financeads.net\/-Code --><\/div>\t\t<\/div>\n\t\t\t\t<\/div>\n\t\t\t\t<div class=\"elementor-element elementor-element-6a7f79c elementor-widget elementor-widget-wp-widget-advads_ad_widget\" data-id=\"6a7f79c\" data-element_type=\"widget\" data-widget_type=\"wp-widget-advads_ad_widget.default\">\n\t\t\t\t<div class=\"elementor-widget-container\">\n\t\t\t<div id=\"regio-1928853832\"><div class=\"regio-adlabel\">Werbung<\/div><!-- Beginn https:\/\/www.financeads.net\/-Code --><a href=\"https:\/\/www.financeads.net\/tc.php?t=36648C42614510B\" target=\"_blank\"><img decoding=\"async\" src=\"https:\/\/www.financeads.net\/tb.php?t=36648V42614510B&https=1\" alt=\"\" border=\"0\" width=\"200\" height=\"300\"><\/a><!-- Ende https:\/\/www.financeads.net\/-Code --><\/div>\t\t<\/div>\n\t\t\t\t<\/div>\n\t\t\t\t<div class=\"elementor-element elementor-element-85ade34 elementor-widget elementor-widget-wp-widget-advads_ad_widget\" data-id=\"85ade34\" data-element_type=\"widget\" data-widget_type=\"wp-widget-advads_ad_widget.default\">\n\t\t\t\t<div class=\"elementor-widget-container\">\n\t\t\t<div id=\"regio-4203845659\"><div class=\"regio-adlabel\">Werbung<\/div><!-- Beginn https:\/\/www.financeads.net\/-Code --><a href=\"https:\/\/www.financeads.net\/tc.php?t=36648C205040072B\" target=\"_blank\"><img decoding=\"async\" src=\"https:\/\/www.financeads.net\/tb.php?t=36648V205040072B&https=1\" alt=\"\" border=\"0\" width=\"300\" height=\"250\"><\/a><!-- Ende https:\/\/www.financeads.net\/-Code --><\/div>\t\t<\/div>\n\t\t\t\t<\/div>\n\t\t\t\t<div class=\"elementor-element elementor-element-0005160 elementor-widget elementor-widget-wp-widget-advads_ad_widget\" data-id=\"0005160\" data-element_type=\"widget\" data-widget_type=\"wp-widget-advads_ad_widget.default\">\n\t\t\t\t<div class=\"elementor-widget-container\">\n\t\t\t<div id=\"regio-3405119125\"><div class=\"regio-adlabel\">Werbung<\/div><!-- Beginn https:\/\/www.financeads.net\/-Code --><a href=\"https:\/\/www.financeads.net\/tc.php?t=36648C271460142B\" target=\"_blank\"><img loading=\"lazy\" decoding=\"async\" src=\"https:\/\/www.financeads.net\/tb.php?t=36648V271460142B&https=1\" alt=\"PETPROTECT_Hund&Katze_Banner\" border=\"0\" width=\"250\" height=\"250\"><\/a><!-- Ende https:\/\/www.financeads.net\/-Code --><\/div>\t\t<\/div>\n\t\t\t\t<\/div>\n\t\t\t\t\t<\/div>\n\t\t<\/div>\n\t\t\t\t\t<\/div>\n\t\t<\/section>\n\t\t\t\t<\/div>\n\t\t","protected":false},"excerpt":{"rendered":"<div class=\"mh-excerpt\"><p>Samstag, den 20. Januar 2024, und Samstag, den 27. Januar 2024\u00a0Offene T\u00fcr und Anmeldetage in st\u00e4dtischen Kitas\u00a0 Schwabach &#8211; F\u00fcr einen Betreuungsplatz in einer der st\u00e4dtischen Kindertageseinrichtungen k\u00f6nnen Schwabacher Eltern schon eine Voranmeldung f\u00fcr das <a class=\"mh-excerpt-more\" href=\"https:\/\/www.region-schwabach.de\/wordpress\/tag-der-offenen-tur-in-stadtischen-kindergarten-am-samstag-den-20-januar-2024-und-samstag-den-27-januar-2024\/\" title=\"Tag der offenen T\u00fcr in st\u00e4dtischen Kinderg\u00e4rten am Samstag, den 20. Januar 2024, und Samstag, den 27. Januar 2024\">[&#8230;]<\/a><\/p>\n<\/div>","protected":false},"author":1,"featured_media":222791,"comment_status":"open","ping_status":"open","sticky":false,"template":"","format":"standard","meta":{"_cbd_carousel_blocks":"[]","footnotes":""},"categories":[16,1,287,61],"tags":[24330,24329,24332,24331,7120,7114,7115,1049,7116,13042,7123,7118,3494,2104,3957,1480,19,3151,7124,5426,7122],"class_list":{"0":"post-222790","1":"post","2":"type-post","3":"status-publish","4":"format-standard","5":"has-post-thumbnail","7":"category-aktuell","8":"category-allgemein","9":"category-jugend-und-familie","10":"category-rathaus","11":"tag-20-januar-2024","12":"tag-20-01-2024","13":"tag-27-januar-2024","14":"tag-27-01-2024","15":"tag-altstadtkindergarten","16":"tag-anmeldetage","17":"tag-anne-frank-kindergarten","18":"tag-austrasse","19":"tag-eichwasenstrasse","20":"tag-haus-fuer-kinder-altstadt","21":"tag-henseltweg","22":"tag-kindergarten-forsthof","23":"tag-kindertagesstaetten","24":"tag-konrad-adenauer-strasse","25":"tag-petzoldtstrasse","26":"tag-rathaus","27":"tag-schwabach","28":"tag-stadt-schwabach","29":"tag-tag-der-offen-tuer","30":"tag-vorschulkinder","31":"tag-waldemar-berger-kindertagesstaette"},"_links":{"self":[{"href":"https:\/\/www.region-schwabach.de\/wordpress\/wp-json\/wp\/v2\/posts\/222790","targetHints":{"allow":["GET"]}}],"collection":[{"href":"https:\/\/www.region-schwabach.de\/wordpress\/wp-json\/wp\/v2\/posts"}],"about":[{"href":"https:\/\/www.region-schwabach.de\/wordpress\/wp-json\/wp\/v2\/types\/post"}],"author":[{"embeddable":true,"href":"https:\/\/www.region-schwabach.de\/wordpress\/wp-json\/wp\/v2\/users\/1"}],"replies":[{"embeddable":true,"href":"https:\/\/www.region-schwabach.de\/wordpress\/wp-json\/wp\/v2\/comments?post=222790"}],"version-history":[{"count":0,"href":"https:\/\/www.region-schwabach.de\/wordpress\/wp-json\/wp\/v2\/posts\/222790\/revisions"}],"wp:featuredmedia":[{"embeddable":true,"href":"https:\/\/www.region-schwabach.de\/wordpress\/wp-json\/wp\/v2\/media\/222791"}],"wp:attachment":[{"href":"https:\/\/www.region-schwabach.de\/wordpress\/wp-json\/wp\/v2\/media?parent=222790"}],"wp:term":[{"taxonomy":"category","embeddable":true,"href":"https:\/\/www.region-schwabach.de\/wordpress\/wp-json\/wp\/v2\/categories?post=222790"},{"taxonomy":"post_tag","embeddable":true,"href":"https:\/\/www.region-schwabach.de\/wordpress\/wp-json\/wp\/v2\/tags?post=222790"}],"curies":[{"name":"wp","href":"https:\/\/api.w.org\/{rel}","templated":true}]}}