{"id":223354,"date":"2024-01-17T01:30:00","date_gmt":"2024-01-17T00:30:00","guid":{"rendered":"https:\/\/www.region-schwabach.de\/wordpress\/?p=223354"},"modified":"2024-01-16T23:59:11","modified_gmt":"2024-01-16T22:59:11","slug":"multivisionsvortrag-norwegen-im-land-der-mitternachtssonne-am-mittwoch-den-17-januar-2024-im-markgrafensaal-schwabach","status":"publish","type":"post","link":"https:\/\/www.region-schwabach.de\/wordpress\/multivisionsvortrag-norwegen-im-land-der-mitternachtssonne-am-mittwoch-den-17-januar-2024-im-markgrafensaal-schwabach\/","title":{"rendered":"Multivisionsvortrag\u00a0&#8222;Norwegen &#8211; Im Land der Mitternachtssonne&#8220; am Mittwoch, den 17. Januar 2024, im Markgrafensaal Schwabach"},"content":{"rendered":"\t\t<div data-elementor-type=\"wp-post\" data-elementor-id=\"223354\" class=\"elementor elementor-223354\">\n\t\t\t\t\t\t<section class=\"elementor-section elementor-top-section elementor-element elementor-element-678181b elementor-section-boxed elementor-section-height-default elementor-section-height-default\" data-id=\"678181b\" data-element_type=\"section\">\n\t\t\t\t\t\t<div class=\"elementor-container elementor-column-gap-default\">\n\t\t\t\t\t<div class=\"elementor-column elementor-col-50 elementor-top-column elementor-element elementor-element-6b34026\" data-id=\"6b34026\" data-element_type=\"column\">\n\t\t\t<div class=\"elementor-widget-wrap elementor-element-populated\">\n\t\t\t\t\t\t<div class=\"elementor-element elementor-element-5d1b797 elementor-widget elementor-widget-wp-widget-advads_ad_widget\" data-id=\"5d1b797\" data-element_type=\"widget\" data-widget_type=\"wp-widget-advads_ad_widget.default\">\n\t\t\t\t<div class=\"elementor-widget-container\">\n\t\t\t<div id=\"regio-4143912802\"><div class=\"regio-adlabel\">Werbung<\/div><center><a href=\"https:\/\/a.partner-versicherung.de\/click.php?partner_id=19992&ad_id=1578&deep=kreditkarten\"  target=\"_blank\"><img decoding=\"async\" src=\"https:\/\/a.partner-versicherung.de\/view.php?partner_id=19992&ad_id=1578\" ><\/a><\/center><\/div>\t\t<\/div>\n\t\t\t\t<\/div>\n\t\t\t\t<div class=\"elementor-element elementor-element-443ab98 elementor-widget elementor-widget-text-editor\" data-id=\"443ab98\" data-element_type=\"widget\" data-widget_type=\"text-editor.default\">\n\t\t\t\t<div class=\"elementor-widget-container\">\n\t\t\t\t\t\t\t<h3>Am Mittwoch, den 17. Januar 2024, um 20.00 Uhr im Markgrafensaal:\u00a0<br \/>Multivisionsvortrag &#8222;Norwegen &#8211; Im Land der Mitternachtssonne&#8220;\u00a0<\/h3><p><span style=\"font-size: 12pt;\">Schwabach &#8211; Seit fast 40 Jahren bereist der Fotograf und Kameramann Stefan Weindl die n\u00f6rdliche und s\u00fcdliche Hemisph\u00e4re. Immer auf der Suche nach den Bildern unserer Erde.\u00a0<br \/><br \/>Es ist ihm ein wichtiges Anliegen die Natur so grandios zu zeigen, wie sie vielleicht nie wieder zu sehen sein wird. Mit seinen Multivisionen \u00fcber Australien, S\u00fcdamerika, Neuseeland, New York, Schottland, Kanada und S\u00fcdafrika schaffte er sich das Podium um die \u201eBilder unserer Erde\u201c in der gebotenen Qualit\u00e4t und Sch\u00f6nheit sichtbar zu machen. Sichtbar und erlebbar f\u00fcr ein breites Publikum.\u00a0<br \/><br \/>Vier Reisen f\u00fchrten ihn 5 Monate lang durch den \u00e4u\u00dfersten Norden Europas &#8211; Norwegen und Spitzbergen &#8211; f\u00fcr Naturliebhaber haben diese Begriffe eine fast magische Bedeutung:\u00a0<br \/><\/span><\/p><ul><li><span style=\"font-size: 12pt;\">Traumhaft sch\u00f6ne Fjorde in die eiszeitliche Gletscher kalben.\u00a0<\/span><\/li><li><span style=\"font-size: 12pt;\">Kleine pittoreske Fischerd\u00f6rfer mit farbigen Holzh\u00e4usern und Trockenfisch vor der T\u00fcre.\u00a0<\/span><\/li><li><span style=\"font-size: 12pt;\">Nicht enden wollende Sommerabende auf sagenhaft sch\u00f6nen und dramatischen Schiffs- und F\u00e4hrpassagen.\u00a0<\/span><\/li><li><span style=\"font-size: 12pt;\">Eine wunderbare Tierwelt mit Elchen, Rentieren, Luchsen, Eisb\u00e4ren, Walrossen und Papageientauchern.\u00a0<\/span><\/li><li><span style=\"font-size: 12pt;\">Und nat\u00fcrlich das Nordkap, dieser viel besuchte Felsen im eisigen Nordmeer mit seiner gro\u00dfen Anziehungskraft.\u00a0<\/span><\/li><\/ul><p><span style=\"font-size: 12pt;\">Weitere 1000 Kilometer n\u00f6rdlich liegt die stark vergletscherte Inselgruppe Spitzbergens am Rand des ewigen Polareises. Die Mitternachtssonne ist hier im Sommer viereinhalb Monate zu sehen und trotzdem betragen dann die H\u00f6chsttemperaturen nur etwa acht Grad. Es gibt keine Stra\u00dfen und Wege zwischen den wenigen Siedlungen und Wandergruppen m\u00fcssen gro\u00dfkalibrige Waffen mit sich f\u00fchren um Eisb\u00e4renangriffe abwehren zu k\u00f6nnen.\u00a0<br \/><br \/>Die H\u00f6hepunkte der Spitzbergentour bildeten das Trekking am Nordenskj\u00f6ldgletscher auf den Robertfjell und die Schiffsreise zur n\u00f6rdlichsten Gemeinde der Welt Ny Alesund, zum Magdalenenfjord, zur Walro\u00dfinsel Moffen und zu den Eisb\u00e4ren im Liefdefjord.\u00a0<br \/><br \/>Mit acht Projektoren, Breitleinw\u00e4nden von sechs bis zu f\u00fcnfzehn Metern und 630 Panoramadias gelingt es ihm eindrucksvoll, dieses an Naturwundern so reiche Land darzustellen. Wieder kommen dabei zwei Panorama-Gro\u00dfbildprojektoren zum Einsatz, die mit bester Bildqualit\u00e4t f\u00fcr einen wahren Augenschmaus sorgen.\u00a0<br \/><\/span><\/p><p><span style=\"font-size: 12pt;\"><strong>Anmerkung:<\/strong><br \/>Tickets an der Abendkasse &#8211; \u20ac 18,-\u00a0<\/span><\/p>\t\t\t\t\t\t<\/div>\n\t\t\t\t<\/div>\n\t\t\t\t<div class=\"elementor-element elementor-element-5dec88c elementor-widget elementor-widget-shortcode\" data-id=\"5dec88c\" data-element_type=\"widget\" data-widget_type=\"shortcode.default\">\n\t\t\t\t<div class=\"elementor-widget-container\">\n\t\t\t\t\t<div class=\"elementor-shortcode\"><!-- Beginn https:\/\/www.financeads.net\/-Code --><a href=\"https:\/\/www.financeads.net\/tc.php?t=36648C38513858B\" target=\"_blank\"><center><img decoding=\"async\" src=\"https:\/\/www.financeads.net\/tb.php?t=36648V38513858B&https=1\" alt=\"\" border=\"0\" width=\"468\" height=\"60\"><\/a><!-- Ende https:\/\/www.financeads.net\/-Code --><\/div>\n\t\t\t\t<\/div>\n\t\t\t\t<\/div>\n\t\t\t\t<div class=\"elementor-element elementor-element-2c99766 elementor-widget elementor-widget-google_maps\" data-id=\"2c99766\" data-element_type=\"widget\" data-widget_type=\"google_maps.default\">\n\t\t\t\t<div class=\"elementor-widget-container\">\n\t\t\t\t\t<div class=\"elementor-custom-embed\">\n\t\t\t<iframe loading=\"lazy\"\n\t\t\t\t\tsrc=\"https:\/\/maps.google.com\/maps?q=Ludwigstra%C3%9Fe%2016%2C%20Schwabach%2C%20Deutschland&#038;t=m&#038;z=17&#038;output=embed&#038;iwloc=near\"\n\t\t\t\t\ttitle=\"Ludwigstra\u00dfe 16, Schwabach, Deutschland\"\n\t\t\t\t\taria-label=\"Ludwigstra\u00dfe 16, Schwabach, Deutschland\"\n\t\t\t><\/iframe>\n\t\t<\/div>\n\t\t\t\t<\/div>\n\t\t\t\t<\/div>\n\t\t\t\t\t<\/div>\n\t\t<\/div>\n\t\t\t\t<div class=\"elementor-column elementor-col-50 elementor-top-column elementor-element elementor-element-b2d7762\" data-id=\"b2d7762\" data-element_type=\"column\">\n\t\t\t<div class=\"elementor-widget-wrap elementor-element-populated\">\n\t\t\t\t\t\t<div class=\"elementor-element elementor-element-75ddad1 elementor-widget elementor-widget-heading\" data-id=\"75ddad1\" data-element_type=\"widget\" data-widget_type=\"heading.default\">\n\t\t\t\t<div class=\"elementor-widget-container\">\n\t\t\t<h3 class=\"elementor-heading-title elementor-size-default\">Schnell vergleichen und sparen!<\/h3>\t\t<\/div>\n\t\t\t\t<\/div>\n\t\t\t\t<div class=\"elementor-element elementor-element-2ca467d elementor-widget elementor-widget-wp-widget-advads_ad_widget\" data-id=\"2ca467d\" data-element_type=\"widget\" data-widget_type=\"wp-widget-advads_ad_widget.default\">\n\t\t\t\t<div class=\"elementor-widget-container\">\n\t\t\t<div id=\"regio-3261174169\"><div class=\"regio-adlabel\">Werbung<\/div><!-- Beginn https:\/\/www.financeads.net\/-Code --><a href=\"https:\/\/www.financeads.net\/tc.php?t=36648C236142529B\" target=\"_blank\"><img fetchpriority=\"high\" decoding=\"async\" src=\"https:\/\/www.financeads.net\/tb.php?t=36648V236142529B&https=1\" alt=\"\" border=\"0\" width=\"300\" height=\"250\"><\/a><!-- Ende https:\/\/www.financeads.net\/-Code --><\/div>\t\t<\/div>\n\t\t\t\t<\/div>\n\t\t\t\t<div class=\"elementor-element elementor-element-237ce0f elementor-widget elementor-widget-wp-widget-advads_ad_widget\" data-id=\"237ce0f\" data-element_type=\"widget\" data-widget_type=\"wp-widget-advads_ad_widget.default\">\n\t\t\t\t<div class=\"elementor-widget-container\">\n\t\t\t<div id=\"regio-3454935396\"><div class=\"regio-adlabel\">Werbung<\/div><!-- Beginn https:\/\/www.financeads.net\/-Code --><a href=\"https:\/\/www.financeads.net\/tc.php?t=36648C42614510B\" target=\"_blank\"><img decoding=\"async\" src=\"https:\/\/www.financeads.net\/tb.php?t=36648V42614510B&https=1\" alt=\"\" border=\"0\" width=\"200\" height=\"300\"><\/a><!-- Ende https:\/\/www.financeads.net\/-Code --><\/div>\t\t<\/div>\n\t\t\t\t<\/div>\n\t\t\t\t<div class=\"elementor-element elementor-element-67abb4d elementor-widget elementor-widget-wp-widget-advads_ad_widget\" data-id=\"67abb4d\" data-element_type=\"widget\" data-widget_type=\"wp-widget-advads_ad_widget.default\">\n\t\t\t\t<div class=\"elementor-widget-container\">\n\t\t\t<div id=\"regio-1207816210\"><div class=\"regio-adlabel\">Werbung<\/div><!-- Beginn https:\/\/www.financeads.net\/-Code --><a href=\"https:\/\/www.financeads.net\/tc.php?t=36648C205040072B\" target=\"_blank\"><img loading=\"lazy\" decoding=\"async\" src=\"https:\/\/www.financeads.net\/tb.php?t=36648V205040072B&https=1\" alt=\"\" border=\"0\" width=\"300\" height=\"250\"><\/a><!-- Ende https:\/\/www.financeads.net\/-Code --><\/div>\t\t<\/div>\n\t\t\t\t<\/div>\n\t\t\t\t<div class=\"elementor-element elementor-element-bd6d67f elementor-widget elementor-widget-wp-widget-advads_ad_widget\" data-id=\"bd6d67f\" data-element_type=\"widget\" data-widget_type=\"wp-widget-advads_ad_widget.default\">\n\t\t\t\t<div class=\"elementor-widget-container\">\n\t\t\t<div id=\"regio-3780866392\"><div class=\"regio-adlabel\">Werbung<\/div><!-- Beginn https:\/\/www.financeads.net\/-Code --><a href=\"https:\/\/www.financeads.net\/tc.php?t=36648C271460142B\" target=\"_blank\"><img loading=\"lazy\" decoding=\"async\" src=\"https:\/\/www.financeads.net\/tb.php?t=36648V271460142B&https=1\" alt=\"PETPROTECT_Hund&Katze_Banner\" border=\"0\" width=\"250\" height=\"250\"><\/a><!-- Ende https:\/\/www.financeads.net\/-Code --><\/div>\t\t<\/div>\n\t\t\t\t<\/div>\n\t\t\t\t\t<\/div>\n\t\t<\/div>\n\t\t\t\t\t<\/div>\n\t\t<\/section>\n\t\t\t\t<\/div>\n\t\t","protected":false},"excerpt":{"rendered":"<div class=\"mh-excerpt\"><p>Am Mittwoch, den 17. Januar 2024, um 20.00 Uhr im Markgrafensaal:\u00a0Multivisionsvortrag &#8222;Norwegen &#8211; Im Land der Mitternachtssonne&#8220;\u00a0 Schwabach &#8211; Seit fast 40 Jahren bereist der Fotograf und Kameramann Stefan Weindl die n\u00f6rdliche und s\u00fcdliche Hemisph\u00e4re. <a class=\"mh-excerpt-more\" href=\"https:\/\/www.region-schwabach.de\/wordpress\/multivisionsvortrag-norwegen-im-land-der-mitternachtssonne-am-mittwoch-den-17-januar-2024-im-markgrafensaal-schwabach\/\" title=\"Multivisionsvortrag\u00a0&#8222;Norwegen &#8211; Im Land der Mitternachtssonne&#8220; am Mittwoch, den 17. Januar 2024, im Markgrafensaal Schwabach\">[&#8230;]<\/a><\/p>\n<\/div>","protected":false},"author":1,"featured_media":223355,"comment_status":"open","ping_status":"open","sticky":false,"template":"","format":"standard","meta":{"_cbd_carousel_blocks":"[]","footnotes":""},"categories":[16,287,231],"tags":[24385,24383,24382,24387,4861,24389,2029,2028,24384,24386,19,24388,20],"class_list":{"0":"post-223354","1":"post","2":"type-post","3":"status-publish","4":"format-standard","5":"has-post-thumbnail","7":"category-aktuell","8":"category-jugend-und-familie","9":"category-veranstaltungsnews","10":"tag-norwegen-im-land-der-mitternachtssonne","11":"tag-17-januar-2024","12":"tag-17-01-2024","13":"tag-breitleinwand","14":"tag-fotograf","15":"tag-kameramann","16":"tag-ludwigstrasse","17":"tag-markgrafensaal","18":"tag-multivisionsvortrag","19":"tag-projektoren","20":"tag-schwabach","21":"tag-stefan-weindl","22":"tag-veranstaltung"},"_links":{"self":[{"href":"https:\/\/www.region-schwabach.de\/wordpress\/wp-json\/wp\/v2\/posts\/223354","targetHints":{"allow":["GET"]}}],"collection":[{"href":"https:\/\/www.region-schwabach.de\/wordpress\/wp-json\/wp\/v2\/posts"}],"about":[{"href":"https:\/\/www.region-schwabach.de\/wordpress\/wp-json\/wp\/v2\/types\/post"}],"author":[{"embeddable":true,"href":"https:\/\/www.region-schwabach.de\/wordpress\/wp-json\/wp\/v2\/users\/1"}],"replies":[{"embeddable":true,"href":"https:\/\/www.region-schwabach.de\/wordpress\/wp-json\/wp\/v2\/comments?post=223354"}],"version-history":[{"count":0,"href":"https:\/\/www.region-schwabach.de\/wordpress\/wp-json\/wp\/v2\/posts\/223354\/revisions"}],"wp:featuredmedia":[{"embeddable":true,"href":"https:\/\/www.region-schwabach.de\/wordpress\/wp-json\/wp\/v2\/media\/223355"}],"wp:attachment":[{"href":"https:\/\/www.region-schwabach.de\/wordpress\/wp-json\/wp\/v2\/media?parent=223354"}],"wp:term":[{"taxonomy":"category","embeddable":true,"href":"https:\/\/www.region-schwabach.de\/wordpress\/wp-json\/wp\/v2\/categories?post=223354"},{"taxonomy":"post_tag","embeddable":true,"href":"https:\/\/www.region-schwabach.de\/wordpress\/wp-json\/wp\/v2\/tags?post=223354"}],"curies":[{"name":"wp","href":"https:\/\/api.w.org\/{rel}","templated":true}]}}