{"id":223702,"date":"2024-01-22T02:00:00","date_gmt":"2024-01-22T01:00:00","guid":{"rendered":"https:\/\/www.region-schwabach.de\/wordpress\/?p=223702"},"modified":"2024-01-22T01:02:14","modified_gmt":"2024-01-22T00:02:14","slug":"eva-karl-faltermeier-taxi-uhr-lauft-das-neue-programm-am-montag-den-22-januar-2024-im-markgrafensaal-schwabach","status":"publish","type":"post","link":"https:\/\/www.region-schwabach.de\/wordpress\/eva-karl-faltermeier-taxi-uhr-lauft-das-neue-programm-am-montag-den-22-januar-2024-im-markgrafensaal-schwabach\/","title":{"rendered":"Eva Karl Faltermeier &#8211; &#8222;Taxi. Uhr l\u00e4uft&#8220; &#8211; das neue Programm am Montag, den 22. Januar 2024, im Markgrafensaal Schwabach"},"content":{"rendered":"\t\t<div data-elementor-type=\"wp-post\" data-elementor-id=\"223702\" class=\"elementor elementor-223702\">\n\t\t\t\t\t\t<section class=\"elementor-section elementor-top-section elementor-element elementor-element-678181b elementor-section-boxed elementor-section-height-default elementor-section-height-default\" data-id=\"678181b\" data-element_type=\"section\">\n\t\t\t\t\t\t<div class=\"elementor-container elementor-column-gap-default\">\n\t\t\t\t\t<div class=\"elementor-column elementor-col-50 elementor-top-column elementor-element elementor-element-6b34026\" data-id=\"6b34026\" data-element_type=\"column\">\n\t\t\t<div class=\"elementor-widget-wrap elementor-element-populated\">\n\t\t\t\t\t\t<div class=\"elementor-element elementor-element-5d1b797 elementor-widget elementor-widget-wp-widget-advads_ad_widget\" data-id=\"5d1b797\" data-element_type=\"widget\" data-widget_type=\"wp-widget-advads_ad_widget.default\">\n\t\t\t\t<div class=\"elementor-widget-container\">\n\t\t\t<div id=\"regio-1648371403\"><div class=\"regio-adlabel\">Werbung<\/div><center><a href=\"https:\/\/a.partner-versicherung.de\/click.php?partner_id=19992&ad_id=1578&deep=kreditkarten\"  target=\"_blank\"><img decoding=\"async\" src=\"https:\/\/a.partner-versicherung.de\/view.php?partner_id=19992&ad_id=1578\" ><\/a><\/center><\/div>\t\t<\/div>\n\t\t\t\t<\/div>\n\t\t\t\t<div class=\"elementor-element elementor-element-443ab98 elementor-widget elementor-widget-text-editor\" data-id=\"443ab98\" data-element_type=\"widget\" data-widget_type=\"text-editor.default\">\n\t\t\t\t<div class=\"elementor-widget-container\">\n\t\t\t\t\t\t\t<h3>Am Montag, den 22. Januar 2024, um 20.00 Uhr im Markgrafensaal:\u00a0<br \/>Eva Karl Faltermeier &#8211;\u00a0&#8222;Taxi. Uhr l\u00e4uft&#8220; &#8211; das neue Programm<\/h3><p><span style=\"font-size: 12pt;\">Schwabach &#8211;\u00a0Nicht immer wird man im Leben da abgeholt, wo man steht. Im Falle einer Taxi-Fahrt ist das nat\u00fcrlich der schon so. Au\u00dfer, man hat keine Ahnung, wo man sich befindet. Oder kein Geld. Doch manchmal ist es im Leben eben auch nicht so einfach, den eigenen Standpunkt zweifelsfrei festzumachen. Weder emotional, noch politisch oder geografisch. Und manchmal fehlen eben auch die n\u00f6tigen Mittel. <\/span><\/p><p><span style=\"font-size: 12pt;\">Eva Karl Faltermeier findet heraus, wo wir alle abgeholt werden wollen, wohin die Fahrt geht und was sie uns kostet. Eine am\u00fcsante Fahrt \u2013 durch die Irrungen des Lebens \u2013 w\u00e4hrend der jede Sekunde z\u00e4hlt.\u00a0<\/span><\/p><p><span style=\"font-size: 12pt;\">Eva Karl Faltermeier (38) ist alleinerziehende Mutter zweier Kinder und gelernte Journalistin. Mit ihrem ersten B\u00fchnenprogramm \u201eEs geht dahi\u201c \u00fcberzeugte sie KritikerInnen und Publikum gleicherma\u00dfen. Sie wurde mit dem Senkrechtstarter-Preis des Bayerischen Kabarettpreises, dem Newcomerpreis des Hessischen Kabarettpreises und dem Prix Pantheon ausgezeichnet. <\/span><\/p><p><span style=\"font-size: 12pt;\">Die Stadt Regensburg ehrte sie mit dem \u201eKulturf\u00f6rderpreis 2020\u201c. F\u00fcr die gelernte Journalistin ist es das gr\u00f6\u00dfte Ziel, mit Geschichten zu unterhalten. Eva Karl Faltermeier ist Blogautorin, Dozentin und schreibt Kolumnen (Bayern2). Sie f\u00fchrt einen eigenen Indie-InterviewPodcast (\u201eEs lafft\u201c) f\u00fcr den sie 2021 den Kulturpreis des Bezirks Oberpfalz erhalten hat. Ihr erstes Buch &#8222;Der Grant der Frau\u201c erschien im Oktober 2021 bei S\u00fcd\/Ost.\u00a0<\/span><\/p><h3>Weiterf\u00fchrende Links:\u00a0<\/h3><p><a href=\"https:\/\/www.concertbuero-franken.de\/konzert-details\/eva-karl-faltermeier-3.html\" target=\"_blank\" rel=\"noopener\"><span style=\"font-size: 12pt;\">Mehr Informationen zu dieser Veranstaltung gibt es hier &#8230;\u00a0<\/span><\/a><\/p>\t\t\t\t\t\t<\/div>\n\t\t\t\t<\/div>\n\t\t\t\t<div class=\"elementor-element elementor-element-5dec88c elementor-widget elementor-widget-shortcode\" data-id=\"5dec88c\" data-element_type=\"widget\" data-widget_type=\"shortcode.default\">\n\t\t\t\t<div class=\"elementor-widget-container\">\n\t\t\t\t\t<div class=\"elementor-shortcode\"><!-- Beginn https:\/\/www.financeads.net\/-Code --><a href=\"https:\/\/www.financeads.net\/tc.php?t=36648C38513858B\" target=\"_blank\"><center><img decoding=\"async\" src=\"https:\/\/www.financeads.net\/tb.php?t=36648V38513858B&https=1\" alt=\"\" border=\"0\" width=\"468\" height=\"60\"><\/a><!-- Ende https:\/\/www.financeads.net\/-Code --><\/div>\n\t\t\t\t<\/div>\n\t\t\t\t<\/div>\n\t\t\t\t<div class=\"elementor-element elementor-element-2c99766 elementor-widget elementor-widget-google_maps\" data-id=\"2c99766\" data-element_type=\"widget\" data-widget_type=\"google_maps.default\">\n\t\t\t\t<div class=\"elementor-widget-container\">\n\t\t\t\t\t<div class=\"elementor-custom-embed\">\n\t\t\t<iframe loading=\"lazy\"\n\t\t\t\t\tsrc=\"https:\/\/maps.google.com\/maps?q=Ludwigstra%C3%9Fe%2016%2C%20Schwabach%2C%20Deutschland&#038;t=m&#038;z=17&#038;output=embed&#038;iwloc=near\"\n\t\t\t\t\ttitle=\"Ludwigstra\u00dfe 16, Schwabach, Deutschland\"\n\t\t\t\t\taria-label=\"Ludwigstra\u00dfe 16, Schwabach, Deutschland\"\n\t\t\t><\/iframe>\n\t\t<\/div>\n\t\t\t\t<\/div>\n\t\t\t\t<\/div>\n\t\t\t\t\t<\/div>\n\t\t<\/div>\n\t\t\t\t<div class=\"elementor-column elementor-col-50 elementor-top-column elementor-element elementor-element-b2d7762\" data-id=\"b2d7762\" data-element_type=\"column\">\n\t\t\t<div class=\"elementor-widget-wrap elementor-element-populated\">\n\t\t\t\t\t\t<div class=\"elementor-element elementor-element-75ddad1 elementor-widget elementor-widget-heading\" data-id=\"75ddad1\" data-element_type=\"widget\" data-widget_type=\"heading.default\">\n\t\t\t\t<div class=\"elementor-widget-container\">\n\t\t\t<h3 class=\"elementor-heading-title elementor-size-default\">Schnell vergleichen und sparen!<\/h3>\t\t<\/div>\n\t\t\t\t<\/div>\n\t\t\t\t<div class=\"elementor-element elementor-element-2ca467d elementor-widget elementor-widget-wp-widget-advads_ad_widget\" data-id=\"2ca467d\" data-element_type=\"widget\" data-widget_type=\"wp-widget-advads_ad_widget.default\">\n\t\t\t\t<div class=\"elementor-widget-container\">\n\t\t\t<div id=\"regio-1504844624\"><div class=\"regio-adlabel\">Werbung<\/div><!-- Beginn https:\/\/www.financeads.net\/-Code --><a href=\"https:\/\/www.financeads.net\/tc.php?t=36648C236142529B\" target=\"_blank\"><img fetchpriority=\"high\" decoding=\"async\" src=\"https:\/\/www.financeads.net\/tb.php?t=36648V236142529B&https=1\" alt=\"\" border=\"0\" width=\"300\" height=\"250\"><\/a><!-- Ende https:\/\/www.financeads.net\/-Code --><\/div>\t\t<\/div>\n\t\t\t\t<\/div>\n\t\t\t\t<div class=\"elementor-element elementor-element-237ce0f elementor-widget elementor-widget-wp-widget-advads_ad_widget\" data-id=\"237ce0f\" data-element_type=\"widget\" data-widget_type=\"wp-widget-advads_ad_widget.default\">\n\t\t\t\t<div class=\"elementor-widget-container\">\n\t\t\t<div id=\"regio-1739964095\"><div class=\"regio-adlabel\">Werbung<\/div><!-- Beginn https:\/\/www.financeads.net\/-Code --><a href=\"https:\/\/www.financeads.net\/tc.php?t=36648C42614510B\" target=\"_blank\"><img decoding=\"async\" src=\"https:\/\/www.financeads.net\/tb.php?t=36648V42614510B&https=1\" alt=\"\" border=\"0\" width=\"200\" height=\"300\"><\/a><!-- Ende https:\/\/www.financeads.net\/-Code --><\/div>\t\t<\/div>\n\t\t\t\t<\/div>\n\t\t\t\t<div class=\"elementor-element elementor-element-67abb4d elementor-widget elementor-widget-wp-widget-advads_ad_widget\" data-id=\"67abb4d\" data-element_type=\"widget\" data-widget_type=\"wp-widget-advads_ad_widget.default\">\n\t\t\t\t<div class=\"elementor-widget-container\">\n\t\t\t<div id=\"regio-1441015585\"><div class=\"regio-adlabel\">Werbung<\/div><!-- Beginn https:\/\/www.financeads.net\/-Code --><a href=\"https:\/\/www.financeads.net\/tc.php?t=36648C205040072B\" target=\"_blank\"><img loading=\"lazy\" decoding=\"async\" src=\"https:\/\/www.financeads.net\/tb.php?t=36648V205040072B&https=1\" alt=\"\" border=\"0\" width=\"300\" height=\"250\"><\/a><!-- Ende https:\/\/www.financeads.net\/-Code --><\/div>\t\t<\/div>\n\t\t\t\t<\/div>\n\t\t\t\t<div class=\"elementor-element elementor-element-bd6d67f elementor-widget elementor-widget-wp-widget-advads_ad_widget\" data-id=\"bd6d67f\" data-element_type=\"widget\" data-widget_type=\"wp-widget-advads_ad_widget.default\">\n\t\t\t\t<div class=\"elementor-widget-container\">\n\t\t\t<div id=\"regio-1855895920\"><div class=\"regio-adlabel\">Werbung<\/div><!-- Beginn https:\/\/www.financeads.net\/-Code --><a href=\"https:\/\/www.financeads.net\/tc.php?t=36648C271460142B\" target=\"_blank\"><img loading=\"lazy\" decoding=\"async\" src=\"https:\/\/www.financeads.net\/tb.php?t=36648V271460142B&https=1\" alt=\"PETPROTECT_Hund&Katze_Banner\" border=\"0\" width=\"250\" height=\"250\"><\/a><!-- Ende https:\/\/www.financeads.net\/-Code --><\/div>\t\t<\/div>\n\t\t\t\t<\/div>\n\t\t\t\t\t<\/div>\n\t\t<\/div>\n\t\t\t\t\t<\/div>\n\t\t<\/section>\n\t\t\t\t<\/div>\n\t\t","protected":false},"excerpt":{"rendered":"<div class=\"mh-excerpt\"><p>Am Montag, den 22. Januar 2024, um 20.00 Uhr im Markgrafensaal:\u00a0Eva Karl Faltermeier &#8211;\u00a0&#8222;Taxi. Uhr l\u00e4uft&#8220; &#8211; das neue Programm Schwabach &#8211;\u00a0Nicht immer wird man im Leben da abgeholt, wo man steht. Im Falle einer <a class=\"mh-excerpt-more\" href=\"https:\/\/www.region-schwabach.de\/wordpress\/eva-karl-faltermeier-taxi-uhr-lauft-das-neue-programm-am-montag-den-22-januar-2024-im-markgrafensaal-schwabach\/\" title=\"Eva Karl Faltermeier &#8211; &#8222;Taxi. Uhr l\u00e4uft&#8220; &#8211; das neue Programm am Montag, den 22. Januar 2024, im Markgrafensaal Schwabach\">[&#8230;]<\/a><\/p>\n<\/div>","protected":false},"author":1,"featured_media":223703,"comment_status":"open","ping_status":"open","sticky":false,"template":"","format":"standard","meta":{"_cbd_carousel_blocks":"[]","footnotes":""},"categories":[16,287,231],"tags":[24339,24342,24341,24426,24427,21094,24340,24338,2029,2028,19,20,23768],"class_list":{"0":"post-223702","1":"post","2":"type-post","3":"status-publish","4":"format-standard","5":"has-post-thumbnail","7":"category-aktuell","8":"category-jugend-und-familie","9":"category-veranstaltungsnews","10":"tag-taxi-uhr-laeuft","11":"tag-10-januar-2024","12":"tag-10-01-2024","13":"tag-22-januar-2024","14":"tag-22-01-2024","15":"tag-comedy","16":"tag-das-neue-programm","17":"tag-eva-karl-faltermeier","18":"tag-ludwigstrasse","19":"tag-markgrafensaal","20":"tag-schwabach","21":"tag-veranstaltung","22":"tag-willy-astor"},"_links":{"self":[{"href":"https:\/\/www.region-schwabach.de\/wordpress\/wp-json\/wp\/v2\/posts\/223702","targetHints":{"allow":["GET"]}}],"collection":[{"href":"https:\/\/www.region-schwabach.de\/wordpress\/wp-json\/wp\/v2\/posts"}],"about":[{"href":"https:\/\/www.region-schwabach.de\/wordpress\/wp-json\/wp\/v2\/types\/post"}],"author":[{"embeddable":true,"href":"https:\/\/www.region-schwabach.de\/wordpress\/wp-json\/wp\/v2\/users\/1"}],"replies":[{"embeddable":true,"href":"https:\/\/www.region-schwabach.de\/wordpress\/wp-json\/wp\/v2\/comments?post=223702"}],"version-history":[{"count":0,"href":"https:\/\/www.region-schwabach.de\/wordpress\/wp-json\/wp\/v2\/posts\/223702\/revisions"}],"wp:featuredmedia":[{"embeddable":true,"href":"https:\/\/www.region-schwabach.de\/wordpress\/wp-json\/wp\/v2\/media\/223703"}],"wp:attachment":[{"href":"https:\/\/www.region-schwabach.de\/wordpress\/wp-json\/wp\/v2\/media?parent=223702"}],"wp:term":[{"taxonomy":"category","embeddable":true,"href":"https:\/\/www.region-schwabach.de\/wordpress\/wp-json\/wp\/v2\/categories?post=223702"},{"taxonomy":"post_tag","embeddable":true,"href":"https:\/\/www.region-schwabach.de\/wordpress\/wp-json\/wp\/v2\/tags?post=223702"}],"curies":[{"name":"wp","href":"https:\/\/api.w.org\/{rel}","templated":true}]}}