{"id":22389,"date":"2017-12-13T01:12:06","date_gmt":"2017-12-13T00:12:06","guid":{"rendered":"http:\/\/www.region-schwabach.de\/wordpress\/?p=22389"},"modified":"2017-12-13T01:25:11","modified_gmt":"2017-12-13T00:25:11","slug":"unfallfluechtiger-pkw-fahrer-in-schwabach-war-schnell-ermittelt","status":"publish","type":"post","link":"https:\/\/www.region-schwabach.de\/wordpress\/unfallfluechtiger-pkw-fahrer-in-schwabach-war-schnell-ermittelt\/","title":{"rendered":"Unfallfl\u00fcchtiger PKW-Fahrer in Schwabach war schnell ermittelt"},"content":{"rendered":"\t\t<div data-elementor-type=\"wp-post\" data-elementor-id=\"22389\" class=\"elementor elementor-22389 elementor-bc-flex-widget\">\n\t\t\t\t\t\t<section class=\"elementor-section elementor-top-section elementor-element elementor-element-1cuv9jr elementor-section-boxed elementor-section-height-default elementor-section-height-default\" data-id=\"1cuv9jr\" data-element_type=\"section\">\n\t\t\t\t\t\t<div class=\"elementor-container elementor-column-gap-default\">\n\t\t\t\t\t<div class=\"elementor-column elementor-col-66 elementor-top-column elementor-element elementor-element-q5zak7b\" data-id=\"q5zak7b\" data-element_type=\"column\">\n\t\t\t<div class=\"elementor-widget-wrap elementor-element-populated\">\n\t\t\t\t\t\t<div class=\"elementor-element elementor-element-86qws23 elementor-widget elementor-widget-text-editor\" data-id=\"86qws23\" data-element_type=\"widget\" data-widget_type=\"text-editor.default\">\n\t\t\t\t<div class=\"elementor-widget-container\">\n\t\t\t\t\t\t\t<h3><strong>Au\u00dfenspiegel in Schwabach angefahren<\/strong><\/h3><p>Schwabach &#8211; Am Dienstag, den 12.12.2017, besch\u00e4digte ein 38-j\u00e4hriger PKW-Fahrer den Au\u00dfenspiegel eines geparkten Pkw im Stadtteil Vogelherd in Schwabach, und beging danach Fahrerflucht.<\/p><h3>Gesch\u00e4digte sieht Unfallfahrer fl\u00fcchten<\/h3><p>Allerdings hatte er bei seiner Flucht kein Gl\u00fcck, denn eine zuf\u00e4llig in der N\u00e4he stehende 33-j\u00e4hrige Frau (zuf\u00e4llig auch noch die Besitzerin des angefahrenen PKW) bemerkte den Unfall, und konnte sich das Kennzeichen des vorbeifahrenden Autos merken, so dass es ein Leichtes f\u00fcr die Schwabacher Polizei war, den fl\u00fcchtigen Fahrer ausfindig zu machen.<\/p><h3>Fahrer erwartet Geldstrafe und Fahrverbot<\/h3><p>Den 38 J\u00e4hrigen erwartet nun ein Strafverfahren wegen unerlaubtem Entfernen vom Unfallort, eine empfindliche Geldstrafe und ein mehrmonatiges Fahrverbot.<\/p>\t\t\t\t\t\t<\/div>\n\t\t\t\t<\/div>\n\t\t\t\t<div class=\"elementor-element elementor-element-1l7zbzo elementor-widget elementor-widget-google_maps\" data-id=\"1l7zbzo\" data-element_type=\"widget\" data-widget_type=\"google_maps.default\">\n\t\t\t\t<div class=\"elementor-widget-container\">\n\t\t\t\t\t<div class=\"elementor-custom-embed\">\n\t\t\t<iframe loading=\"lazy\"\n\t\t\t\t\tsrc=\"https:\/\/maps.google.com\/maps?q=Vogelherd%2C%20Schwabach%2C%20Deutschland&#038;t=m&#038;z=16&#038;output=embed&#038;iwloc=near\"\n\t\t\t\t\ttitle=\"Vogelherd, Schwabach, Deutschland\"\n\t\t\t\t\taria-label=\"Vogelherd, Schwabach, Deutschland\"\n\t\t\t><\/iframe>\n\t\t<\/div>\n\t\t\t\t<\/div>\n\t\t\t\t<\/div>\n\t\t\t\t\t<\/div>\n\t\t<\/div>\n\t\t\t\t<div class=\"elementor-column elementor-col-33 elementor-top-column elementor-element elementor-element-0w0urt1\" data-id=\"0w0urt1\" data-element_type=\"column\">\n\t\t\t<div class=\"elementor-widget-wrap elementor-element-populated\">\n\t\t\t\t\t\t<div class=\"elementor-element elementor-element-mo6nk5i elementor-widget elementor-widget-image\" data-id=\"mo6nk5i\" data-element_type=\"widget\" data-widget_type=\"image.default\">\n\t\t\t\t<div class=\"elementor-widget-container\">\n\t\t\t\t\t\t\t\t\t\t\t\t\t\t<a href=\"http:\/\/www.region-schwabach.de\/wordpress\/werben-auf-region-schwabach\/\" target=\"_blank\">\n\t\t\t\t\t\t\t<img fetchpriority=\"high\" decoding=\"async\" width=\"1024\" height=\"1024\" src=\"https:\/\/www.region-schwabach.de\/wordpress\/wp-content\/uploads\/2017\/06\/werbung8-1024x1024.png\" class=\"attachment-large size-large wp-image-2484\" alt=\"\" srcset=\"https:\/\/www.region-schwabach.de\/wordpress\/wp-content\/uploads\/2017\/06\/werbung8-1024x1024.png 1024w, https:\/\/www.region-schwabach.de\/wordpress\/wp-content\/uploads\/2017\/06\/werbung8-150x150.png 150w, https:\/\/www.region-schwabach.de\/wordpress\/wp-content\/uploads\/2017\/06\/werbung8-300x300.png 300w, https:\/\/www.region-schwabach.de\/wordpress\/wp-content\/uploads\/2017\/06\/werbung8-768x768.png 768w, https:\/\/www.region-schwabach.de\/wordpress\/wp-content\/uploads\/2017\/06\/werbung8-600x600.png 600w, https:\/\/www.region-schwabach.de\/wordpress\/wp-content\/uploads\/2017\/06\/werbung8.png 1200w\" sizes=\"(max-width: 1024px) 100vw, 1024px\" \/>\t\t\t\t\t\t\t\t<\/a>\n\t\t\t\t\t\t\t\t\t\t\t\t\t<\/div>\n\t\t\t\t<\/div>\n\t\t\t\t\t<\/div>\n\t\t<\/div>\n\t\t\t\t\t<\/div>\n\t\t<\/section>\n\t\t\t\t<\/div>\n\t\t","protected":false},"excerpt":{"rendered":"<div class=\"mh-excerpt\"><p>Au\u00dfenspiegel in Schwabach angefahren Schwabach &#8211; Am Dienstag, den 12.12.2017, besch\u00e4digte ein 38-j\u00e4hriger PKW-Fahrer den Au\u00dfenspiegel eines geparkten Pkw im Stadtteil Vogelherd in Schwabach, und beging danach Fahrerflucht. Gesch\u00e4digte sieht Unfallfahrer fl\u00fcchten Allerdings hatte er <a class=\"mh-excerpt-more\" href=\"https:\/\/www.region-schwabach.de\/wordpress\/unfallfluechtiger-pkw-fahrer-in-schwabach-war-schnell-ermittelt\/\" title=\"Unfallfl\u00fcchtiger PKW-Fahrer in Schwabach war schnell ermittelt\">[&#8230;]<\/a><\/p>\n<\/div>","protected":false},"author":1,"featured_media":22390,"comment_status":"open","ping_status":"open","sticky":false,"template":"","format":"standard","meta":{"_cbd_carousel_blocks":"[]","footnotes":""},"categories":[15],"tags":[1709,882,454,1018,1847,463,401,713,19,457,1846],"class_list":{"0":"post-22389","1":"post","2":"type-post","3":"status-publish","4":"format-standard","5":"has-post-thumbnail","7":"category-polizeimeldungen","8":"tag-12-12-2017","9":"tag-aussenspiegel","10":"tag-fahrerflucht","11":"tag-fahrverbot","12":"tag-geldstrafe","13":"tag-pkw","14":"tag-sachschaden","15":"tag-schaden","16":"tag-schwabach","17":"tag-unfallflucht","18":"tag-vogelherd"},"_links":{"self":[{"href":"https:\/\/www.region-schwabach.de\/wordpress\/wp-json\/wp\/v2\/posts\/22389","targetHints":{"allow":["GET"]}}],"collection":[{"href":"https:\/\/www.region-schwabach.de\/wordpress\/wp-json\/wp\/v2\/posts"}],"about":[{"href":"https:\/\/www.region-schwabach.de\/wordpress\/wp-json\/wp\/v2\/types\/post"}],"author":[{"embeddable":true,"href":"https:\/\/www.region-schwabach.de\/wordpress\/wp-json\/wp\/v2\/users\/1"}],"replies":[{"embeddable":true,"href":"https:\/\/www.region-schwabach.de\/wordpress\/wp-json\/wp\/v2\/comments?post=22389"}],"version-history":[{"count":0,"href":"https:\/\/www.region-schwabach.de\/wordpress\/wp-json\/wp\/v2\/posts\/22389\/revisions"}],"wp:featuredmedia":[{"embeddable":true,"href":"https:\/\/www.region-schwabach.de\/wordpress\/wp-json\/wp\/v2\/media\/22390"}],"wp:attachment":[{"href":"https:\/\/www.region-schwabach.de\/wordpress\/wp-json\/wp\/v2\/media?parent=22389"}],"wp:term":[{"taxonomy":"category","embeddable":true,"href":"https:\/\/www.region-schwabach.de\/wordpress\/wp-json\/wp\/v2\/categories?post=22389"},{"taxonomy":"post_tag","embeddable":true,"href":"https:\/\/www.region-schwabach.de\/wordpress\/wp-json\/wp\/v2\/tags?post=22389"}],"curies":[{"name":"wp","href":"https:\/\/api.w.org\/{rel}","templated":true}]}}