{"id":223928,"date":"2024-01-25T01:00:00","date_gmt":"2024-01-25T00:00:00","guid":{"rendered":"https:\/\/www.region-schwabach.de\/wordpress\/?p=223928"},"modified":"2024-01-24T23:32:13","modified_gmt":"2024-01-24T22:32:13","slug":"vibraphonissimo-am-donnerstag-den-25-januar-2024-im-schwabacher-stadtmuseum","status":"publish","type":"post","link":"https:\/\/www.region-schwabach.de\/wordpress\/vibraphonissimo-am-donnerstag-den-25-januar-2024-im-schwabacher-stadtmuseum\/","title":{"rendered":"&#8222;Vibraphonissimo&#8220; am Donnerstag, den 25. Januar 2024, im Schwabacher Stadtmuseum"},"content":{"rendered":"\t\t<div data-elementor-type=\"wp-post\" data-elementor-id=\"223928\" class=\"elementor elementor-223928\">\n\t\t\t\t\t\t<section class=\"elementor-section elementor-top-section elementor-element elementor-element-678181b elementor-section-boxed elementor-section-height-default elementor-section-height-default\" data-id=\"678181b\" data-element_type=\"section\">\n\t\t\t\t\t\t<div class=\"elementor-container elementor-column-gap-default\">\n\t\t\t\t\t<div class=\"elementor-column elementor-col-50 elementor-top-column elementor-element elementor-element-6b34026\" data-id=\"6b34026\" data-element_type=\"column\">\n\t\t\t<div class=\"elementor-widget-wrap elementor-element-populated\">\n\t\t\t\t\t\t<div class=\"elementor-element elementor-element-5fea1cd elementor-widget elementor-widget-wp-widget-advads_ad_widget\" data-id=\"5fea1cd\" data-element_type=\"widget\" data-widget_type=\"wp-widget-advads_ad_widget.default\">\n\t\t\t\t<div class=\"elementor-widget-container\">\n\t\t\t<div id=\"regio-37326870\"><div class=\"regio-adlabel\">Werbung<\/div><center><a href=\"https:\/\/a.partner-versicherung.de\/click.php?partner_id=19992&ad_id=1578&deep=kreditkarten\"  target=\"_blank\"><img decoding=\"async\" src=\"https:\/\/a.partner-versicherung.de\/view.php?partner_id=19992&ad_id=1578\" ><\/a><\/center><\/div>\t\t<\/div>\n\t\t\t\t<\/div>\n\t\t\t\t<div class=\"elementor-element elementor-element-443ab98 elementor-widget elementor-widget-text-editor\" data-id=\"443ab98\" data-element_type=\"widget\" data-widget_type=\"text-editor.default\">\n\t\t\t\t<div class=\"elementor-widget-container\">\n\t\t\t\t\t\t\t<h3><span dir=\"ltr\" role=\"presentation\">Donnerstag, den 25. Januar 2024, um 19.30 Uhr im Stadtmuseum Schwabach:\u00a0<\/span><br role=\"presentation\" \/>Vibraphonissimo &#8211; \u201eHinter dem Horizont\u201c im Stadtmuseum<\/h3><p><span style=\"font-size: 12pt;\">Schwabach &#8211;\u00a0<\/span><span style=\"font-size: 12pt;\">Im Rahmen des Musikfestivals Vibraphonissimo l\u00e4dt das Kulturamt Schwabach am 25. Januar in das Stadtmuseum ein. Unter dem Titel \u201eHinter dem Horizont\u201c versprechen drei einzigartige Musikerinnen und Musiker ein spannendes und vielf\u00e4ltiges Konzerterlebnis auf h\u00f6chstem Niveau.<\/span><\/p><p><span style=\"font-size: 12pt;\">Den Abend werden Katarzyna Kadlubowska (Polen), Andres Astrand (Schweden) und Radek Szarek (Polen, Deutschland) gestalten. <\/span><\/p><p><span style=\"font-size: 12pt;\">Kadlubowska ist Vibraphonistin und Perkussionistin. Sie hat sich auf die Verbindung ihrer Instrumente mit modernen Techniken der elektronischen Musik spezialisiert. Bei diesem Konzert mischt sie meditative Kl\u00e4nge mit mitreisendem Groove.<\/span><\/p><p><span style=\"font-size: 12pt;\">Andres Astrand gilt als Pionier des Jazz-Vibraphons in Europa und konzentriert sich auf melodische und rhythmische Improvisation mit Einfl\u00fcssen aus Jazz, skandinavischer Volksmusik, gregorianischen Ges\u00e4ngen und antiken griechischen Liedern.<\/span><br \/><span style=\"font-size: 12pt;\">Der Vibra- und Marimbaphonist Radek Szarek ist als musikalisches Ausnahmetalent in der Region gut bekannt. Als Solist wie als Orchestermusiker ist er stilistisch schwer in eine Schublade zu stecken und hat bereits mit vielen Formationen gearbeitet. Er ist Professor an der Musikhochschule N\u00fcrnberg.<\/span><\/p><p><span style=\"font-size: 12pt;\">Die drei einzigartigen K\u00fcnstler:innen pr\u00e4sentieren au\u00dfergew\u00f6hnliche Kl\u00e4nge unterschiedlicher Stilrichtungen. Sie inspirieren sich gegenseitig und bringen ihre Leidenschaft f\u00fcr Musik an diesem Konzertabend besonders zum Ausdruck.<\/span><\/p><p><span style=\"font-size: 12pt;\"><span dir=\"ltr\" role=\"presentation\">Weitere Informationen unter<\/span> <a href=\"http:\/\/www.schwabach.de\/vibraphonissimo\" target=\"_blank\" rel=\"noopener\"><span dir=\"ltr\" role=\"presentation\">www.schwabach.de\/vibraphonissimo<\/span><\/a> <span dir=\"ltr\" role=\"presentation\">und <\/span><a href=\"http:\/\/www.vibraphonissimo.de\" target=\"_blank\" rel=\"noopener\"><span dir=\"ltr\" role=\"presentation\">www.vibraphonissimo.de<\/span><\/a><\/span><\/p><p>\u00a0<\/p>\t\t\t\t\t\t<\/div>\n\t\t\t\t<\/div>\n\t\t\t\t<div class=\"elementor-element elementor-element-7cc9469 elementor-widget elementor-widget-shortcode\" data-id=\"7cc9469\" data-element_type=\"widget\" data-widget_type=\"shortcode.default\">\n\t\t\t\t<div class=\"elementor-widget-container\">\n\t\t\t\t\t<div class=\"elementor-shortcode\"><center><a href=\"https:\/\/a.partner-versicherung.de\/click.php?partner_id=19992&ad_id=441&deep=kfz-versicherung\"  target=\"_blank\"><img decoding=\"async\" src=\"https:\/\/a.partner-versicherung.de\/view.php?partner_id=19992&ad_id=441\" ><\/a><\/center><\/div>\n\t\t\t\t<\/div>\n\t\t\t\t<\/div>\n\t\t\t\t<div class=\"elementor-element elementor-element-0c834d7 elementor-widget-divider--view-line elementor-widget elementor-widget-divider\" data-id=\"0c834d7\" data-element_type=\"widget\" data-widget_type=\"divider.default\">\n\t\t\t\t<div class=\"elementor-widget-container\">\n\t\t\t\t\t<div class=\"elementor-divider\">\n\t\t\t<span class=\"elementor-divider-separator\">\n\t\t\t\t\t\t<\/span>\n\t\t<\/div>\n\t\t\t\t<\/div>\n\t\t\t\t<\/div>\n\t\t\t\t<div class=\"elementor-element elementor-element-325f51f elementor-widget elementor-widget-google_maps\" data-id=\"325f51f\" data-element_type=\"widget\" data-widget_type=\"google_maps.default\">\n\t\t\t\t<div class=\"elementor-widget-container\">\n\t\t\t\t\t<div class=\"elementor-custom-embed\">\n\t\t\t<iframe loading=\"lazy\"\n\t\t\t\t\tsrc=\"https:\/\/maps.google.com\/maps?q=Museumsstra%C3%9Fe%201%2C%20Schwabach%2C%20Deutschland&#038;t=m&#038;z=17&#038;output=embed&#038;iwloc=near\"\n\t\t\t\t\ttitle=\"Museumsstra\u00dfe 1, Schwabach, Deutschland\"\n\t\t\t\t\taria-label=\"Museumsstra\u00dfe 1, Schwabach, Deutschland\"\n\t\t\t><\/iframe>\n\t\t<\/div>\n\t\t\t\t<\/div>\n\t\t\t\t<\/div>\n\t\t\t\t\t<\/div>\n\t\t<\/div>\n\t\t\t\t<div class=\"elementor-column elementor-col-50 elementor-top-column elementor-element elementor-element-f141625\" data-id=\"f141625\" data-element_type=\"column\">\n\t\t\t<div class=\"elementor-widget-wrap elementor-element-populated\">\n\t\t\t\t\t\t<div class=\"elementor-element elementor-element-aa635e8 elementor-widget elementor-widget-heading\" data-id=\"aa635e8\" data-element_type=\"widget\" data-widget_type=\"heading.default\">\n\t\t\t\t<div class=\"elementor-widget-container\">\n\t\t\t<h3 class=\"elementor-heading-title elementor-size-default\">Schnell vergleichen und sparen!<\/h3>\t\t<\/div>\n\t\t\t\t<\/div>\n\t\t\t\t<div class=\"elementor-element elementor-element-380778c elementor-widget elementor-widget-wp-widget-advads_ad_widget\" data-id=\"380778c\" data-element_type=\"widget\" data-widget_type=\"wp-widget-advads_ad_widget.default\">\n\t\t\t\t<div class=\"elementor-widget-container\">\n\t\t\t<div id=\"regio-2598038825\"><div class=\"regio-adlabel\">Werbung<\/div><!-- Beginn https:\/\/www.financeads.net\/-Code --><a href=\"https:\/\/www.financeads.net\/tc.php?t=36648C236142529B\" target=\"_blank\"><img fetchpriority=\"high\" decoding=\"async\" src=\"https:\/\/www.financeads.net\/tb.php?t=36648V236142529B&https=1\" alt=\"\" border=\"0\" width=\"300\" height=\"250\"><\/a><!-- Ende https:\/\/www.financeads.net\/-Code --><\/div>\t\t<\/div>\n\t\t\t\t<\/div>\n\t\t\t\t<div class=\"elementor-element elementor-element-bd26aa5 elementor-widget elementor-widget-wp-widget-advads_ad_widget\" data-id=\"bd26aa5\" data-element_type=\"widget\" data-widget_type=\"wp-widget-advads_ad_widget.default\">\n\t\t\t\t<div class=\"elementor-widget-container\">\n\t\t\t<div id=\"regio-1156513281\"><div class=\"regio-adlabel\">Werbung<\/div><!-- Beginn https:\/\/www.financeads.net\/-Code --><a href=\"https:\/\/www.financeads.net\/tc.php?t=36648C42614510B\" target=\"_blank\"><img decoding=\"async\" src=\"https:\/\/www.financeads.net\/tb.php?t=36648V42614510B&https=1\" alt=\"\" border=\"0\" width=\"200\" height=\"300\"><\/a><!-- Ende https:\/\/www.financeads.net\/-Code --><\/div>\t\t<\/div>\n\t\t\t\t<\/div>\n\t\t\t\t<div class=\"elementor-element elementor-element-abfc6b5 elementor-widget elementor-widget-wp-widget-advads_ad_widget\" data-id=\"abfc6b5\" data-element_type=\"widget\" data-widget_type=\"wp-widget-advads_ad_widget.default\">\n\t\t\t\t<div class=\"elementor-widget-container\">\n\t\t\t<div id=\"regio-3854548658\"><div class=\"regio-adlabel\">Werbung<\/div><!-- Beginn https:\/\/www.financeads.net\/-Code --><a href=\"https:\/\/www.financeads.net\/tc.php?t=36648C205040072B\" target=\"_blank\"><img decoding=\"async\" src=\"https:\/\/www.financeads.net\/tb.php?t=36648V205040072B&https=1\" alt=\"\" border=\"0\" width=\"300\" height=\"250\"><\/a><!-- Ende https:\/\/www.financeads.net\/-Code --><\/div>\t\t<\/div>\n\t\t\t\t<\/div>\n\t\t\t\t<div class=\"elementor-element elementor-element-9b68655 elementor-widget elementor-widget-wp-widget-advads_ad_widget\" data-id=\"9b68655\" data-element_type=\"widget\" data-widget_type=\"wp-widget-advads_ad_widget.default\">\n\t\t\t\t<div class=\"elementor-widget-container\">\n\t\t\t<div id=\"regio-3121295589\"><div class=\"regio-adlabel\">Werbung<\/div><!-- Beginn https:\/\/www.financeads.net\/-Code --><a href=\"https:\/\/www.financeads.net\/tc.php?t=36648C271460142B\" target=\"_blank\"><img loading=\"lazy\" decoding=\"async\" src=\"https:\/\/www.financeads.net\/tb.php?t=36648V271460142B&https=1\" alt=\"PETPROTECT_Hund&Katze_Banner\" border=\"0\" width=\"250\" height=\"250\"><\/a><!-- Ende https:\/\/www.financeads.net\/-Code --><\/div>\t\t<\/div>\n\t\t\t\t<\/div>\n\t\t\t\t\t<\/div>\n\t\t<\/div>\n\t\t\t\t\t<\/div>\n\t\t<\/section>\n\t\t\t\t<\/div>\n\t\t","protected":false},"excerpt":{"rendered":"<div class=\"mh-excerpt\"><p>Donnerstag, den 25. Januar 2024, um 19.30 Uhr im Stadtmuseum Schwabach:\u00a0Vibraphonissimo &#8211; \u201eHinter dem Horizont\u201c im Stadtmuseum Schwabach &#8211;\u00a0Im Rahmen des Musikfestivals Vibraphonissimo l\u00e4dt das Kulturamt Schwabach am 25. Januar in das Stadtmuseum ein. Unter <a class=\"mh-excerpt-more\" href=\"https:\/\/www.region-schwabach.de\/wordpress\/vibraphonissimo-am-donnerstag-den-25-januar-2024-im-schwabacher-stadtmuseum\/\" title=\"&#8222;Vibraphonissimo&#8220; am Donnerstag, den 25. Januar 2024, im Schwabacher Stadtmuseum\">[&#8230;]<\/a><\/p>\n<\/div>","protected":false},"author":1,"featured_media":223929,"comment_status":"open","ping_status":"open","sticky":false,"template":"","format":"standard","meta":{"_cbd_carousel_blocks":"[]","footnotes":""},"categories":[16,61],"tags":[24439,24441,24440,24443,24442,15473,522,3128,14305,420,24446,24444,1480,19,3012,3151,3739,7895,15474,24445],"class_list":{"0":"post-223928","1":"post","2":"type-post","3":"status-publish","4":"format-standard","5":"has-post-thumbnail","7":"category-aktuell","8":"category-rathaus","9":"tag-hinter-dem-horizont","10":"tag-25-januar-2024","11":"tag-25-01-2024","12":"tag-andres-astrand","13":"tag-katarzyna-kadlubowska","14":"tag-komponist","15":"tag-koenigsplatz","16":"tag-konzert","17":"tag-kulturamt","18":"tag-museumsstrasse","19":"tag-perkussionistin","20":"tag-radek-szarek","21":"tag-rathaus","22":"tag-schwabach","23":"tag-stadt","24":"tag-stadt-schwabach","25":"tag-stadtmuseum","26":"tag-vibraphonissimo","27":"tag-vibraphonist","28":"tag-vibraphonistin"},"_links":{"self":[{"href":"https:\/\/www.region-schwabach.de\/wordpress\/wp-json\/wp\/v2\/posts\/223928","targetHints":{"allow":["GET"]}}],"collection":[{"href":"https:\/\/www.region-schwabach.de\/wordpress\/wp-json\/wp\/v2\/posts"}],"about":[{"href":"https:\/\/www.region-schwabach.de\/wordpress\/wp-json\/wp\/v2\/types\/post"}],"author":[{"embeddable":true,"href":"https:\/\/www.region-schwabach.de\/wordpress\/wp-json\/wp\/v2\/users\/1"}],"replies":[{"embeddable":true,"href":"https:\/\/www.region-schwabach.de\/wordpress\/wp-json\/wp\/v2\/comments?post=223928"}],"version-history":[{"count":0,"href":"https:\/\/www.region-schwabach.de\/wordpress\/wp-json\/wp\/v2\/posts\/223928\/revisions"}],"wp:featuredmedia":[{"embeddable":true,"href":"https:\/\/www.region-schwabach.de\/wordpress\/wp-json\/wp\/v2\/media\/223929"}],"wp:attachment":[{"href":"https:\/\/www.region-schwabach.de\/wordpress\/wp-json\/wp\/v2\/media?parent=223928"}],"wp:term":[{"taxonomy":"category","embeddable":true,"href":"https:\/\/www.region-schwabach.de\/wordpress\/wp-json\/wp\/v2\/categories?post=223928"},{"taxonomy":"post_tag","embeddable":true,"href":"https:\/\/www.region-schwabach.de\/wordpress\/wp-json\/wp\/v2\/tags?post=223928"}],"curies":[{"name":"wp","href":"https:\/\/api.w.org\/{rel}","templated":true}]}}