{"id":22393,"date":"2017-12-13T12:01:12","date_gmt":"2017-12-13T11:01:12","guid":{"rendered":"http:\/\/www.region-schwabach.de\/wordpress\/?p=22393"},"modified":"2017-12-13T12:16:13","modified_gmt":"2017-12-13T11:16:13","slug":"auf-der-bundesstrasse-2-bei-heideck-in-den-gegenverkehr-geraten","status":"publish","type":"post","link":"https:\/\/www.region-schwabach.de\/wordpress\/auf-der-bundesstrasse-2-bei-heideck-in-den-gegenverkehr-geraten\/","title":{"rendered":"Auf der Bundesstra\u00dfe 2 bei Heideck in den Gegenverkehr geraten"},"content":{"rendered":"\t\t<div data-elementor-type=\"wp-post\" data-elementor-id=\"22393\" class=\"elementor elementor-22393 elementor-bc-flex-widget\">\n\t\t\t\t\t\t<section class=\"elementor-section elementor-top-section elementor-element elementor-element-1cuv9jr elementor-section-boxed elementor-section-height-default elementor-section-height-default\" data-id=\"1cuv9jr\" data-element_type=\"section\">\n\t\t\t\t\t\t<div class=\"elementor-container elementor-column-gap-default\">\n\t\t\t\t\t<div class=\"elementor-column elementor-col-66 elementor-top-column elementor-element elementor-element-q5zak7b\" data-id=\"q5zak7b\" data-element_type=\"column\">\n\t\t\t<div class=\"elementor-widget-wrap elementor-element-populated\">\n\t\t\t\t\t\t<div class=\"elementor-element elementor-element-86qws23 elementor-widget elementor-widget-text-editor\" data-id=\"86qws23\" data-element_type=\"widget\" data-widget_type=\"text-editor.default\">\n\t\t\t\t<div class=\"elementor-widget-container\">\n\t\t\t\t\t\t\t<h3><strong>In Gegenverkehr geraten<\/strong><\/h3><p>Pleinfeld &#8211; Am Dienstagabend, den 12.12.2017, verursachte eine Autofahrerin aus R\u00f6ttenbach auf der Bundesstra\u00dfe 2 einen Verkehrsunfall, als die 57 J\u00e4hrige mit ihrem BMW auf H\u00f6he der Abzweigung nach Heideck nach links auf die Gegenfahrbahn kam, und dort den entgegenkommenden Wagen einer 25 J\u00e4hrigen aus Theilenhofen streifte.<\/p><h3>Drei Fahrzeuge direkt an Unfall beteiligt<\/h3><p>Durch diese Ber\u00fchrung verlor die junge Frau die Kontrolle \u00fcber ihren Hyundai und kam ebenfalls auf die Gegenspur, wo sie frontal mit einem entgegenkommenden Kleintransporter eines 42 J\u00e4hrigen aus R\u00f6ttenbacher zusammenstie\u00df, und dabei durch umherfliegende Fahrzeugteile noch ein weiterer Pkw leicht besch\u00e4digt wurde.<\/p><h3>Drei Leichtverletzte und 40.000 Euro Schaden<\/h3><p>Die drei direkt an dem Unfall beteiligten Fahrzeuglenker wurden &#8211; gl\u00fccklicherweise nur leicht verletzt &#8211; vorsorglich zur Untersuchung ins Krankenhaus gebracht. Die drei Fahrzeuge wurden wegen der Besch\u00e4digungen abgeschleppt, insgesamt entstand an ihnen ein Sachschaden in H\u00f6he von mehr als 40.000 Euro.\u00a0\u00a0<\/p>\t\t\t\t\t\t<\/div>\n\t\t\t\t<\/div>\n\t\t\t\t<div class=\"elementor-element elementor-element-1l7zbzo elementor-widget elementor-widget-google_maps\" data-id=\"1l7zbzo\" data-element_type=\"widget\" data-widget_type=\"google_maps.default\">\n\t\t\t\t<div class=\"elementor-widget-container\">\n\t\t\t\t\t<div class=\"elementor-custom-embed\">\n\t\t\t<iframe loading=\"lazy\"\n\t\t\t\t\tsrc=\"https:\/\/maps.google.com\/maps?q=49.132247%2C%2011.027478&#038;t=m&#038;z=12&#038;output=embed&#038;iwloc=near\"\n\t\t\t\t\ttitle=\"49.132247, 11.027478\"\n\t\t\t\t\taria-label=\"49.132247, 11.027478\"\n\t\t\t><\/iframe>\n\t\t<\/div>\n\t\t\t\t<\/div>\n\t\t\t\t<\/div>\n\t\t\t\t\t<\/div>\n\t\t<\/div>\n\t\t\t\t<div class=\"elementor-column elementor-col-33 elementor-top-column elementor-element elementor-element-0w0urt1\" data-id=\"0w0urt1\" data-element_type=\"column\">\n\t\t\t<div class=\"elementor-widget-wrap elementor-element-populated\">\n\t\t\t\t\t\t<div class=\"elementor-element elementor-element-mo6nk5i elementor-widget elementor-widget-image\" data-id=\"mo6nk5i\" data-element_type=\"widget\" data-widget_type=\"image.default\">\n\t\t\t\t<div class=\"elementor-widget-container\">\n\t\t\t\t\t\t\t\t\t\t\t\t\t\t<a href=\"http:\/\/www.region-schwabach.de\/wordpress\/werben-auf-region-schwabach\/\" target=\"_blank\">\n\t\t\t\t\t\t\t<img fetchpriority=\"high\" decoding=\"async\" width=\"1024\" height=\"1024\" src=\"https:\/\/www.region-schwabach.de\/wordpress\/wp-content\/uploads\/2017\/06\/werbung8-1024x1024.png\" class=\"attachment-large size-large wp-image-2484\" alt=\"\" srcset=\"https:\/\/www.region-schwabach.de\/wordpress\/wp-content\/uploads\/2017\/06\/werbung8-1024x1024.png 1024w, https:\/\/www.region-schwabach.de\/wordpress\/wp-content\/uploads\/2017\/06\/werbung8-150x150.png 150w, https:\/\/www.region-schwabach.de\/wordpress\/wp-content\/uploads\/2017\/06\/werbung8-300x300.png 300w, https:\/\/www.region-schwabach.de\/wordpress\/wp-content\/uploads\/2017\/06\/werbung8-768x768.png 768w, https:\/\/www.region-schwabach.de\/wordpress\/wp-content\/uploads\/2017\/06\/werbung8-600x600.png 600w, https:\/\/www.region-schwabach.de\/wordpress\/wp-content\/uploads\/2017\/06\/werbung8.png 1200w\" sizes=\"(max-width: 1024px) 100vw, 1024px\" \/>\t\t\t\t\t\t\t\t<\/a>\n\t\t\t\t\t\t\t\t\t\t\t\t\t<\/div>\n\t\t\t\t<\/div>\n\t\t\t\t\t<\/div>\n\t\t<\/div>\n\t\t\t\t\t<\/div>\n\t\t<\/section>\n\t\t\t\t<\/div>\n\t\t","protected":false},"excerpt":{"rendered":"<div class=\"mh-excerpt\"><p>In Gegenverkehr geraten Pleinfeld &#8211; Am Dienstagabend, den 12.12.2017, verursachte eine Autofahrerin aus R\u00f6ttenbach auf der Bundesstra\u00dfe 2 einen Verkehrsunfall, als die 57 J\u00e4hrige mit ihrem BMW auf H\u00f6he der Abzweigung nach Heideck nach links <a class=\"mh-excerpt-more\" href=\"https:\/\/www.region-schwabach.de\/wordpress\/auf-der-bundesstrasse-2-bei-heideck-in-den-gegenverkehr-geraten\/\" title=\"Auf der Bundesstra\u00dfe 2 bei Heideck in den Gegenverkehr geraten\">[&#8230;]<\/a><\/p>\n<\/div>","protected":false},"author":1,"featured_media":22394,"comment_status":"open","ping_status":"open","sticky":false,"template":"","format":"standard","meta":{"_cbd_carousel_blocks":"[]","footnotes":""},"categories":[15],"tags":[1709,429,1597,1441,596,807,549,1253,463,820,401,713,334],"class_list":{"0":"post-22393","1":"post","2":"type-post","3":"status-publish","4":"format-standard","5":"has-post-thumbnail","7":"category-polizeimeldungen","8":"tag-12-12-2017","9":"tag-b2","10":"tag-bmw","11":"tag-gegenfahrbahn","12":"tag-heideck","13":"tag-hyundai","14":"tag-kleintransporter","15":"tag-leichtverletzte","16":"tag-pkw","17":"tag-pleinfeld","18":"tag-sachschaden","19":"tag-schaden","20":"tag-unfall"},"_links":{"self":[{"href":"https:\/\/www.region-schwabach.de\/wordpress\/wp-json\/wp\/v2\/posts\/22393","targetHints":{"allow":["GET"]}}],"collection":[{"href":"https:\/\/www.region-schwabach.de\/wordpress\/wp-json\/wp\/v2\/posts"}],"about":[{"href":"https:\/\/www.region-schwabach.de\/wordpress\/wp-json\/wp\/v2\/types\/post"}],"author":[{"embeddable":true,"href":"https:\/\/www.region-schwabach.de\/wordpress\/wp-json\/wp\/v2\/users\/1"}],"replies":[{"embeddable":true,"href":"https:\/\/www.region-schwabach.de\/wordpress\/wp-json\/wp\/v2\/comments?post=22393"}],"version-history":[{"count":0,"href":"https:\/\/www.region-schwabach.de\/wordpress\/wp-json\/wp\/v2\/posts\/22393\/revisions"}],"wp:featuredmedia":[{"embeddable":true,"href":"https:\/\/www.region-schwabach.de\/wordpress\/wp-json\/wp\/v2\/media\/22394"}],"wp:attachment":[{"href":"https:\/\/www.region-schwabach.de\/wordpress\/wp-json\/wp\/v2\/media?parent=22393"}],"wp:term":[{"taxonomy":"category","embeddable":true,"href":"https:\/\/www.region-schwabach.de\/wordpress\/wp-json\/wp\/v2\/categories?post=22393"},{"taxonomy":"post_tag","embeddable":true,"href":"https:\/\/www.region-schwabach.de\/wordpress\/wp-json\/wp\/v2\/tags?post=22393"}],"curies":[{"name":"wp","href":"https:\/\/api.w.org\/{rel}","templated":true}]}}