{"id":224556,"date":"2024-02-02T02:00:00","date_gmt":"2024-02-02T01:00:00","guid":{"rendered":"https:\/\/www.region-schwabach.de\/wordpress\/?p=224556"},"modified":"2024-02-02T19:18:32","modified_gmt":"2024-02-02T18:18:32","slug":"sportlerehrung-am-freitag-den-2-februar-2024-im-markgrafensaal-in-schwabach","status":"publish","type":"post","link":"https:\/\/www.region-schwabach.de\/wordpress\/sportlerehrung-am-freitag-den-2-februar-2024-im-markgrafensaal-in-schwabach\/","title":{"rendered":"Sportlerehrung am Freitag, den 2. Februar 2024 im Markgrafensaal in Schwabach"},"content":{"rendered":"\t\t<div data-elementor-type=\"wp-post\" data-elementor-id=\"224556\" class=\"elementor elementor-224556\">\n\t\t\t\t\t\t<section class=\"elementor-section elementor-top-section elementor-element elementor-element-678181b elementor-section-boxed elementor-section-height-default elementor-section-height-default\" data-id=\"678181b\" data-element_type=\"section\">\n\t\t\t\t\t\t<div class=\"elementor-container elementor-column-gap-default\">\n\t\t\t\t\t<div class=\"elementor-column elementor-col-50 elementor-top-column elementor-element elementor-element-6b34026\" data-id=\"6b34026\" data-element_type=\"column\">\n\t\t\t<div class=\"elementor-widget-wrap elementor-element-populated\">\n\t\t\t\t\t\t<div class=\"elementor-element elementor-element-e6a625a elementor-widget elementor-widget-wp-widget-advads_ad_widget\" data-id=\"e6a625a\" data-element_type=\"widget\" data-widget_type=\"wp-widget-advads_ad_widget.default\">\n\t\t\t\t<div class=\"elementor-widget-container\">\n\t\t\t<div id=\"regio-1395659158\"><div class=\"regio-adlabel\">Werbung<\/div><center><a href=\"https:\/\/a.partner-versicherung.de\/click.php?partner_id=19992&ad_id=1578&deep=kreditkarten\"  target=\"_blank\"><img decoding=\"async\" src=\"https:\/\/a.partner-versicherung.de\/view.php?partner_id=19992&ad_id=1578\" ><\/a><\/center><\/div>\t\t<\/div>\n\t\t\t\t<\/div>\n\t\t\t\t<div class=\"elementor-element elementor-element-443ab98 elementor-widget elementor-widget-text-editor\" data-id=\"443ab98\" data-element_type=\"widget\" data-widget_type=\"text-editor.default\">\n\t\t\t\t<div class=\"elementor-widget-container\">\n\t\t\t\t\t\t\t<h3>\u201eSchwabacher Sportstars\u201c &#8211; Sportlerehrung 2023<br \/>Freitag, den 2. Februar 2024, um 19.00 Uhr im Markgrafensaal\u00a0<\/h3><p><span style=\"font-size: 12pt;\">Schwabach &#8211; F\u00fcr ihre herausragenden Leistungen im vergangenen Jahr werden sie am Freitag, den 2. Februar 2024, wieder geehrt: die besten Schwabacher Sportlerinnen und Sportler. In diesem Jahr tr\u00e4gt die Sportlerehrung erstmals einen neuen Namen: Schwabacher Sportstars. <\/span><\/p><p><span style=\"font-size: 12pt;\">Aber nicht nur der Name, auch der Abend wird moderner. \u201eDie Sportlerehrung ist die herausragende Veranstaltung f\u00fcr die Sportlandschaft in Schwabach. Hier kommen neben den besten Sportlerinnen und Sportler der Stadt auch die vielen Funktion\u00e4re, Trainer und Sportbegeisterten zusammen, die wir in Schwabach haben\u201c, freut sich Oberb\u00fcrgermeister Peter Rei\u00df auf die Abendveranstaltung im Markgrafensaal, in der Ludwigstra\u00dfe 16.<br \/><\/span><\/p><p><span style=\"font-size: 12pt;\">Neben zehn Stadtmeisterschaften werden auch zahlreiche herausragende sportliche Einzel- oder Teamleistungen samt Sportlerin oder Sportler und Mannschaft des Jahres geehrt. <\/span><\/p><p><span style=\"font-size: 12pt;\">Im vergangenen Jahr haben die international erfolgreiche Rennradfahrerin Justyna Czapla, unter anderem Junioren-Europameisterin, sowie die Damen-ockeymannschaft des TV 1848 das Rennen gemacht.<br \/><\/span><\/p><p><span style=\"font-size: 12pt;\">Daneben werden auch besondere Verdienste um den Schwabacher Sport geehrt. F\u00fcr dieses Jahr haben sich die Organisatoren der Veranstaltung \u2013 das st\u00e4dtische Sportamt, der Stadtverband der Turn- und Sportvereine sowie Sportpfleger Gerd Distler \u2013 ein paar Neuerungen \u00fcberlegt, um die Veranstaltung aufzupeppen.\u00a0<br \/><br \/>Erste und wohl auff\u00e4lligste \u00c4nderung ist der Name: K\u00fcnftig wird die Sportlerehrung einfach kurz \u201eSchwabacher Sportstars\u201c hei\u00dfen. \u201eDie Sportlerinnen und Sportler, die wir auszeichnen, sind die besten, die wir in Schwabach haben oder die aus Schwabach kommen. Es sind unsere lokalen \u201eSportstars\u201c. <\/span><\/p><p><span style=\"font-size: 12pt;\">Aber gerade mit Blick auf einige der hochtalentierten Junioren sind immer wieder welche dabei, die es auch zu Bayerns oder gar Deutschlands Sportstars schaffen\u201c, so Sportkoordinator Dr. Kronschnabel.\u00a0<br \/><\/span><\/p><p><span style=\"font-size: 12pt;\">Au\u00dferdem wird der Abend k\u00fcnftig moderiert: \u201eUns war es wichtig, dass jemand das Publikum professionell und locker durch den Abend f\u00fchrt. Das hei\u00dft auch: keine Gru\u00dfworte oder Reden. Mit dem erfahrenen und bekannten Radiomoderator Peter Halm von Radio F wird das bestimmt gut gelingen\u201c, erkl\u00e4rt Sportpfleger Gerd Distler die zentrale inhaltliche \u00c4nderung. Daneben wird auch verst\u00e4rkt digitale Bild- und Tontechnik Einzug in das Abendprogramm erhalten.<br \/><\/span><\/p><p><span style=\"font-size: 12pt;\">\u201eAber bei all den angesto\u00dfenen \u00c4nderungen werden nach wie vor die zentralen Hauptpersonen unseres Abends \u2013 unsere Schwabacher Sportlerinnen und Sportler &#8211; im Fokus bleiben. Die Ehrungen der vielen herausragenden Leistungen bleiben selbstverst\u00e4ndlich der Mittelpunkt der Veranstaltung\u201c, halten OB Rei\u00df und der Vorsitzende des Stadtverbands Helmut Gruhn fest.\u00a0<\/span><\/p><p><span style=\"font-size: 12pt;\"><a href=\"https:\/\/www.region-schwabach.de\/wordpress\/wp-content\/uploads\/2024\/01\/PM6_Schwabacher-Sportstars-scaled-e1706663010300.jpg\"><img fetchpriority=\"high\" decoding=\"async\" class=\"aligncenter size-full wp-image-224559\" src=\"https:\/\/www.region-schwabach.de\/wordpress\/wp-content\/uploads\/2024\/01\/PM6_Schwabacher-Sportstars-scaled-e1706663010300.jpg\" alt=\"\" width=\"960\" height=\"640\" \/><\/a><br \/>Bildtext: Sportkoordinator Dr. Manuel Kronschnabel, Stadtrats-Sportpfleger Gerd Distler, Organisationsleiterin Verena Gundel vom Sportamt, Stadtverbandsvorsitzender Helmut Gruhn und OB Peter Rei\u00df vor neuem Namen und neuer Aufmachung der Veranstaltung, die k\u00fcnftig Schwabacher Sportstars hei\u00dft.\u00a0<\/span><\/p><h3>Weiterf\u00fchrende Links:<\/h3><p style=\"font-weight: 400;\"><a href=\"https:\/\/stadtverband.org\/\" target=\"_blank\" rel=\"noopener\"><span style=\"font-size: 12pt;\">Homepage des Stadtverbandes der Schwabacher Turn\u2013 und Sportvereine e.V. &#8230;<\/span><\/a><\/p><p><a href=\"https:\/\/schwabach.de\/de\/politik\/amt-fuer-personal-und-organisation\/neues-aus-dem-schul-und-sportamt\/7316-sportlerehrung-2023.html\" target=\"_blank\" rel=\"noopener\"><span style=\"font-size: 12pt;\">Weitere Informationen zu dieser Veranstaltng gibt es hier &#8230;\u00a0<\/span><\/a><\/p>\t\t\t\t\t\t<\/div>\n\t\t\t\t<\/div>\n\t\t\t\t<div class=\"elementor-element elementor-element-b95230e elementor-widget-divider--view-line elementor-widget elementor-widget-divider\" data-id=\"b95230e\" data-element_type=\"widget\" data-widget_type=\"divider.default\">\n\t\t\t\t<div class=\"elementor-widget-container\">\n\t\t\t\t\t<div class=\"elementor-divider\">\n\t\t\t<span class=\"elementor-divider-separator\">\n\t\t\t\t\t\t<\/span>\n\t\t<\/div>\n\t\t\t\t<\/div>\n\t\t\t\t<\/div>\n\t\t\t\t<div class=\"elementor-element elementor-element-804b00f elementor-widget elementor-widget-google_maps\" data-id=\"804b00f\" data-element_type=\"widget\" data-widget_type=\"google_maps.default\">\n\t\t\t\t<div class=\"elementor-widget-container\">\n\t\t\t\t\t<div class=\"elementor-custom-embed\">\n\t\t\t<iframe loading=\"lazy\"\n\t\t\t\t\tsrc=\"https:\/\/maps.google.com\/maps?q=Ludwigstra%C3%9Fe%2016%2C%20Schwabach%2C%20Deutschland&#038;t=m&#038;z=17&#038;output=embed&#038;iwloc=near\"\n\t\t\t\t\ttitle=\"Ludwigstra\u00dfe 16, Schwabach, Deutschland\"\n\t\t\t\t\taria-label=\"Ludwigstra\u00dfe 16, Schwabach, Deutschland\"\n\t\t\t><\/iframe>\n\t\t<\/div>\n\t\t\t\t<\/div>\n\t\t\t\t<\/div>\n\t\t\t\t\t<\/div>\n\t\t<\/div>\n\t\t\t\t<div class=\"elementor-column elementor-col-50 elementor-top-column elementor-element elementor-element-f6e7008\" data-id=\"f6e7008\" data-element_type=\"column\">\n\t\t\t<div class=\"elementor-widget-wrap elementor-element-populated\">\n\t\t\t\t\t\t<div class=\"elementor-element elementor-element-374a1b2 elementor-widget elementor-widget-heading\" data-id=\"374a1b2\" data-element_type=\"widget\" data-widget_type=\"heading.default\">\n\t\t\t\t<div class=\"elementor-widget-container\">\n\t\t\t<h3 class=\"elementor-heading-title elementor-size-default\">Schnell vergleichen und sparen!<\/h3>\t\t<\/div>\n\t\t\t\t<\/div>\n\t\t\t\t<div class=\"elementor-element elementor-element-9fc390b elementor-widget elementor-widget-wp-widget-advads_ad_widget\" data-id=\"9fc390b\" data-element_type=\"widget\" data-widget_type=\"wp-widget-advads_ad_widget.default\">\n\t\t\t\t<div class=\"elementor-widget-container\">\n\t\t\t<div id=\"regio-1150779205\"><div class=\"regio-adlabel\">Werbung<\/div><!-- Beginn https:\/\/www.financeads.net\/-Code --><a href=\"https:\/\/www.financeads.net\/tc.php?t=36648C236142529B\" target=\"_blank\"><img decoding=\"async\" src=\"https:\/\/www.financeads.net\/tb.php?t=36648V236142529B&https=1\" alt=\"\" border=\"0\" width=\"300\" height=\"250\"><\/a><!-- Ende https:\/\/www.financeads.net\/-Code --><\/div>\t\t<\/div>\n\t\t\t\t<\/div>\n\t\t\t\t<div class=\"elementor-element elementor-element-027e3b5 elementor-widget elementor-widget-wp-widget-advads_ad_widget\" data-id=\"027e3b5\" data-element_type=\"widget\" data-widget_type=\"wp-widget-advads_ad_widget.default\">\n\t\t\t\t<div class=\"elementor-widget-container\">\n\t\t\t<div id=\"regio-1499575550\"><div class=\"regio-adlabel\">Werbung<\/div><!-- Beginn https:\/\/www.financeads.net\/-Code --><a href=\"https:\/\/www.financeads.net\/tc.php?t=36648C42614510B\" target=\"_blank\"><img decoding=\"async\" src=\"https:\/\/www.financeads.net\/tb.php?t=36648V42614510B&https=1\" alt=\"\" border=\"0\" width=\"200\" height=\"300\"><\/a><!-- Ende https:\/\/www.financeads.net\/-Code --><\/div>\t\t<\/div>\n\t\t\t\t<\/div>\n\t\t\t\t<div class=\"elementor-element elementor-element-aac3c4e elementor-widget elementor-widget-wp-widget-advads_ad_widget\" data-id=\"aac3c4e\" data-element_type=\"widget\" data-widget_type=\"wp-widget-advads_ad_widget.default\">\n\t\t\t\t<div class=\"elementor-widget-container\">\n\t\t\t<div id=\"regio-2072874932\"><div class=\"regio-adlabel\">Werbung<\/div><!-- Beginn https:\/\/www.financeads.net\/-Code --><a href=\"https:\/\/www.financeads.net\/tc.php?t=36648C205040072B\" target=\"_blank\"><img loading=\"lazy\" decoding=\"async\" src=\"https:\/\/www.financeads.net\/tb.php?t=36648V205040072B&https=1\" alt=\"\" border=\"0\" width=\"300\" height=\"250\"><\/a><!-- Ende https:\/\/www.financeads.net\/-Code --><\/div>\t\t<\/div>\n\t\t\t\t<\/div>\n\t\t\t\t<div class=\"elementor-element elementor-element-fe7336c elementor-widget elementor-widget-wp-widget-advads_ad_widget\" data-id=\"fe7336c\" data-element_type=\"widget\" data-widget_type=\"wp-widget-advads_ad_widget.default\">\n\t\t\t\t<div class=\"elementor-widget-container\">\n\t\t\t<div id=\"regio-1058024971\"><div class=\"regio-adlabel\">Werbung<\/div><!-- Beginn https:\/\/www.financeads.net\/-Code --><a href=\"https:\/\/www.financeads.net\/tc.php?t=36648C271460142B\" target=\"_blank\"><img loading=\"lazy\" decoding=\"async\" src=\"https:\/\/www.financeads.net\/tb.php?t=36648V271460142B&https=1\" alt=\"PETPROTECT_Hund&Katze_Banner\" border=\"0\" width=\"250\" height=\"250\"><\/a><!-- Ende https:\/\/www.financeads.net\/-Code --><\/div>\t\t<\/div>\n\t\t\t\t<\/div>\n\t\t\t\t\t<\/div>\n\t\t<\/div>\n\t\t\t\t\t<\/div>\n\t\t<\/section>\n\t\t\t\t<\/div>\n\t\t","protected":false},"excerpt":{"rendered":"<div class=\"mh-excerpt\"><p>\u201eSchwabacher Sportstars\u201c &#8211; Sportlerehrung 2023Freitag, den 2. Februar 2024, um 19.00 Uhr im Markgrafensaal\u00a0 Schwabach &#8211; F\u00fcr ihre herausragenden Leistungen im vergangenen Jahr werden sie am Freitag, den 2. Februar 2024, wieder geehrt: die besten <a class=\"mh-excerpt-more\" href=\"https:\/\/www.region-schwabach.de\/wordpress\/sportlerehrung-am-freitag-den-2-februar-2024-im-markgrafensaal-in-schwabach\/\" title=\"Sportlerehrung am Freitag, den 2. Februar 2024 im Markgrafensaal in Schwabach\">[&#8230;]<\/a><\/p>\n<\/div>","protected":false},"author":1,"featured_media":80503,"comment_status":"open","ping_status":"open","sticky":false,"template":"","format":"standard","meta":{"_cbd_carousel_blocks":"[]","footnotes":""},"categories":[16,287,61,231,46,140],"tags":[24514,24515,6204,6203,2029,6199,2028,6205,1480,19,6197,6200,6196,6198,3151],"class_list":{"0":"post-224556","1":"post","2":"type-post","3":"status-publish","4":"format-standard","5":"has-post-thumbnail","7":"category-aktuell","8":"category-jugend-und-familie","9":"category-rathaus","10":"category-veranstaltungsnews","11":"category-verbaende","12":"category-vereine","13":"tag-02-02-2024","14":"tag-2-februar-2024","15":"tag-erfolge","16":"tag-leistungen","17":"tag-ludwigstrasse","18":"tag-mannschaften","19":"tag-markgrafensaal","20":"tag-platzierungen","21":"tag-rathaus","22":"tag-schwabach","23":"tag-sportler","24":"tag-sportlerehrung","25":"tag-sportlerinnen","26":"tag-sportpaare","27":"tag-stadt-schwabach"},"_links":{"self":[{"href":"https:\/\/www.region-schwabach.de\/wordpress\/wp-json\/wp\/v2\/posts\/224556","targetHints":{"allow":["GET"]}}],"collection":[{"href":"https:\/\/www.region-schwabach.de\/wordpress\/wp-json\/wp\/v2\/posts"}],"about":[{"href":"https:\/\/www.region-schwabach.de\/wordpress\/wp-json\/wp\/v2\/types\/post"}],"author":[{"embeddable":true,"href":"https:\/\/www.region-schwabach.de\/wordpress\/wp-json\/wp\/v2\/users\/1"}],"replies":[{"embeddable":true,"href":"https:\/\/www.region-schwabach.de\/wordpress\/wp-json\/wp\/v2\/comments?post=224556"}],"version-history":[{"count":0,"href":"https:\/\/www.region-schwabach.de\/wordpress\/wp-json\/wp\/v2\/posts\/224556\/revisions"}],"wp:featuredmedia":[{"embeddable":true,"href":"https:\/\/www.region-schwabach.de\/wordpress\/wp-json\/wp\/v2\/media\/80503"}],"wp:attachment":[{"href":"https:\/\/www.region-schwabach.de\/wordpress\/wp-json\/wp\/v2\/media?parent=224556"}],"wp:term":[{"taxonomy":"category","embeddable":true,"href":"https:\/\/www.region-schwabach.de\/wordpress\/wp-json\/wp\/v2\/categories?post=224556"},{"taxonomy":"post_tag","embeddable":true,"href":"https:\/\/www.region-schwabach.de\/wordpress\/wp-json\/wp\/v2\/tags?post=224556"}],"curies":[{"name":"wp","href":"https:\/\/api.w.org\/{rel}","templated":true}]}}