{"id":224715,"date":"2024-02-04T02:00:00","date_gmt":"2024-02-04T01:00:00","guid":{"rendered":"https:\/\/www.region-schwabach.de\/wordpress\/?p=224715"},"modified":"2024-02-04T02:02:42","modified_gmt":"2024-02-04T01:02:42","slug":"chorkonzert-heaven-full-of-stars-des-vokalensembles-belcanto-am-sonntag-den-4-februar-2024-in-der-stadtkirche","status":"publish","type":"post","link":"https:\/\/www.region-schwabach.de\/wordpress\/chorkonzert-heaven-full-of-stars-des-vokalensembles-belcanto-am-sonntag-den-4-februar-2024-in-der-stadtkirche\/","title":{"rendered":"Chorkonzert \u201eHeaven full of Stars\u201c des Vokalensembles Belcanto am Sonntag, den 4. Februar 2024, in der Stadtkirche"},"content":{"rendered":"\t\t<div data-elementor-type=\"wp-post\" data-elementor-id=\"224715\" class=\"elementor elementor-224715\">\n\t\t\t\t\t\t<section class=\"elementor-section elementor-top-section elementor-element elementor-element-tlus4ia elementor-section-boxed elementor-section-height-default elementor-section-height-default\" data-id=\"tlus4ia\" data-element_type=\"section\">\n\t\t\t\t\t\t<div class=\"elementor-container elementor-column-gap-default\">\n\t\t\t\t\t<div class=\"elementor-column elementor-col-50 elementor-top-column elementor-element elementor-element-sphcucl\" data-id=\"sphcucl\" data-element_type=\"column\">\n\t\t\t<div class=\"elementor-widget-wrap elementor-element-populated\">\n\t\t\t\t\t\t<div class=\"elementor-element elementor-element-5a6017c elementor-widget elementor-widget-wp-widget-advads_ad_widget\" data-id=\"5a6017c\" data-element_type=\"widget\" data-widget_type=\"wp-widget-advads_ad_widget.default\">\n\t\t\t\t<div class=\"elementor-widget-container\">\n\t\t\t<div id=\"regio-2217546802\"><div class=\"regio-adlabel\">Werbung<\/div><center><a href=\"https:\/\/a.partner-versicherung.de\/click.php?partner_id=19992&ad_id=1578&deep=kreditkarten\"  target=\"_blank\"><img decoding=\"async\" src=\"https:\/\/a.partner-versicherung.de\/view.php?partner_id=19992&ad_id=1578\" ><\/a><\/center><\/div>\t\t<\/div>\n\t\t\t\t<\/div>\n\t\t\t\t<div class=\"elementor-element elementor-element-4f2h2af elementor-widget elementor-widget-text-editor\" data-id=\"4f2h2af\" data-element_type=\"widget\" data-widget_type=\"text-editor.default\">\n\t\t\t\t<div class=\"elementor-widget-container\">\n\t\t\t\t\t\t\t<h3 class=\"entry-title\"><span class=\"markedContent\"><span dir=\"ltr\" role=\"presentation\">Sonntag, den 4. Februar 2024, um 17.00 Uhr\u00a0\u00a0<br \/><\/span><\/span>Heaven Full of Stars &#8211;\u00a0Chorkonzert des Vokalensembles Belcanto<\/h3><p><span style=\"font-size: 12pt;\">Schwabach &#8211; \u201eHeaven full of Stars\u201c &#8211; Unter diesem Titel nehmen die S\u00e4ngerinnen und S\u00e4nger des Schwabacher Chores Belcanto, unter Leitung von Daniel Posdziech, ihre Zuh\u00f6rer mit in die Nacht. A Capella Musik von sph\u00e4rischer Transparenz, klangstarken Hymnen und gef\u00fchlvolle solistisch gef\u00fchrte Motetten bieten dabei eine klangliche Vielfalt und spannen einen Bogen von bekannten Komponisten wie Max Reger oder Anton Bruckner bis hin zu jungen Komponisten wie Daniel Elder und Erik Esenvalds, durch die Themen Nacht und Sterne.\u00a0<\/span><\/p><p><strong><span style=\"font-size: 12pt;\">Der Eintritt ist frei.\u00a0<\/span><\/strong><\/p><h3>Weiterf\u00fchrende Links:\u00a0<\/h3><p><span style=\"font-size: 12pt;\"><a href=\"https:\/\/www.belcanto-schwabach.de\/\" target=\"_blank\" rel=\"noopener\">Zur Homepage des Schwabacher Belcanto-Chors geht&#8217;s hier &#8230;\u00a0<\/a><\/span><\/p>\t\t\t\t\t\t<\/div>\n\t\t\t\t<\/div>\n\t\t\t\t<div class=\"elementor-element elementor-element-ca705aa elementor-widget elementor-widget-shortcode\" data-id=\"ca705aa\" data-element_type=\"widget\" data-widget_type=\"shortcode.default\">\n\t\t\t\t<div class=\"elementor-widget-container\">\n\t\t\t\t\t<div class=\"elementor-shortcode\"><center><a href=\"https:\/\/a.partner-versicherung.de\/click.php?partner_id=19992&ad_id=441&deep=kfz-versicherung\"  target=\"_blank\"><img decoding=\"async\" src=\"https:\/\/a.partner-versicherung.de\/view.php?partner_id=19992&ad_id=441\" ><\/a><\/center><\/div>\n\t\t\t\t<\/div>\n\t\t\t\t<\/div>\n\t\t\t\t<div class=\"elementor-element elementor-element-ac4f124 elementor-widget elementor-widget-google_maps\" data-id=\"ac4f124\" data-element_type=\"widget\" data-widget_type=\"google_maps.default\">\n\t\t\t\t<div class=\"elementor-widget-container\">\n\t\t\t\t\t<div class=\"elementor-custom-embed\">\n\t\t\t<iframe loading=\"lazy\"\n\t\t\t\t\tsrc=\"https:\/\/maps.google.com\/maps?q=Martin-Luther-Platz%2C%20Schwabach%2C%20Deutschland&#038;t=m&#038;z=17&#038;output=embed&#038;iwloc=near\"\n\t\t\t\t\ttitle=\"Martin-Luther-Platz, Schwabach, Deutschland\"\n\t\t\t\t\taria-label=\"Martin-Luther-Platz, Schwabach, Deutschland\"\n\t\t\t><\/iframe>\n\t\t<\/div>\n\t\t\t\t<\/div>\n\t\t\t\t<\/div>\n\t\t\t\t\t<\/div>\n\t\t<\/div>\n\t\t\t\t<div class=\"elementor-column elementor-col-50 elementor-top-column elementor-element elementor-element-4233827\" data-id=\"4233827\" data-element_type=\"column\">\n\t\t\t<div class=\"elementor-widget-wrap elementor-element-populated\">\n\t\t\t\t\t\t<div class=\"elementor-element elementor-element-4a16d76 elementor-widget elementor-widget-heading\" data-id=\"4a16d76\" data-element_type=\"widget\" data-widget_type=\"heading.default\">\n\t\t\t\t<div class=\"elementor-widget-container\">\n\t\t\t<h3 class=\"elementor-heading-title elementor-size-default\">Schnell vergleichen und sparen!<\/h3>\t\t<\/div>\n\t\t\t\t<\/div>\n\t\t\t\t<div class=\"elementor-element elementor-element-3bb9546 elementor-widget elementor-widget-wp-widget-advads_ad_widget\" data-id=\"3bb9546\" data-element_type=\"widget\" data-widget_type=\"wp-widget-advads_ad_widget.default\">\n\t\t\t\t<div class=\"elementor-widget-container\">\n\t\t\t<div id=\"regio-1625962057\"><div class=\"regio-adlabel\">Werbung<\/div><!-- Beginn https:\/\/www.financeads.net\/-Code --><a href=\"https:\/\/www.financeads.net\/tc.php?t=36648C236142529B\" target=\"_blank\"><img fetchpriority=\"high\" decoding=\"async\" src=\"https:\/\/www.financeads.net\/tb.php?t=36648V236142529B&https=1\" alt=\"\" border=\"0\" width=\"300\" height=\"250\"><\/a><!-- Ende https:\/\/www.financeads.net\/-Code --><\/div>\t\t<\/div>\n\t\t\t\t<\/div>\n\t\t\t\t<div class=\"elementor-element elementor-element-bdb2bd9 elementor-widget elementor-widget-wp-widget-advads_ad_widget\" data-id=\"bdb2bd9\" data-element_type=\"widget\" data-widget_type=\"wp-widget-advads_ad_widget.default\">\n\t\t\t\t<div class=\"elementor-widget-container\">\n\t\t\t<div id=\"regio-3360545781\"><div class=\"regio-adlabel\">Werbung<\/div><!-- Beginn https:\/\/www.financeads.net\/-Code --><a href=\"https:\/\/www.financeads.net\/tc.php?t=36648C42614510B\" target=\"_blank\"><img decoding=\"async\" src=\"https:\/\/www.financeads.net\/tb.php?t=36648V42614510B&https=1\" alt=\"\" border=\"0\" width=\"200\" height=\"300\"><\/a><!-- Ende https:\/\/www.financeads.net\/-Code --><\/div>\t\t<\/div>\n\t\t\t\t<\/div>\n\t\t\t\t<div class=\"elementor-element elementor-element-1bb58b3 elementor-widget elementor-widget-wp-widget-advads_ad_widget\" data-id=\"1bb58b3\" data-element_type=\"widget\" data-widget_type=\"wp-widget-advads_ad_widget.default\">\n\t\t\t\t<div class=\"elementor-widget-container\">\n\t\t\t<div id=\"regio-524549068\"><div class=\"regio-adlabel\">Werbung<\/div><!-- Beginn https:\/\/www.financeads.net\/-Code --><a href=\"https:\/\/www.financeads.net\/tc.php?t=36648C205040072B\" target=\"_blank\"><img decoding=\"async\" src=\"https:\/\/www.financeads.net\/tb.php?t=36648V205040072B&https=1\" alt=\"\" border=\"0\" width=\"300\" height=\"250\"><\/a><!-- Ende https:\/\/www.financeads.net\/-Code --><\/div>\t\t<\/div>\n\t\t\t\t<\/div>\n\t\t\t\t<div class=\"elementor-element elementor-element-d6fa9ae elementor-widget elementor-widget-wp-widget-advads_ad_widget\" data-id=\"d6fa9ae\" data-element_type=\"widget\" data-widget_type=\"wp-widget-advads_ad_widget.default\">\n\t\t\t\t<div class=\"elementor-widget-container\">\n\t\t\t<div id=\"regio-2328464105\"><div class=\"regio-adlabel\">Werbung<\/div><!-- Beginn https:\/\/www.financeads.net\/-Code --><a href=\"https:\/\/www.financeads.net\/tc.php?t=36648C271460142B\" target=\"_blank\"><img loading=\"lazy\" decoding=\"async\" src=\"https:\/\/www.financeads.net\/tb.php?t=36648V271460142B&https=1\" alt=\"PETPROTECT_Hund&Katze_Banner\" border=\"0\" width=\"250\" height=\"250\"><\/a><!-- Ende https:\/\/www.financeads.net\/-Code --><\/div>\t\t<\/div>\n\t\t\t\t<\/div>\n\t\t\t\t\t<\/div>\n\t\t<\/div>\n\t\t\t\t\t<\/div>\n\t\t<\/section>\n\t\t\t\t<\/div>\n\t\t","protected":false},"excerpt":{"rendered":"<div class=\"mh-excerpt\"><p>Sonntag, den 4. Februar 2024, um 17.00 Uhr\u00a0\u00a0Heaven Full of Stars &#8211;\u00a0Chorkonzert des Vokalensembles Belcanto Schwabach &#8211; \u201eHeaven full of Stars\u201c &#8211; Unter diesem Titel nehmen die S\u00e4ngerinnen und S\u00e4nger des Schwabacher Chores Belcanto, unter <a class=\"mh-excerpt-more\" href=\"https:\/\/www.region-schwabach.de\/wordpress\/chorkonzert-heaven-full-of-stars-des-vokalensembles-belcanto-am-sonntag-den-4-februar-2024-in-der-stadtkirche\/\" title=\"Chorkonzert \u201eHeaven full of Stars\u201c des Vokalensembles Belcanto am Sonntag, den 4. Februar 2024, in der Stadtkirche\">[&#8230;]<\/a><\/p>\n<\/div>","protected":false},"author":1,"featured_media":224716,"comment_status":"open","ping_status":"open","sticky":false,"template":"","format":"standard","meta":{"_cbd_carousel_blocks":"[]","footnotes":""},"categories":[16,1,287,61,231,46],"tags":[24539,24536,24537,7400,24538,19012,19015,523,19,13861,23963],"class_list":{"0":"post-224715","1":"post","2":"type-post","3":"status-publish","4":"format-standard","5":"has-post-thumbnail","7":"category-aktuell","8":"category-allgemein","9":"category-jugend-und-familie","10":"category-rathaus","11":"category-veranstaltungsnews","12":"category-verbaende","13":"tag-heaven-full-of-stars","14":"tag-04-02-2024","15":"tag-4-februar-2024","16":"tag-belcanto","17":"tag-chorkonzert","18":"tag-kirchenmusikdirektor","19":"tag-klaus-peschik","20":"tag-martin-luther-platz","21":"tag-schwabach","22":"tag-stadtkirche-st-johannes-und-st-martin","23":"tag-vokalensemble"},"_links":{"self":[{"href":"https:\/\/www.region-schwabach.de\/wordpress\/wp-json\/wp\/v2\/posts\/224715","targetHints":{"allow":["GET"]}}],"collection":[{"href":"https:\/\/www.region-schwabach.de\/wordpress\/wp-json\/wp\/v2\/posts"}],"about":[{"href":"https:\/\/www.region-schwabach.de\/wordpress\/wp-json\/wp\/v2\/types\/post"}],"author":[{"embeddable":true,"href":"https:\/\/www.region-schwabach.de\/wordpress\/wp-json\/wp\/v2\/users\/1"}],"replies":[{"embeddable":true,"href":"https:\/\/www.region-schwabach.de\/wordpress\/wp-json\/wp\/v2\/comments?post=224715"}],"version-history":[{"count":0,"href":"https:\/\/www.region-schwabach.de\/wordpress\/wp-json\/wp\/v2\/posts\/224715\/revisions"}],"wp:featuredmedia":[{"embeddable":true,"href":"https:\/\/www.region-schwabach.de\/wordpress\/wp-json\/wp\/v2\/media\/224716"}],"wp:attachment":[{"href":"https:\/\/www.region-schwabach.de\/wordpress\/wp-json\/wp\/v2\/media?parent=224715"}],"wp:term":[{"taxonomy":"category","embeddable":true,"href":"https:\/\/www.region-schwabach.de\/wordpress\/wp-json\/wp\/v2\/categories?post=224715"},{"taxonomy":"post_tag","embeddable":true,"href":"https:\/\/www.region-schwabach.de\/wordpress\/wp-json\/wp\/v2\/tags?post=224715"}],"curies":[{"name":"wp","href":"https:\/\/api.w.org\/{rel}","templated":true}]}}