{"id":22490,"date":"2017-12-14T10:41:29","date_gmt":"2017-12-14T09:41:29","guid":{"rendered":"http:\/\/www.region-schwabach.de\/wordpress\/?p=22490"},"modified":"2017-12-14T11:04:43","modified_gmt":"2017-12-14T10:04:43","slug":"reichlich-arbeit-fuer-die-polizeiinspektion-in-weissenburg","status":"publish","type":"post","link":"https:\/\/www.region-schwabach.de\/wordpress\/reichlich-arbeit-fuer-die-polizeiinspektion-in-weissenburg\/","title":{"rendered":"Reichlich Arbeit f\u00fcr die Polizeiinspektion in Wei\u00dfenburg"},"content":{"rendered":"\t\t<div data-elementor-type=\"wp-post\" data-elementor-id=\"22490\" class=\"elementor elementor-22490 elementor-bc-flex-widget\">\n\t\t\t\t\t\t<section class=\"elementor-section elementor-top-section elementor-element elementor-element-1cuv9jr elementor-section-boxed elementor-section-height-default elementor-section-height-default\" data-id=\"1cuv9jr\" data-element_type=\"section\">\n\t\t\t\t\t\t<div class=\"elementor-container elementor-column-gap-default\">\n\t\t\t\t\t<div class=\"elementor-column elementor-col-66 elementor-top-column elementor-element elementor-element-q5zak7b\" data-id=\"q5zak7b\" data-element_type=\"column\">\n\t\t\t<div class=\"elementor-widget-wrap elementor-element-populated\">\n\t\t\t\t\t\t<div class=\"elementor-element elementor-element-86qws23 elementor-widget elementor-widget-text-editor\" data-id=\"86qws23\" data-element_type=\"widget\" data-widget_type=\"text-editor.default\">\n\t\t\t\t<div class=\"elementor-widget-container\">\n\t\t\t\t\t\t\t<h3>Ladendiebstahl in Wei\u00dfenburg<\/h3><p>Wei\u00dfenburg &#8211; Am Mittwoch, den 13.12.2017, wurde in einem Verbrauchermarkt in der Eichst\u00e4tter Stra\u00dfe in Wei\u00dfenburg ein 79 J\u00e4hriger aus Treuchtlingen dabei ertappt, wie er versuchte Waren im Gesamtwert von 37,81\u20ac zu stehlen. Nachdem der Alarm ausgel\u00f6st wurde, konnte eine Verk\u00e4uferin den Dieb stellen, gegen den . Gegen ihn wird nun wegen Diebstahls ermittelt wird.<\/p><h3><strong>Stoppschild missachtet<\/strong><\/h3><p>Pleinfeld &#8211; Am Mittwochnachmittag, den 13.12.2017, war ein 41-j\u00e4hriger Wei\u00dfenburger mit seinem Lkw von Reichertsm\u00fchle kommend auf der Staatsstra\u00dfe 2224 unterwegs, als er an der Kreuzung nach links in Richtung B2 abbiegen wollte. Hierbei missachtete er das dort angebrachte Stoppschild, und ss kam zu einem Zusammensto\u00df mit einem Pkw eines 64 J\u00e4hrigen aus Ellingen, der die Kreisstra\u00dfe 16 geradeaus in Richtung B2 befuhr. Bei dem Zusammensto\u00df blieben beide Unfallbeteiligten gl\u00fccklicherweise unverletzt. An denbeiden Fahrzeugen entstand ein Gesamtschaden in H\u00f6he von ca. 8.300 Euro., dem Unfallverursacher droht nun ein Bu\u00dfgeldverfahren.<\/p><h3>Vorfahrt missachtet<\/h3><p>Wei\u00dfenburg &#8211; Am Mittwochnachmittag, den 13.12.2017, war ein 49-j\u00e4hriger Mann mit seinem Kleintransporter auf der Dettenheimer Stra\u00dfe in Wei\u00dfenburg unterwegs, als er an der Kreuzung nach links abbiegen wollte, und dabei die Vorfahrt eines PKW-Fahrers missachtete. Bei dem folgenden Zusammensto\u00df mit einer 44-j\u00e4hrigen aus Wei\u00dfenburger &#8211; die von der B2 in Richtung Stadtmitte unterwegs war &#8211; wurde niemand verletzt. Es entstand jedoch ein Gesamtschaden in H\u00f6he von ca. 7500 Euro, gegen den Unfallverursacher wurde ein Bu\u00dfgeldverfahren eingeleitet.<\/p><h3><strong>Unfallflucht am Krankenhaus<\/strong><\/h3><p>Wei\u00dfenburg &#8211; Am Mittwoch, den 13.12.2017, wurde in der Zeit zwischen 08.00 Uhr und 09:00 Uhr, ein geparkter Krankentransporter des BRK im Bereich der Notaufnahme am Krankenhaus in Wei\u00dfenburg angefahren. Der unbekannte Fahrzeugf\u00fchrer entfernte sich von der Unfallstelle, ohne sich um den entstandenen Schaden zu k\u00fcmmern, der sich auf ca. 2.000 Euro bel\u00e4uft.\u00a0<\/p><h3><strong>Holzdiebstahl in Allmannsdorf<\/strong><\/h3><p>Allmannsdorf &#8211; Bislang unbekannter T\u00e4ter entwendete innerhalb eines Jahres &#8211; letztmalig Anfang Dezember diesen Jahres &#8211; jetzt bereits insgesamt 7 Ster Holz aus einem Waldgrundst\u00fcck in der N\u00e4he von Allmannsdorf. Der dabei entstandene Entwendungsschaden bel\u00e4uft sich auf ca. 350 Euro.<\/p><h3>Polizei bittet um Mithilfe<\/h3><p>Personen, die verd\u00e4chtige Beobachtungen gemacht haben, werden gebeten, diese der Polizei in Wei\u00dfenburg unter der Rufnummer 09141-8687-0 mitzuteilen.<\/p>\t\t\t\t\t\t<\/div>\n\t\t\t\t<\/div>\n\t\t\t\t<div class=\"elementor-element elementor-element-id240nb elementor-widget elementor-widget-google_maps\" data-id=\"id240nb\" data-element_type=\"widget\" data-widget_type=\"google_maps.default\">\n\t\t\t\t<div class=\"elementor-widget-container\">\n\t\t\t\t\t<div class=\"elementor-custom-embed\">\n\t\t\t<iframe loading=\"lazy\"\n\t\t\t\t\tsrc=\"https:\/\/maps.google.com\/maps?q=Wei%C3%9Fenburg%20Deutschland&#038;t=m&#038;z=12&#038;output=embed&#038;iwloc=near\"\n\t\t\t\t\ttitle=\"Wei\u00dfenburg Deutschland\"\n\t\t\t\t\taria-label=\"Wei\u00dfenburg Deutschland\"\n\t\t\t><\/iframe>\n\t\t<\/div>\n\t\t\t\t<\/div>\n\t\t\t\t<\/div>\n\t\t\t\t\t<\/div>\n\t\t<\/div>\n\t\t\t\t<div class=\"elementor-column elementor-col-33 elementor-top-column elementor-element elementor-element-0w0urt1\" data-id=\"0w0urt1\" data-element_type=\"column\">\n\t\t\t<div class=\"elementor-widget-wrap elementor-element-populated\">\n\t\t\t\t\t\t<div class=\"elementor-element elementor-element-mo6nk5i elementor-widget elementor-widget-image\" data-id=\"mo6nk5i\" data-element_type=\"widget\" data-widget_type=\"image.default\">\n\t\t\t\t<div class=\"elementor-widget-container\">\n\t\t\t\t\t\t\t\t\t\t\t\t\t\t<a href=\"http:\/\/www.region-schwabach.de\/wordpress\/werben-auf-region-schwabach\/\" target=\"_blank\">\n\t\t\t\t\t\t\t<img fetchpriority=\"high\" decoding=\"async\" width=\"1024\" height=\"1024\" src=\"https:\/\/www.region-schwabach.de\/wordpress\/wp-content\/uploads\/2017\/06\/werbung8-1024x1024.png\" class=\"attachment-large size-large wp-image-2484\" alt=\"\" srcset=\"https:\/\/www.region-schwabach.de\/wordpress\/wp-content\/uploads\/2017\/06\/werbung8-1024x1024.png 1024w, https:\/\/www.region-schwabach.de\/wordpress\/wp-content\/uploads\/2017\/06\/werbung8-150x150.png 150w, https:\/\/www.region-schwabach.de\/wordpress\/wp-content\/uploads\/2017\/06\/werbung8-300x300.png 300w, https:\/\/www.region-schwabach.de\/wordpress\/wp-content\/uploads\/2017\/06\/werbung8-768x768.png 768w, https:\/\/www.region-schwabach.de\/wordpress\/wp-content\/uploads\/2017\/06\/werbung8-600x600.png 600w, https:\/\/www.region-schwabach.de\/wordpress\/wp-content\/uploads\/2017\/06\/werbung8.png 1200w\" sizes=\"(max-width: 1024px) 100vw, 1024px\" \/>\t\t\t\t\t\t\t\t<\/a>\n\t\t\t\t\t\t\t\t\t\t\t\t\t<\/div>\n\t\t\t\t<\/div>\n\t\t\t\t\t<\/div>\n\t\t<\/div>\n\t\t\t\t\t<\/div>\n\t\t<\/section>\n\t\t\t\t<\/div>\n\t\t","protected":false},"excerpt":{"rendered":"<div class=\"mh-excerpt\"><p>Ladendiebstahl in Wei\u00dfenburg Wei\u00dfenburg &#8211; Am Mittwoch, den 13.12.2017, wurde in einem Verbrauchermarkt in der Eichst\u00e4tter Stra\u00dfe in Wei\u00dfenburg ein 79 J\u00e4hriger aus Treuchtlingen dabei ertappt, wie er versuchte Waren im Gesamtwert von 37,81\u20ac zu <a class=\"mh-excerpt-more\" href=\"https:\/\/www.region-schwabach.de\/wordpress\/reichlich-arbeit-fuer-die-polizeiinspektion-in-weissenburg\/\" title=\"Reichlich Arbeit f\u00fcr die Polizeiinspektion in Wei\u00dfenburg\">[&#8230;]<\/a><\/p>\n<\/div>","protected":false},"author":1,"featured_media":22491,"comment_status":"open","ping_status":"open","sticky":false,"template":"","format":"standard","meta":{"_cbd_carousel_blocks":"[]","footnotes":""},"categories":[15],"tags":[1710,1854,429,1122,559,1786,30,876,454,1855,1856,261,463,820,1857,401,713,1362,457,249],"class_list":{"0":"post-22490","1":"post","2":"type-post","3":"status-publish","4":"format-standard","5":"has-post-thumbnail","7":"category-polizeimeldungen","8":"tag-13-12-2017","9":"tag-allmannsdorf","10":"tag-b2","11":"tag-beschaedigung","12":"tag-dettenheimer-strasse","13":"tag-dezember","14":"tag-diebstahl","15":"tag-eichstaetter-strasse","16":"tag-fahrerflucht","17":"tag-holzdiebstahl","18":"tag-krankenhaus","19":"tag-lkw","20":"tag-pkw","21":"tag-pleinfeld","22":"tag-reichertsmuehle","23":"tag-sachschaden","24":"tag-schaden","25":"tag-staatsstrasse-2224","26":"tag-unfallflucht","27":"tag-weissenburg"},"_links":{"self":[{"href":"https:\/\/www.region-schwabach.de\/wordpress\/wp-json\/wp\/v2\/posts\/22490","targetHints":{"allow":["GET"]}}],"collection":[{"href":"https:\/\/www.region-schwabach.de\/wordpress\/wp-json\/wp\/v2\/posts"}],"about":[{"href":"https:\/\/www.region-schwabach.de\/wordpress\/wp-json\/wp\/v2\/types\/post"}],"author":[{"embeddable":true,"href":"https:\/\/www.region-schwabach.de\/wordpress\/wp-json\/wp\/v2\/users\/1"}],"replies":[{"embeddable":true,"href":"https:\/\/www.region-schwabach.de\/wordpress\/wp-json\/wp\/v2\/comments?post=22490"}],"version-history":[{"count":0,"href":"https:\/\/www.region-schwabach.de\/wordpress\/wp-json\/wp\/v2\/posts\/22490\/revisions"}],"wp:featuredmedia":[{"embeddable":true,"href":"https:\/\/www.region-schwabach.de\/wordpress\/wp-json\/wp\/v2\/media\/22491"}],"wp:attachment":[{"href":"https:\/\/www.region-schwabach.de\/wordpress\/wp-json\/wp\/v2\/media?parent=22490"}],"wp:term":[{"taxonomy":"category","embeddable":true,"href":"https:\/\/www.region-schwabach.de\/wordpress\/wp-json\/wp\/v2\/categories?post=22490"},{"taxonomy":"post_tag","embeddable":true,"href":"https:\/\/www.region-schwabach.de\/wordpress\/wp-json\/wp\/v2\/tags?post=22490"}],"curies":[{"name":"wp","href":"https:\/\/api.w.org\/{rel}","templated":true}]}}