{"id":22494,"date":"2017-12-14T19:23:13","date_gmt":"2017-12-14T18:23:13","guid":{"rendered":"http:\/\/www.region-schwabach.de\/wordpress\/?p=22494"},"modified":"2017-12-14T19:33:49","modified_gmt":"2017-12-14T18:33:49","slug":"geld-aus-gefundenem-geldbeutel-in-rednitzhembach-entnommen","status":"publish","type":"post","link":"https:\/\/www.region-schwabach.de\/wordpress\/geld-aus-gefundenem-geldbeutel-in-rednitzhembach-entnommen\/","title":{"rendered":"Geld aus gefundenem Geldbeutel in Rednitzhembach entnommen"},"content":{"rendered":"\t\t<div data-elementor-type=\"wp-post\" data-elementor-id=\"22494\" class=\"elementor elementor-22494 elementor-bc-flex-widget\">\n\t\t\t\t\t\t<section class=\"elementor-section elementor-top-section elementor-element elementor-element-1cuv9jr elementor-section-boxed elementor-section-height-default elementor-section-height-default\" data-id=\"1cuv9jr\" data-element_type=\"section\">\n\t\t\t\t\t\t<div class=\"elementor-container elementor-column-gap-default\">\n\t\t\t\t\t<div class=\"elementor-column elementor-col-66 elementor-top-column elementor-element elementor-element-q5zak7b\" data-id=\"q5zak7b\" data-element_type=\"column\">\n\t\t\t<div class=\"elementor-widget-wrap elementor-element-populated\">\n\t\t\t\t\t\t<div class=\"elementor-element elementor-element-86qws23 elementor-widget elementor-widget-text-editor\" data-id=\"86qws23\" data-element_type=\"widget\" data-widget_type=\"text-editor.default\">\n\t\t\t\t<div class=\"elementor-widget-container\">\n\t\t\t\t\t\t\t<h3>Geld aus gefundener Geldb\u00f6rse entnommen<\/h3><p>Rednitzhembach &#8211; Am Mittwoch, den 13.12.2017, verlor eine 70-j\u00e4hrige Seniorin gegen 11.30 Uhr vor einem Bekleidungsgesch\u00e4ft am Igelsdorfer Berg in Rednitzhembach ihre Geldb\u00f6rse. Als sie zum Gesch\u00e4ft zur\u00fcckkam war der verlorene Geldbeutel auch bereits dort abgegeben worden, allerdings war das Bargeld von \u00fcber hundert Euro vorher &#8211; von einer bisher unbekannten Person &#8211; entnommen worden.<\/p><h3>Polizei bittet um Mithilfe<\/h3><p>Personen, die verd\u00e4chtige Beobachtungen gemacht haben, werden gebeten, diese der Polizei in Roth unter der Rufnummer 09171-9744-0 mitzuteilen.<\/p>\t\t\t\t\t\t<\/div>\n\t\t\t\t<\/div>\n\t\t\t\t<div class=\"elementor-element elementor-element-id240nb elementor-widget elementor-widget-google_maps\" data-id=\"id240nb\" data-element_type=\"widget\" data-widget_type=\"google_maps.default\">\n\t\t\t\t<div class=\"elementor-widget-container\">\n\t\t\t\t\t<div class=\"elementor-custom-embed\">\n\t\t\t<iframe loading=\"lazy\"\n\t\t\t\t\tsrc=\"https:\/\/maps.google.com\/maps?q=Igelsdorfer%20Berg%2C%20Rednitzhembach%2C%20Deutschland&#038;t=m&#038;z=15&#038;output=embed&#038;iwloc=near\"\n\t\t\t\t\ttitle=\"Igelsdorfer Berg, Rednitzhembach, Deutschland\"\n\t\t\t\t\taria-label=\"Igelsdorfer Berg, Rednitzhembach, Deutschland\"\n\t\t\t><\/iframe>\n\t\t<\/div>\n\t\t\t\t<\/div>\n\t\t\t\t<\/div>\n\t\t\t\t\t<\/div>\n\t\t<\/div>\n\t\t\t\t<div class=\"elementor-column elementor-col-33 elementor-top-column elementor-element elementor-element-0w0urt1\" data-id=\"0w0urt1\" data-element_type=\"column\">\n\t\t\t<div class=\"elementor-widget-wrap elementor-element-populated\">\n\t\t\t\t\t\t<div class=\"elementor-element elementor-element-mo6nk5i elementor-widget elementor-widget-image\" data-id=\"mo6nk5i\" data-element_type=\"widget\" data-widget_type=\"image.default\">\n\t\t\t\t<div class=\"elementor-widget-container\">\n\t\t\t\t\t\t\t\t\t\t\t\t\t\t<a href=\"http:\/\/www.region-schwabach.de\/wordpress\/werben-auf-region-schwabach\/\" target=\"_blank\">\n\t\t\t\t\t\t\t<img fetchpriority=\"high\" decoding=\"async\" width=\"1024\" height=\"1024\" src=\"https:\/\/www.region-schwabach.de\/wordpress\/wp-content\/uploads\/2017\/06\/werbung8-1024x1024.png\" class=\"attachment-large size-large wp-image-2484\" alt=\"\" srcset=\"https:\/\/www.region-schwabach.de\/wordpress\/wp-content\/uploads\/2017\/06\/werbung8-1024x1024.png 1024w, https:\/\/www.region-schwabach.de\/wordpress\/wp-content\/uploads\/2017\/06\/werbung8-150x150.png 150w, https:\/\/www.region-schwabach.de\/wordpress\/wp-content\/uploads\/2017\/06\/werbung8-300x300.png 300w, https:\/\/www.region-schwabach.de\/wordpress\/wp-content\/uploads\/2017\/06\/werbung8-768x768.png 768w, https:\/\/www.region-schwabach.de\/wordpress\/wp-content\/uploads\/2017\/06\/werbung8-600x600.png 600w, https:\/\/www.region-schwabach.de\/wordpress\/wp-content\/uploads\/2017\/06\/werbung8.png 1200w\" sizes=\"(max-width: 1024px) 100vw, 1024px\" \/>\t\t\t\t\t\t\t\t<\/a>\n\t\t\t\t\t\t\t\t\t\t\t\t\t<\/div>\n\t\t\t\t<\/div>\n\t\t\t\t\t<\/div>\n\t\t<\/div>\n\t\t\t\t\t<\/div>\n\t\t<\/section>\n\t\t\t\t<\/div>\n\t\t","protected":false},"excerpt":{"rendered":"<div class=\"mh-excerpt\"><p>Geld aus gefundener Geldb\u00f6rse entnommen Rednitzhembach &#8211; Am Mittwoch, den 13.12.2017, verlor eine 70-j\u00e4hrige Seniorin gegen 11.30 Uhr vor einem Bekleidungsgesch\u00e4ft am Igelsdorfer Berg in Rednitzhembach ihre Geldb\u00f6rse. Als sie zum Gesch\u00e4ft zur\u00fcckkam war der <a class=\"mh-excerpt-more\" href=\"https:\/\/www.region-schwabach.de\/wordpress\/geld-aus-gefundenem-geldbeutel-in-rednitzhembach-entnommen\/\" title=\"Geld aus gefundenem Geldbeutel in Rednitzhembach entnommen\">[&#8230;]<\/a><\/p>\n<\/div>","protected":false},"author":1,"featured_media":22495,"comment_status":"open","ping_status":"open","sticky":false,"template":"","format":"standard","meta":{"_cbd_carousel_blocks":"[]","footnotes":""},"categories":[15],"tags":[1710,629,1564,30,974,1858,493,32],"class_list":{"0":"post-22494","1":"post","2":"type-post","3":"status-publish","4":"format-standard","5":"has-post-thumbnail","7":"category-polizeimeldungen","8":"tag-13-12-2017","9":"tag-bargeld","10":"tag-bekleidungsgeschaeft","11":"tag-diebstahl","12":"tag-geldbeutel","13":"tag-igelsdorfer-berg","14":"tag-rednitzhembach","15":"tag-roth"},"_links":{"self":[{"href":"https:\/\/www.region-schwabach.de\/wordpress\/wp-json\/wp\/v2\/posts\/22494","targetHints":{"allow":["GET"]}}],"collection":[{"href":"https:\/\/www.region-schwabach.de\/wordpress\/wp-json\/wp\/v2\/posts"}],"about":[{"href":"https:\/\/www.region-schwabach.de\/wordpress\/wp-json\/wp\/v2\/types\/post"}],"author":[{"embeddable":true,"href":"https:\/\/www.region-schwabach.de\/wordpress\/wp-json\/wp\/v2\/users\/1"}],"replies":[{"embeddable":true,"href":"https:\/\/www.region-schwabach.de\/wordpress\/wp-json\/wp\/v2\/comments?post=22494"}],"version-history":[{"count":0,"href":"https:\/\/www.region-schwabach.de\/wordpress\/wp-json\/wp\/v2\/posts\/22494\/revisions"}],"wp:featuredmedia":[{"embeddable":true,"href":"https:\/\/www.region-schwabach.de\/wordpress\/wp-json\/wp\/v2\/media\/22495"}],"wp:attachment":[{"href":"https:\/\/www.region-schwabach.de\/wordpress\/wp-json\/wp\/v2\/media?parent=22494"}],"wp:term":[{"taxonomy":"category","embeddable":true,"href":"https:\/\/www.region-schwabach.de\/wordpress\/wp-json\/wp\/v2\/categories?post=22494"},{"taxonomy":"post_tag","embeddable":true,"href":"https:\/\/www.region-schwabach.de\/wordpress\/wp-json\/wp\/v2\/tags?post=22494"}],"curies":[{"name":"wp","href":"https:\/\/api.w.org\/{rel}","templated":true}]}}