{"id":225158,"date":"2024-02-09T00:30:00","date_gmt":"2024-02-08T23:30:00","guid":{"rendered":"https:\/\/www.region-schwabach.de\/wordpress\/?p=225158"},"modified":"2024-02-09T00:07:13","modified_gmt":"2024-02-08T23:07:13","slug":"das-bayerische-outdoor-filmfestival-ist-am-freitag-den-9-februar-2024-im-markgrafensaal-in-schwabach-zu-gast","status":"publish","type":"post","link":"https:\/\/www.region-schwabach.de\/wordpress\/das-bayerische-outdoor-filmfestival-ist-am-freitag-den-9-februar-2024-im-markgrafensaal-in-schwabach-zu-gast\/","title":{"rendered":"Das Bayerische Outdoor Filmfestival ist am Freitag, den 9. Februar 2024, im Markgrafensaal in Schwabach zu Gast"},"content":{"rendered":"\t\t<div data-elementor-type=\"wp-post\" data-elementor-id=\"225158\" class=\"elementor elementor-225158\">\n\t\t\t\t\t\t<section class=\"elementor-section elementor-top-section elementor-element elementor-element-678181b elementor-section-boxed elementor-section-height-default elementor-section-height-default\" data-id=\"678181b\" data-element_type=\"section\">\n\t\t\t\t\t\t<div class=\"elementor-container elementor-column-gap-default\">\n\t\t\t\t\t<div class=\"elementor-column elementor-col-50 elementor-top-column elementor-element elementor-element-6b34026\" data-id=\"6b34026\" data-element_type=\"column\">\n\t\t\t<div class=\"elementor-widget-wrap elementor-element-populated\">\n\t\t\t\t\t\t<div class=\"elementor-element elementor-element-5d1b797 elementor-widget elementor-widget-wp-widget-advads_ad_widget\" data-id=\"5d1b797\" data-element_type=\"widget\" data-widget_type=\"wp-widget-advads_ad_widget.default\">\n\t\t\t\t<div class=\"elementor-widget-container\">\n\t\t\t<div id=\"regio-4262702087\"><div class=\"regio-adlabel\">Werbung<\/div><center><a href=\"https:\/\/a.partner-versicherung.de\/click.php?partner_id=19992&ad_id=1578&deep=kreditkarten\"  target=\"_blank\"><img decoding=\"async\" src=\"https:\/\/a.partner-versicherung.de\/view.php?partner_id=19992&ad_id=1578\" ><\/a><\/center><\/div>\t\t<\/div>\n\t\t\t\t<\/div>\n\t\t\t\t<div class=\"elementor-element elementor-element-443ab98 elementor-widget elementor-widget-text-editor\" data-id=\"443ab98\" data-element_type=\"widget\" data-widget_type=\"text-editor.default\">\n\t\t\t\t<div class=\"elementor-widget-container\">\n\t\t\t\t\t\t\t<h3>Am Freitag, den 9. Februar 2024, um 19.00 Uhr im Markgrafensaal:\u00a0<br \/>Das Bayerische Outdoor Filmfestival zu Gast in Schwabach<\/h3><p><strong><span style=\"font-size: 12pt;\">Pr\u00e4sentation zweier Outdoor-Filme au\u00dferdem Interviews und pers\u00f6nliche Gespr\u00e4che mit den Protagonisten\u00a0<\/span><\/strong><\/p><p><span style=\"font-size: 12pt;\">Schwabach &#8211; In Kooperation mit dem Schwabacher Kulturamt stehen neben der Pr\u00e4sentation zweier Outdoor-Filme auch Interviews und pers\u00f6nliche Gespr\u00e4che mit den Protagonisten auf dem Programm.<br \/><\/span><\/p><p><span style=\"font-size: 12pt;\">ENDLESS WINTER erz\u00e4hlt die Lebensgeschichte von Toni Sponar aka Mr. Endless Winter, der seit sechs Jahrzehnten zwischen Nord- und S\u00fcdhalbkugel pendelt und mit abenteuerlichen 87 Jahren bereits 110 Winter auf Ski in der Tasche hat. Mehr als ein reines Biopic &#8211; und mehr als ein reiner Sportfilm, vereint ENDLESS WINTER die Begeisterung f\u00fcr den Skisport mit dem menschlichen Drang, seine Tr\u00e4ume zu verwirklichen \u2013 und m\u00f6gen sie auch noch so unerreichbar scheinen. In fast sechs Jahren hat das Endless Winter Team einen wahren Schatz in Form von Interviews und spektakul\u00e4ren Sport- und Landschaftsaufnahmen zusammengetragen. Gedreht wurde in Chile, Argentinien, USA und \u00d6sterreich. Erg\u00e4nzt wird das Material von historischen Fotos der Protagonisten. Der Film wurde bereits in Cannes ausgezeichnet, lief als Er\u00f6ffnungsfilm auf dem Bergfilmfest am Tegernsee und soll 2024 auf weiteren Festivals laufen. Regisseur und Produzent Henrik von Janda-Eble lebt in Schwabach und freut sich darauf, den Film in seiner Heimatstadt zeigen zu d\u00fcrfen. Zusammen mit Michael Neumann (Idee und Buch) wird er die Geschichte hinter dem Film erz\u00e4hlen.<br \/><\/span><\/p><p><span style=\"font-size: 12pt;\">In \u201eSpeed Expeditions\u201c zeigt Benedikt B\u00f6hm seine Vorbereitung und die Rekordexpedition 2022 auf den Himlung Himal (7.126 m, Nepal). Als WWF-Botschafter erz\u00e4hlt er neben seinen sportlichen Aktivit\u00e4ten auch von seinem Engagement f\u00fcr die Naturschutzorganisation. B\u00f6hm hat mit helpingband.com seine eigene Organisation gegr\u00fcndet: &#8222;Mit Helping Band\u201c wollen wir eine aktive, engagierte Gemeinschaft schaffen, die erkennt, dass wir es selbst in der Hand haben, Ver\u00e4nderungen in Bezug auf Nachhaltigkeit, Umweltvertr\u00e4glichkeit und soziale Gerechtigkeit anzusto\u00dfen&#8220;. Die B\u00e4nder sind ein Symbol f\u00fcr das Engagement f\u00fcr den Naturschutz.\u00a0<br \/><\/span><\/p><p><span style=\"font-size: 12pt;\">Jeweils nach den Filmen kommen deren Macher im Rahmen von Interviews zu Wort.\u00a0<\/span><\/p>\t\t\t\t\t\t<\/div>\n\t\t\t\t<\/div>\n\t\t\t\t<div class=\"elementor-element elementor-element-5dec88c elementor-widget elementor-widget-shortcode\" data-id=\"5dec88c\" data-element_type=\"widget\" data-widget_type=\"shortcode.default\">\n\t\t\t\t<div class=\"elementor-widget-container\">\n\t\t\t\t\t<div class=\"elementor-shortcode\"><!-- Beginn https:\/\/www.financeads.net\/-Code --><a href=\"https:\/\/www.financeads.net\/tc.php?t=36648C38513858B\" target=\"_blank\"><center><img decoding=\"async\" src=\"https:\/\/www.financeads.net\/tb.php?t=36648V38513858B&https=1\" alt=\"\" border=\"0\" width=\"468\" height=\"60\"><\/a><!-- Ende https:\/\/www.financeads.net\/-Code --><\/div>\n\t\t\t\t<\/div>\n\t\t\t\t<\/div>\n\t\t\t\t<div class=\"elementor-element elementor-element-2c99766 elementor-widget elementor-widget-google_maps\" data-id=\"2c99766\" data-element_type=\"widget\" data-widget_type=\"google_maps.default\">\n\t\t\t\t<div class=\"elementor-widget-container\">\n\t\t\t\t\t<div class=\"elementor-custom-embed\">\n\t\t\t<iframe loading=\"lazy\"\n\t\t\t\t\tsrc=\"https:\/\/maps.google.com\/maps?q=Ludwigstra%C3%9Fe%2016%2C%20Schwabach%2C%20Deutschland&#038;t=m&#038;z=17&#038;output=embed&#038;iwloc=near\"\n\t\t\t\t\ttitle=\"Ludwigstra\u00dfe 16, Schwabach, Deutschland\"\n\t\t\t\t\taria-label=\"Ludwigstra\u00dfe 16, Schwabach, Deutschland\"\n\t\t\t><\/iframe>\n\t\t<\/div>\n\t\t\t\t<\/div>\n\t\t\t\t<\/div>\n\t\t\t\t\t<\/div>\n\t\t<\/div>\n\t\t\t\t<div class=\"elementor-column elementor-col-50 elementor-top-column elementor-element elementor-element-b2d7762\" data-id=\"b2d7762\" data-element_type=\"column\">\n\t\t\t<div class=\"elementor-widget-wrap elementor-element-populated\">\n\t\t\t\t\t\t<div class=\"elementor-element elementor-element-75ddad1 elementor-widget elementor-widget-heading\" data-id=\"75ddad1\" data-element_type=\"widget\" data-widget_type=\"heading.default\">\n\t\t\t\t<div class=\"elementor-widget-container\">\n\t\t\t<h3 class=\"elementor-heading-title elementor-size-default\">Schnell vergleichen und sparen!<\/h3>\t\t<\/div>\n\t\t\t\t<\/div>\n\t\t\t\t<div class=\"elementor-element elementor-element-2ca467d elementor-widget elementor-widget-wp-widget-advads_ad_widget\" data-id=\"2ca467d\" data-element_type=\"widget\" data-widget_type=\"wp-widget-advads_ad_widget.default\">\n\t\t\t\t<div class=\"elementor-widget-container\">\n\t\t\t<div id=\"regio-2221825279\"><div class=\"regio-adlabel\">Werbung<\/div><!-- Beginn https:\/\/www.financeads.net\/-Code --><a href=\"https:\/\/www.financeads.net\/tc.php?t=36648C236142529B\" target=\"_blank\"><img fetchpriority=\"high\" decoding=\"async\" src=\"https:\/\/www.financeads.net\/tb.php?t=36648V236142529B&https=1\" alt=\"\" border=\"0\" width=\"300\" height=\"250\"><\/a><!-- Ende https:\/\/www.financeads.net\/-Code --><\/div>\t\t<\/div>\n\t\t\t\t<\/div>\n\t\t\t\t<div class=\"elementor-element elementor-element-237ce0f elementor-widget elementor-widget-wp-widget-advads_ad_widget\" data-id=\"237ce0f\" data-element_type=\"widget\" data-widget_type=\"wp-widget-advads_ad_widget.default\">\n\t\t\t\t<div class=\"elementor-widget-container\">\n\t\t\t<div id=\"regio-1554750107\"><div class=\"regio-adlabel\">Werbung<\/div><!-- Beginn https:\/\/www.financeads.net\/-Code --><a href=\"https:\/\/www.financeads.net\/tc.php?t=36648C42614510B\" target=\"_blank\"><img decoding=\"async\" src=\"https:\/\/www.financeads.net\/tb.php?t=36648V42614510B&https=1\" alt=\"\" border=\"0\" width=\"200\" height=\"300\"><\/a><!-- Ende https:\/\/www.financeads.net\/-Code --><\/div>\t\t<\/div>\n\t\t\t\t<\/div>\n\t\t\t\t<div class=\"elementor-element elementor-element-67abb4d elementor-widget elementor-widget-wp-widget-advads_ad_widget\" data-id=\"67abb4d\" data-element_type=\"widget\" data-widget_type=\"wp-widget-advads_ad_widget.default\">\n\t\t\t\t<div class=\"elementor-widget-container\">\n\t\t\t<div id=\"regio-3195960631\"><div class=\"regio-adlabel\">Werbung<\/div><!-- Beginn https:\/\/www.financeads.net\/-Code --><a href=\"https:\/\/www.financeads.net\/tc.php?t=36648C205040072B\" target=\"_blank\"><img loading=\"lazy\" decoding=\"async\" src=\"https:\/\/www.financeads.net\/tb.php?t=36648V205040072B&https=1\" alt=\"\" border=\"0\" width=\"300\" height=\"250\"><\/a><!-- Ende https:\/\/www.financeads.net\/-Code --><\/div>\t\t<\/div>\n\t\t\t\t<\/div>\n\t\t\t\t<div class=\"elementor-element elementor-element-bd6d67f elementor-widget elementor-widget-wp-widget-advads_ad_widget\" data-id=\"bd6d67f\" data-element_type=\"widget\" data-widget_type=\"wp-widget-advads_ad_widget.default\">\n\t\t\t\t<div class=\"elementor-widget-container\">\n\t\t\t<div id=\"regio-2936015455\"><div class=\"regio-adlabel\">Werbung<\/div><!-- Beginn https:\/\/www.financeads.net\/-Code --><a href=\"https:\/\/www.financeads.net\/tc.php?t=36648C271460142B\" target=\"_blank\"><img loading=\"lazy\" decoding=\"async\" src=\"https:\/\/www.financeads.net\/tb.php?t=36648V271460142B&https=1\" alt=\"PETPROTECT_Hund&Katze_Banner\" border=\"0\" width=\"250\" height=\"250\"><\/a><!-- Ende https:\/\/www.financeads.net\/-Code --><\/div>\t\t<\/div>\n\t\t\t\t<\/div>\n\t\t\t\t\t<\/div>\n\t\t<\/div>\n\t\t\t\t\t<\/div>\n\t\t<\/section>\n\t\t\t\t<\/div>\n\t\t","protected":false},"excerpt":{"rendered":"<div class=\"mh-excerpt\"><p>Am Freitag, den 9. Februar 2024, um 19.00 Uhr im Markgrafensaal:\u00a0Das Bayerische Outdoor Filmfestival zu Gast in Schwabach Pr\u00e4sentation zweier Outdoor-Filme au\u00dferdem Interviews und pers\u00f6nliche Gespr\u00e4che mit den Protagonisten\u00a0 Schwabach &#8211; In Kooperation mit dem <a class=\"mh-excerpt-more\" href=\"https:\/\/www.region-schwabach.de\/wordpress\/das-bayerische-outdoor-filmfestival-ist-am-freitag-den-9-februar-2024-im-markgrafensaal-in-schwabach-zu-gast\/\" title=\"Das Bayerische Outdoor Filmfestival ist am Freitag, den 9. Februar 2024, im Markgrafensaal in Schwabach zu Gast\">[&#8230;]<\/a><\/p>\n<\/div>","protected":false},"author":1,"featured_media":225159,"comment_status":"open","ping_status":"open","sticky":false,"template":"","format":"standard","meta":{"_cbd_carousel_blocks":"[]","footnotes":""},"categories":[16,287,231],"tags":[24577,24578,24579,24587,24580,24584,24581,14305,2029,2028,24582,24583,19,24585,24586,20],"class_list":{"0":"post-225158","1":"post","2":"type-post","3":"status-publish","4":"format-standard","5":"has-post-thumbnail","7":"category-aktuell","8":"category-jugend-und-familie","9":"category-veranstaltungsnews","10":"tag-09-02-2024","11":"tag-9-februar-2024","12":"tag-bayerisches-outdoor-filmfestival","13":"tag-benedikt-boehm","14":"tag-boff","15":"tag-endless-winter","16":"tag-interviews","17":"tag-kulturamt","18":"tag-ludwigstrasse","19":"tag-markgrafensaal","20":"tag-outdoor-filme","21":"tag-persoenliche-gespraeche","22":"tag-schwabach","23":"tag-speed-expeditions","24":"tag-toni-sponar","25":"tag-veranstaltung"},"_links":{"self":[{"href":"https:\/\/www.region-schwabach.de\/wordpress\/wp-json\/wp\/v2\/posts\/225158","targetHints":{"allow":["GET"]}}],"collection":[{"href":"https:\/\/www.region-schwabach.de\/wordpress\/wp-json\/wp\/v2\/posts"}],"about":[{"href":"https:\/\/www.region-schwabach.de\/wordpress\/wp-json\/wp\/v2\/types\/post"}],"author":[{"embeddable":true,"href":"https:\/\/www.region-schwabach.de\/wordpress\/wp-json\/wp\/v2\/users\/1"}],"replies":[{"embeddable":true,"href":"https:\/\/www.region-schwabach.de\/wordpress\/wp-json\/wp\/v2\/comments?post=225158"}],"version-history":[{"count":0,"href":"https:\/\/www.region-schwabach.de\/wordpress\/wp-json\/wp\/v2\/posts\/225158\/revisions"}],"wp:featuredmedia":[{"embeddable":true,"href":"https:\/\/www.region-schwabach.de\/wordpress\/wp-json\/wp\/v2\/media\/225159"}],"wp:attachment":[{"href":"https:\/\/www.region-schwabach.de\/wordpress\/wp-json\/wp\/v2\/media?parent=225158"}],"wp:term":[{"taxonomy":"category","embeddable":true,"href":"https:\/\/www.region-schwabach.de\/wordpress\/wp-json\/wp\/v2\/categories?post=225158"},{"taxonomy":"post_tag","embeddable":true,"href":"https:\/\/www.region-schwabach.de\/wordpress\/wp-json\/wp\/v2\/tags?post=225158"}],"curies":[{"name":"wp","href":"https:\/\/api.w.org\/{rel}","templated":true}]}}