{"id":225383,"date":"2024-02-13T00:30:00","date_gmt":"2024-02-12T23:30:00","guid":{"rendered":"https:\/\/www.region-schwabach.de\/wordpress\/?p=225383"},"modified":"2024-02-13T01:28:27","modified_gmt":"2024-02-13T00:28:27","slug":"strassensperrungen-wegen-faschingszug-in-schwabach-am-dienstag-den-13-februar-2024","status":"publish","type":"post","link":"https:\/\/www.region-schwabach.de\/wordpress\/strassensperrungen-wegen-faschingszug-in-schwabach-am-dienstag-den-13-februar-2024\/","title":{"rendered":"Stra\u00dfensperrungen wegen \u201eFaschingszug\u201c in Schwabach am Dienstag, den 13. Februar 2024"},"content":{"rendered":"\t\t<div data-elementor-type=\"wp-post\" data-elementor-id=\"225383\" class=\"elementor elementor-225383\">\n\t\t\t\t\t\t<section class=\"elementor-section elementor-top-section elementor-element elementor-element-678181b elementor-section-boxed elementor-section-height-default elementor-section-height-default\" data-id=\"678181b\" data-element_type=\"section\">\n\t\t\t\t\t\t<div class=\"elementor-container elementor-column-gap-default\">\n\t\t\t\t\t<div class=\"elementor-column elementor-col-50 elementor-top-column elementor-element elementor-element-6b34026\" data-id=\"6b34026\" data-element_type=\"column\">\n\t\t\t<div class=\"elementor-widget-wrap elementor-element-populated\">\n\t\t\t\t\t\t<div class=\"elementor-element elementor-element-e347b87 elementor-widget elementor-widget-wp-widget-advads_ad_widget\" data-id=\"e347b87\" data-element_type=\"widget\" data-widget_type=\"wp-widget-advads_ad_widget.default\">\n\t\t\t\t<div class=\"elementor-widget-container\">\n\t\t\t<div id=\"regio-2944537684\"><div class=\"regio-adlabel\">Werbung<\/div><center><a href=\"https:\/\/a.partner-versicherung.de\/click.php?partner_id=19992&ad_id=1578&deep=kreditkarten\"  target=\"_blank\"><img decoding=\"async\" src=\"https:\/\/a.partner-versicherung.de\/view.php?partner_id=19992&ad_id=1578\" ><\/a><\/center><\/div>\t\t<\/div>\n\t\t\t\t<\/div>\n\t\t\t\t<div class=\"elementor-element elementor-element-443ab98 elementor-widget elementor-widget-text-editor\" data-id=\"443ab98\" data-element_type=\"widget\" data-widget_type=\"text-editor.default\">\n\t\t\t\t<div class=\"elementor-widget-container\">\n\t\t\t\t\t\t\t<div class=\"fieldsattachment after_article\"><h3 class=\"idgroup_7 group_container\">Am Dienstag, den 13. Februar 2024 ist wieder der Faschingszug in Schwabach unterwegs<\/h3><p class=\"idgroup_7 group_container\"><span style=\"font-size: 12pt;\">Schwabach &#8211; Wegen des \u201eSchwabacher Faschingszuges\u201c werden am Faschingsdienstag, den 13. Februar 2024, einige Stra\u00dfen in Schwabach in der Zeit zwischen 12.30 Uhr und 17.00 Uhr f\u00fcr den Verkehr gesperrt. Anlieger werden um R\u00fccksichtnahme und Verst\u00e4ndnis gebeten.\u00a0<\/span><\/p><\/div><p><span style=\"font-size: 12pt;\">Aufgrund des Faschingszuges 2024 werden am Faschingsdienstag, 13.02.2024, folgende Stra\u00dfen ab ca. 13.30 Uhr f\u00fcr den Verkehr kurzfristig gesperrt: Birkenstra\u00dfe &#8211; Hindenburgstra\u00dfe &#8211; Wittelsbacherstra\u00dfe &#8211; Z\u00f6llnertorstra\u00dfe &#8211; K\u00f6nigstra\u00dfe &#8211; Martin-Luther-Platz &#8211; Ludwigstra\u00dfe &#8211; S\u00fcdliche Ringstra\u00dfe &#8211; Ludwigstra\u00dfe &#8211; Bahnhofstra\u00dfe \u2013 Birkenstra\u00dfe.\u00a0<\/span><\/p><p><span style=\"font-size: 12pt;\">F\u00fcr die Aufstellung des Zuges wird bereits ab 12:.30 Uhr die gesamte Birkenstra\u00dfe und die Walpersdorfer Stra\u00dfe zwischen Birkenstra\u00dfe und Maximilianstra\u00dfe gesperrt. In diesem Zusammenhang k\u00f6nnen bereits ab Montagabend die Parkm\u00f6glichkeiten an der Walpersdorfer Stra\u00dfe und Birkenstra\u00dfe stark eingeschr\u00e4nkt sein.\u00a0<\/span><\/p><p><span style=\"font-size: 12pt;\">F\u00fcr die Aufl\u00f6sung des Zuges wird die Birkenstra\u00dfe nach Beendigung des Zuges ab ca. 15:30 Uhr gesperrt. Die Zufahrt zum Parkplatz am Markgrafensaal ist nur \u00fcber die Eisentrautstra\u00dfe m\u00f6glich.\u00a0<\/span><\/p><p><span style=\"font-size: 12pt;\">Die betroffenen Bushaltestellen im Innenstadtbereich k\u00f6nnen f\u00fcr die Dauer des Faschingszuges nicht ange-fahren werden. Die Fahrg\u00e4ste werden gebeten, ebenfalls die Informationen in den Bussen und an den Halte-stellen zu beachten. Zudem gibt es Informationen im Internet unter\u00a0<a href=\"https:\/\/www.schwabach-mobil.de\/\">www.schwabach-mobil.de<\/a>\u00a0sowie unter\u00a0<a href=\"https:\/\/www.vgn.de\/fahrplanaenderungen\">www.vgn.de\/fahrplanaenderungen<\/a>.\u00a0<\/span><\/p><p><span style=\"font-size: 12pt;\">F\u00fcr die Dauer des Faschingszuges wird der Taxistand Martin-Luther-Platz in die Rathausgasse verlegt.\u00a0<\/span><\/p><p><span style=\"font-size: 12pt;\">W\u00e4hrend des Faschingszuges ist die Zufahrt zur Tiefgarage nur \u00fcber die Rathausgasse m\u00f6glich. Auch f\u00fcr ausfahrende Fahrzeuge ist in der Zeit von ca. 13:30 Uhr bis ca. 17 Uhr mit Einschr\u00e4nkungen\/Behinderungen zu rechnen.\u00a0<\/span><\/p><p><span style=\"font-size: 12pt;\">Nach Beendigung des Faschingszuges k\u00f6nnen die Haltestellen des \u00d6PNV wieder planm\u00e4\u00dfig angefahren werden.\u00a0<\/span><\/p><h3>Weiterf\u00fchrende Links:<\/h3><p><span style=\"font-size: 12pt;\"><a href=\"https:\/\/www.schwabach-mobil.de\/\" target=\"_blank\" rel=\"noopener\">Hier informiert\u00a0Schwabach-Mobil \u00fcber die Fahrplan\u00e4nderungen &#8230;<\/a><\/span><\/p>\t\t\t\t\t\t<\/div>\n\t\t\t\t<\/div>\n\t\t\t\t<div class=\"elementor-element elementor-element-21c3450 elementor-widget-divider--view-line elementor-widget elementor-widget-divider\" data-id=\"21c3450\" data-element_type=\"widget\" data-widget_type=\"divider.default\">\n\t\t\t\t<div class=\"elementor-widget-container\">\n\t\t\t\t\t<div class=\"elementor-divider\">\n\t\t\t<span class=\"elementor-divider-separator\">\n\t\t\t\t\t\t<\/span>\n\t\t<\/div>\n\t\t\t\t<\/div>\n\t\t\t\t<\/div>\n\t\t\t\t<div class=\"elementor-element elementor-element-f4c690c elementor-widget elementor-widget-google_maps\" data-id=\"f4c690c\" data-element_type=\"widget\" data-widget_type=\"google_maps.default\">\n\t\t\t\t<div class=\"elementor-widget-container\">\n\t\t\t\t\t<div class=\"elementor-custom-embed\">\n\t\t\t<iframe loading=\"lazy\"\n\t\t\t\t\tsrc=\"https:\/\/maps.google.com\/maps?q=K%C3%B6nigsplatz%201%2C%20Schwabach%2C%20Deutschland&#038;t=m&#038;z=17&#038;output=embed&#038;iwloc=near\"\n\t\t\t\t\ttitle=\"K\u00f6nigsplatz 1, Schwabach, Deutschland\"\n\t\t\t\t\taria-label=\"K\u00f6nigsplatz 1, Schwabach, Deutschland\"\n\t\t\t><\/iframe>\n\t\t<\/div>\n\t\t\t\t<\/div>\n\t\t\t\t<\/div>\n\t\t\t\t\t<\/div>\n\t\t<\/div>\n\t\t\t\t<div class=\"elementor-column elementor-col-50 elementor-top-column elementor-element elementor-element-3728c60\" data-id=\"3728c60\" data-element_type=\"column\">\n\t\t\t<div class=\"elementor-widget-wrap elementor-element-populated\">\n\t\t\t\t\t\t<div class=\"elementor-element elementor-element-a61f7a8 elementor-widget elementor-widget-heading\" data-id=\"a61f7a8\" data-element_type=\"widget\" data-widget_type=\"heading.default\">\n\t\t\t\t<div class=\"elementor-widget-container\">\n\t\t\t<h3 class=\"elementor-heading-title elementor-size-default\">Schnell vergleichen und sparen!<\/h3>\t\t<\/div>\n\t\t\t\t<\/div>\n\t\t\t\t<div class=\"elementor-element elementor-element-4612fda elementor-widget elementor-widget-wp-widget-advads_ad_widget\" data-id=\"4612fda\" data-element_type=\"widget\" data-widget_type=\"wp-widget-advads_ad_widget.default\">\n\t\t\t\t<div class=\"elementor-widget-container\">\n\t\t\t<div id=\"regio-3739511376\"><div class=\"regio-adlabel\">Werbung<\/div><!-- Beginn https:\/\/www.financeads.net\/-Code --><a href=\"https:\/\/www.financeads.net\/tc.php?t=36648C236142529B\" target=\"_blank\"><img fetchpriority=\"high\" decoding=\"async\" src=\"https:\/\/www.financeads.net\/tb.php?t=36648V236142529B&https=1\" alt=\"\" border=\"0\" width=\"300\" height=\"250\"><\/a><!-- Ende https:\/\/www.financeads.net\/-Code --><\/div>\t\t<\/div>\n\t\t\t\t<\/div>\n\t\t\t\t<div class=\"elementor-element elementor-element-c25b724 elementor-widget elementor-widget-wp-widget-advads_ad_widget\" data-id=\"c25b724\" data-element_type=\"widget\" data-widget_type=\"wp-widget-advads_ad_widget.default\">\n\t\t\t\t<div class=\"elementor-widget-container\">\n\t\t\t<div id=\"regio-2354116491\"><div class=\"regio-adlabel\">Werbung<\/div><!-- Beginn https:\/\/www.financeads.net\/-Code --><a href=\"https:\/\/www.financeads.net\/tc.php?t=36648C42614510B\" target=\"_blank\"><img decoding=\"async\" src=\"https:\/\/www.financeads.net\/tb.php?t=36648V42614510B&https=1\" alt=\"\" border=\"0\" width=\"200\" height=\"300\"><\/a><!-- Ende https:\/\/www.financeads.net\/-Code --><\/div>\t\t<\/div>\n\t\t\t\t<\/div>\n\t\t\t\t<div class=\"elementor-element elementor-element-d3b71dc elementor-widget elementor-widget-wp-widget-advads_ad_widget\" data-id=\"d3b71dc\" data-element_type=\"widget\" data-widget_type=\"wp-widget-advads_ad_widget.default\">\n\t\t\t\t<div class=\"elementor-widget-container\">\n\t\t\t<div id=\"regio-1268830137\"><div class=\"regio-adlabel\">Werbung<\/div><!-- Beginn https:\/\/www.financeads.net\/-Code --><a href=\"https:\/\/www.financeads.net\/tc.php?t=36648C205040072B\" target=\"_blank\"><img decoding=\"async\" src=\"https:\/\/www.financeads.net\/tb.php?t=36648V205040072B&https=1\" alt=\"\" border=\"0\" width=\"300\" height=\"250\"><\/a><!-- Ende https:\/\/www.financeads.net\/-Code --><\/div>\t\t<\/div>\n\t\t\t\t<\/div>\n\t\t\t\t<div class=\"elementor-element elementor-element-e7bed1f elementor-widget elementor-widget-wp-widget-advads_ad_widget\" data-id=\"e7bed1f\" data-element_type=\"widget\" data-widget_type=\"wp-widget-advads_ad_widget.default\">\n\t\t\t\t<div class=\"elementor-widget-container\">\n\t\t\t<div id=\"regio-3426689217\"><div class=\"regio-adlabel\">Werbung<\/div><!-- Beginn https:\/\/www.financeads.net\/-Code --><a href=\"https:\/\/www.financeads.net\/tc.php?t=36648C271460142B\" target=\"_blank\"><img loading=\"lazy\" decoding=\"async\" src=\"https:\/\/www.financeads.net\/tb.php?t=36648V271460142B&https=1\" alt=\"PETPROTECT_Hund&Katze_Banner\" border=\"0\" width=\"250\" height=\"250\"><\/a><!-- Ende https:\/\/www.financeads.net\/-Code --><\/div>\t\t<\/div>\n\t\t\t\t<\/div>\n\t\t\t\t\t<\/div>\n\t\t<\/div>\n\t\t\t\t\t<\/div>\n\t\t<\/section>\n\t\t\t\t<\/div>\n\t\t","protected":false},"excerpt":{"rendered":"<div class=\"mh-excerpt\"><p>Am Dienstag, den 13. Februar 2024 ist wieder der Faschingszug in Schwabach unterwegs Schwabach &#8211; Wegen des \u201eSchwabacher Faschingszuges\u201c werden am Faschingsdienstag, den 13. Februar 2024, einige Stra\u00dfen in Schwabach in der Zeit zwischen 12.30 <a class=\"mh-excerpt-more\" href=\"https:\/\/www.region-schwabach.de\/wordpress\/strassensperrungen-wegen-faschingszug-in-schwabach-am-dienstag-den-13-februar-2024\/\" title=\"Stra\u00dfensperrungen wegen \u201eFaschingszug\u201c in Schwabach am Dienstag, den 13. Februar 2024\">[&#8230;]<\/a><\/p>\n<\/div>","protected":false},"author":1,"featured_media":225384,"comment_status":"open","ping_status":"open","sticky":false,"template":"","format":"standard","meta":{"_cbd_carousel_blocks":"[]","footnotes":""},"categories":[16,61,14],"tags":[24614,24613,941,398,2676,1307,2556,2675,2677,388,522,2679,2029,2028,523,8354,593,1480,67,19,3151,2136,8356,66,8357,544,2678,1625],"class_list":{"0":"post-225383","1":"post","2":"type-post","3":"status-publish","4":"format-standard","5":"has-post-thumbnail","7":"category-aktuell","8":"category-rathaus","9":"category-verkehrsinfos","10":"tag-13-februar-2024","11":"tag-13-02-2024","12":"tag-angerstrasse","13":"tag-bahnhofstrasse","14":"tag-birkenstrasse","15":"tag-eisentrautstrasse","16":"tag-faschingsdienstag","17":"tag-faschingsumzug","18":"tag-hindenburgstrasse","19":"tag-innenstadt","20":"tag-koenigsplatz","21":"tag-koenigstrasse","22":"tag-ludwigstrasse","23":"tag-markgrafensaal","24":"tag-martin-luther-platz","25":"tag-mehrere-sperrungen","26":"tag-parkplatz","27":"tag-rathaus","28":"tag-rathausgasse","29":"tag-schwabach","30":"tag-stadt-schwabach","31":"tag-stadtparkstrasse","32":"tag-stadtverkehr","33":"tag-suedliche-ringstrasse","34":"tag-taxistand","35":"tag-walpersdorfer-strasse","36":"tag-wittelsbacherstrasse","37":"tag-zoellnertorstrasse"},"_links":{"self":[{"href":"https:\/\/www.region-schwabach.de\/wordpress\/wp-json\/wp\/v2\/posts\/225383","targetHints":{"allow":["GET"]}}],"collection":[{"href":"https:\/\/www.region-schwabach.de\/wordpress\/wp-json\/wp\/v2\/posts"}],"about":[{"href":"https:\/\/www.region-schwabach.de\/wordpress\/wp-json\/wp\/v2\/types\/post"}],"author":[{"embeddable":true,"href":"https:\/\/www.region-schwabach.de\/wordpress\/wp-json\/wp\/v2\/users\/1"}],"replies":[{"embeddable":true,"href":"https:\/\/www.region-schwabach.de\/wordpress\/wp-json\/wp\/v2\/comments?post=225383"}],"version-history":[{"count":0,"href":"https:\/\/www.region-schwabach.de\/wordpress\/wp-json\/wp\/v2\/posts\/225383\/revisions"}],"wp:featuredmedia":[{"embeddable":true,"href":"https:\/\/www.region-schwabach.de\/wordpress\/wp-json\/wp\/v2\/media\/225384"}],"wp:attachment":[{"href":"https:\/\/www.region-schwabach.de\/wordpress\/wp-json\/wp\/v2\/media?parent=225383"}],"wp:term":[{"taxonomy":"category","embeddable":true,"href":"https:\/\/www.region-schwabach.de\/wordpress\/wp-json\/wp\/v2\/categories?post=225383"},{"taxonomy":"post_tag","embeddable":true,"href":"https:\/\/www.region-schwabach.de\/wordpress\/wp-json\/wp\/v2\/tags?post=225383"}],"curies":[{"name":"wp","href":"https:\/\/api.w.org\/{rel}","templated":true}]}}