{"id":22543,"date":"2017-12-15T12:52:30","date_gmt":"2017-12-15T11:52:30","guid":{"rendered":"http:\/\/www.region-schwabach.de\/wordpress\/?p=22543"},"modified":"2017-12-15T13:13:09","modified_gmt":"2017-12-15T12:13:09","slug":"zahlreiche-zuendeleien-im-raum-roth-konnten-aufgeklaert-werden","status":"publish","type":"post","link":"https:\/\/www.region-schwabach.de\/wordpress\/zahlreiche-zuendeleien-im-raum-roth-konnten-aufgeklaert-werden\/","title":{"rendered":"Zahlreiche Z\u00fcndeleien im Raum Roth konnten aufgekl\u00e4rt werden"},"content":{"rendered":"\t\t<div data-elementor-type=\"wp-post\" data-elementor-id=\"22543\" class=\"elementor elementor-22543 elementor-bc-flex-widget\">\n\t\t\t\t\t\t<section class=\"elementor-section elementor-top-section elementor-element elementor-element-1cuv9jr elementor-section-boxed elementor-section-height-default elementor-section-height-default\" data-id=\"1cuv9jr\" data-element_type=\"section\">\n\t\t\t\t\t\t<div class=\"elementor-container elementor-column-gap-default\">\n\t\t\t\t\t<div class=\"elementor-column elementor-col-66 elementor-top-column elementor-element elementor-element-q5zak7b\" data-id=\"q5zak7b\" data-element_type=\"column\">\n\t\t\t<div class=\"elementor-widget-wrap elementor-element-populated\">\n\t\t\t\t\t\t<div class=\"elementor-element elementor-element-86qws23 elementor-widget elementor-widget-text-editor\" data-id=\"86qws23\" data-element_type=\"widget\" data-widget_type=\"text-editor.default\">\n\t\t\t\t<div class=\"elementor-widget-container\">\n\t\t\t\t\t\t\t<h3><strong>Serie von Z\u00fcndeleien in Roth aufgekl\u00e4rt<\/strong><\/h3><p>Roth &#8211; In den letzten Wochen ereigneten sich in Roth mehrere\u00a0Br\u00e4nde und Sachbesch\u00e4digungen, deren Schaden sich auf \u00fcber 5.000 Euro summierte. Aber gl\u00fccklicherweise scheinen diese Taten &#8211; f\u00fcr die nach Lage der Dinge sieben Kinder und ein Jugendlicher verantwortlich sind &#8211; nun gekl\u00e4rt zu sein.\u00a0\u00a0<\/p><h3>Taten begannen Mitte November<\/h3><p>Bereits am 11. Und 12.11.2017 kam es zu Brandstiftungen und dem Diebstahl von Kerzen in und aus der katholischen Kirche, am Kinderspielplatz im Stadtgarten wurde ein Holzturm in Brand gesteckt, und an einem Brunnen wurde angez\u00fcndetes Papier entdeckt.<\/p><p>Trotz der Bitte um Mithilfe aus der Bev\u00f6lkerung kamen jedoch keine Hinweise, die zur Ermittlung der T\u00e4ter f\u00fchrte.<\/p><h3>Aufmerksame Zeugen f\u00fcr Aufkl\u00e4rung verantwortlich<\/h3><p>Ein paar Tage sp\u00e4ter, am Sonntag, den 03.12.2017, wurde erneut eine Brandstelle in der katholischen Kirche entdeckt. Aufmerksame Zeugen f\u00fchrten dazu, dass die Ermittler an Hinweise gelangten, die schlie\u00dflich zur Aufkl\u00e4rung der Taten f\u00fchrten.<\/p><h3>T\u00e4ter sind zwischen 10 und 14 Jahre alt<\/h3><p>Wie sich herausstellte, handelte es sich bei den T\u00e4tern um Jungen im Alter zwischen 10 und 14 Jahren, welche die Taten in unterschiedlichen Zusammensetzungen begingen.<\/p><h3>Auch noch andere Straftaten aufgedeckt<\/h3><p>Bei den Ermittlungen lie\u00dfen sich auch noch weitere Straftaten aufkl\u00e4ren. So hatte\u00a0 ein Br\u00fcder zusammen mit einem Freund die Toiletten in den Rothm\u00fchlpassagen verstopft, und so f\u00fcr Sachschaden gesorgt. Au\u00dferdem sorgten sie auch noch f\u00fcr erheblichen Schaden in einer Grundschule, wo sie im Treppenhaus mehrere Feuerl\u00f6scher entleerten.\u00a0\u00a0<\/p><p>Es ist wohl nur dem Zufall geschuldet, dass bei den unterschiedlichen Aktionen nicht noch mehr Schaden entstanden ist.<\/p>\t\t\t\t\t\t<\/div>\n\t\t\t\t<\/div>\n\t\t\t\t<div class=\"elementor-element elementor-element-1l7zbzo elementor-widget elementor-widget-google_maps\" data-id=\"1l7zbzo\" data-element_type=\"widget\" data-widget_type=\"google_maps.default\">\n\t\t\t\t<div class=\"elementor-widget-container\">\n\t\t\t\t\t<div class=\"elementor-custom-embed\">\n\t\t\t<iframe loading=\"lazy\"\n\t\t\t\t\tsrc=\"https:\/\/maps.google.com\/maps?q=Roth%2C%20Deutschland&#038;t=m&#038;z=15&#038;output=embed&#038;iwloc=near\"\n\t\t\t\t\ttitle=\"Roth, Deutschland\"\n\t\t\t\t\taria-label=\"Roth, Deutschland\"\n\t\t\t><\/iframe>\n\t\t<\/div>\n\t\t\t\t<\/div>\n\t\t\t\t<\/div>\n\t\t\t\t\t<\/div>\n\t\t<\/div>\n\t\t\t\t<div class=\"elementor-column elementor-col-33 elementor-top-column elementor-element elementor-element-0w0urt1\" data-id=\"0w0urt1\" data-element_type=\"column\">\n\t\t\t<div class=\"elementor-widget-wrap elementor-element-populated\">\n\t\t\t\t\t\t<div class=\"elementor-element elementor-element-mo6nk5i elementor-widget elementor-widget-image\" data-id=\"mo6nk5i\" data-element_type=\"widget\" data-widget_type=\"image.default\">\n\t\t\t\t<div class=\"elementor-widget-container\">\n\t\t\t\t\t\t\t\t\t\t\t\t\t\t<a href=\"http:\/\/www.region-schwabach.de\/wordpress\/werben-auf-region-schwabach\/\" target=\"_blank\">\n\t\t\t\t\t\t\t<img fetchpriority=\"high\" decoding=\"async\" width=\"1024\" height=\"1024\" src=\"https:\/\/www.region-schwabach.de\/wordpress\/wp-content\/uploads\/2017\/06\/werbung8-1024x1024.png\" class=\"attachment-large size-large wp-image-2484\" alt=\"\" srcset=\"https:\/\/www.region-schwabach.de\/wordpress\/wp-content\/uploads\/2017\/06\/werbung8-1024x1024.png 1024w, https:\/\/www.region-schwabach.de\/wordpress\/wp-content\/uploads\/2017\/06\/werbung8-150x150.png 150w, https:\/\/www.region-schwabach.de\/wordpress\/wp-content\/uploads\/2017\/06\/werbung8-300x300.png 300w, https:\/\/www.region-schwabach.de\/wordpress\/wp-content\/uploads\/2017\/06\/werbung8-768x768.png 768w, https:\/\/www.region-schwabach.de\/wordpress\/wp-content\/uploads\/2017\/06\/werbung8-600x600.png 600w, https:\/\/www.region-schwabach.de\/wordpress\/wp-content\/uploads\/2017\/06\/werbung8.png 1200w\" sizes=\"(max-width: 1024px) 100vw, 1024px\" \/>\t\t\t\t\t\t\t\t<\/a>\n\t\t\t\t\t\t\t\t\t\t\t\t\t<\/div>\n\t\t\t\t<\/div>\n\t\t\t\t\t<\/div>\n\t\t<\/div>\n\t\t\t\t\t<\/div>\n\t\t<\/section>\n\t\t\t\t<\/div>\n\t\t","protected":false},"excerpt":{"rendered":"<div class=\"mh-excerpt\"><p>Serie von Z\u00fcndeleien in Roth aufgekl\u00e4rt Roth &#8211; In den letzten Wochen ereigneten sich in Roth mehrere\u00a0Br\u00e4nde und Sachbesch\u00e4digungen, deren Schaden sich auf \u00fcber 5.000 Euro summierte. Aber gl\u00fccklicherweise scheinen diese Taten &#8211; f\u00fcr die <a class=\"mh-excerpt-more\" href=\"https:\/\/www.region-schwabach.de\/wordpress\/zahlreiche-zuendeleien-im-raum-roth-konnten-aufgeklaert-werden\/\" title=\"Zahlreiche Z\u00fcndeleien im Raum Roth konnten aufgekl\u00e4rt werden\">[&#8230;]<\/a><\/p>\n<\/div>","protected":false},"author":1,"featured_media":22544,"comment_status":"open","ping_status":"open","sticky":false,"template":"","format":"standard","meta":{"_cbd_carousel_blocks":"[]","footnotes":""},"categories":[15],"tags":[1786,543,488,1368,1863,1572,32,401,713,1864,1862],"class_list":{"0":"post-22543","1":"post","2":"type-post","3":"status-publish","4":"format-standard","5":"has-post-thumbnail","7":"category-polizeimeldungen","8":"tag-dezember","9":"tag-feuer","10":"tag-jugendliche","11":"tag-kinderspielplatz","12":"tag-kirche","13":"tag-november","14":"tag-roth","15":"tag-sachschaden","16":"tag-schaden","17":"tag-stadtgarten","18":"tag-zuendeleien"},"_links":{"self":[{"href":"https:\/\/www.region-schwabach.de\/wordpress\/wp-json\/wp\/v2\/posts\/22543","targetHints":{"allow":["GET"]}}],"collection":[{"href":"https:\/\/www.region-schwabach.de\/wordpress\/wp-json\/wp\/v2\/posts"}],"about":[{"href":"https:\/\/www.region-schwabach.de\/wordpress\/wp-json\/wp\/v2\/types\/post"}],"author":[{"embeddable":true,"href":"https:\/\/www.region-schwabach.de\/wordpress\/wp-json\/wp\/v2\/users\/1"}],"replies":[{"embeddable":true,"href":"https:\/\/www.region-schwabach.de\/wordpress\/wp-json\/wp\/v2\/comments?post=22543"}],"version-history":[{"count":0,"href":"https:\/\/www.region-schwabach.de\/wordpress\/wp-json\/wp\/v2\/posts\/22543\/revisions"}],"wp:featuredmedia":[{"embeddable":true,"href":"https:\/\/www.region-schwabach.de\/wordpress\/wp-json\/wp\/v2\/media\/22544"}],"wp:attachment":[{"href":"https:\/\/www.region-schwabach.de\/wordpress\/wp-json\/wp\/v2\/media?parent=22543"}],"wp:term":[{"taxonomy":"category","embeddable":true,"href":"https:\/\/www.region-schwabach.de\/wordpress\/wp-json\/wp\/v2\/categories?post=22543"},{"taxonomy":"post_tag","embeddable":true,"href":"https:\/\/www.region-schwabach.de\/wordpress\/wp-json\/wp\/v2\/tags?post=22543"}],"curies":[{"name":"wp","href":"https:\/\/api.w.org\/{rel}","templated":true}]}}