{"id":226690,"date":"2024-02-22T00:37:00","date_gmt":"2024-02-21T23:37:00","guid":{"rendered":"https:\/\/www.region-schwabach.de\/wordpress\/?p=226690"},"modified":"2024-02-22T01:48:59","modified_gmt":"2024-02-22T00:48:59","slug":"fahrerflucht-nach-unfall-zwischen-lkw-und-fussgangerin-in-roth","status":"publish","type":"post","link":"https:\/\/www.region-schwabach.de\/wordpress\/fahrerflucht-nach-unfall-zwischen-lkw-und-fussgangerin-in-roth\/","title":{"rendered":"Fahrerflucht nach Unfall zwischen LKW und Fu\u00dfg\u00e4ngerin in Roth"},"content":{"rendered":"\t\t<div data-elementor-type=\"wp-post\" data-elementor-id=\"226690\" class=\"elementor elementor-226690\">\n\t\t\t\t\t\t<section class=\"elementor-section elementor-top-section elementor-element elementor-element-1cuv9jr elementor-section-boxed elementor-section-height-default elementor-section-height-default\" data-id=\"1cuv9jr\" data-element_type=\"section\">\n\t\t\t\t\t\t<div class=\"elementor-container elementor-column-gap-default\">\n\t\t\t\t\t<div class=\"elementor-column elementor-col-50 elementor-top-column elementor-element elementor-element-q5zak7b\" data-id=\"q5zak7b\" data-element_type=\"column\">\n\t\t\t<div class=\"elementor-widget-wrap elementor-element-populated\">\n\t\t\t\t\t\t<div class=\"elementor-element elementor-element-dcef279 elementor-widget elementor-widget-wp-widget-advads_ad_widget\" data-id=\"dcef279\" data-element_type=\"widget\" data-widget_type=\"wp-widget-advads_ad_widget.default\">\n\t\t\t\t<div class=\"elementor-widget-container\">\n\t\t\t<div id=\"regio-1030669191\"><div class=\"regio-adlabel\">Werbung<\/div><center><a href=\"https:\/\/a.partner-versicherung.de\/click.php?partner_id=19992&ad_id=1578&deep=kreditkarten\"  target=\"_blank\"><img decoding=\"async\" src=\"https:\/\/a.partner-versicherung.de\/view.php?partner_id=19992&ad_id=1578\" ><\/a><\/center><\/div>\t\t<\/div>\n\t\t\t\t<\/div>\n\t\t\t\t<div class=\"elementor-element elementor-element-a4daeae elementor-widget elementor-widget-text-editor\" data-id=\"a4daeae\" data-element_type=\"widget\" data-widget_type=\"text-editor.default\">\n\t\t\t\t<div class=\"elementor-widget-container\">\n\t\t\t\t\t\t\t<h3>Fu\u00dfg\u00e4ngerin angefahren &#8211; Fallaufkl\u00e4rung\u00a0<\/h3><p><span style=\"font-size: 12pt;\">Roth &#8211; Am Montagmorgen, den 19.02.2024, wollte eine 21-j\u00e4hrige Fu\u00dfg\u00e4ngerin die Fu\u00dfg\u00e4ngerampel (die gr\u00fcn zeigte) am Sieh- Dich-F\u00fcr-Weg in Roth in Richtung Innenstadt \u00fcberqueren. Ein wei\u00dfer LKW bog zum gleichen Zeitpunkt aus dem Willy-Supf-Platz nach links in den Sieh-Dich-F\u00fcr-Weg ein, wobei er die Fu\u00dfg\u00e4ngerin touchierte und sie auf den Gehweg schleuderte.\u00a0<\/span><\/p><p><span style=\"font-size: 12pt;\">Gl\u00fccklicherweise wurde die Dame bei dem Unfall nur leicht verletzt und erlitt lediglich mehrere Prellungen. Der LKW entfernte sich im Anschlu\u00df unerlaubt vom Unfallort ohne sich um die Verletzte zu k\u00fcmmern. Die Polizeiinspektion Roth konnte anschlie\u00dfend &#8211; in Zusammenarbeit mit der Verkehrsunfallfluchtfahndung der VPI Feucht &#8211; den 64-j\u00e4hrigen Fahrer des LKWs ermitteln. Den Mann erwartet nun eine Anzeige wegen unerlaubtem Entfernens vom Unfallort und der fahrl\u00e4ssigen K\u00f6rperverletzung bei einem Verkehrsunfall.\u00a0<\/span><\/p>\t\t\t\t\t\t<\/div>\n\t\t\t\t<\/div>\n\t\t\t\t<div class=\"elementor-element elementor-element-6c3f9de elementor-widget elementor-widget-shortcode\" data-id=\"6c3f9de\" data-element_type=\"widget\" data-widget_type=\"shortcode.default\">\n\t\t\t\t<div class=\"elementor-widget-container\">\n\t\t\t\t\t<div class=\"elementor-shortcode\"><center><a href=\"https:\/\/a.partner-versicherung.de\/click.php?partner_id=19992&ad_id=441&deep=kfz-versicherung\"  target=\"_blank\"><img decoding=\"async\" src=\"https:\/\/a.partner-versicherung.de\/view.php?partner_id=19992&ad_id=441\" ><\/a><\/center><\/div>\n\t\t\t\t<\/div>\n\t\t\t\t<\/div>\n\t\t\t\t<div class=\"elementor-element elementor-element-ace1283 elementor-widget-divider--view-line elementor-widget elementor-widget-divider\" data-id=\"ace1283\" data-element_type=\"widget\" data-widget_type=\"divider.default\">\n\t\t\t\t<div class=\"elementor-widget-container\">\n\t\t\t\t\t<div class=\"elementor-divider\">\n\t\t\t<span class=\"elementor-divider-separator\">\n\t\t\t\t\t\t<\/span>\n\t\t<\/div>\n\t\t\t\t<\/div>\n\t\t\t\t<\/div>\n\t\t\t\t<div class=\"elementor-element elementor-element-06e666a elementor-widget elementor-widget-google_maps\" data-id=\"06e666a\" data-element_type=\"widget\" data-widget_type=\"google_maps.default\">\n\t\t\t\t<div class=\"elementor-widget-container\">\n\t\t\t\t\t<div class=\"elementor-custom-embed\">\n\t\t\t<iframe loading=\"lazy\"\n\t\t\t\t\tsrc=\"https:\/\/maps.google.com\/maps?q=Sieh-%20Dich-F%C3%BCr-Weg%2C%20Roth%2C%20Deutschland&#038;t=m&#038;z=16&#038;output=embed&#038;iwloc=near\"\n\t\t\t\t\ttitle=\"Sieh- Dich-F\u00fcr-Weg, Roth, Deutschland\"\n\t\t\t\t\taria-label=\"Sieh- Dich-F\u00fcr-Weg, Roth, Deutschland\"\n\t\t\t><\/iframe>\n\t\t<\/div>\n\t\t\t\t<\/div>\n\t\t\t\t<\/div>\n\t\t\t\t\t<\/div>\n\t\t<\/div>\n\t\t\t\t<div class=\"elementor-column elementor-col-50 elementor-top-column elementor-element elementor-element-4ce46fb\" data-id=\"4ce46fb\" data-element_type=\"column\">\n\t\t\t<div class=\"elementor-widget-wrap elementor-element-populated\">\n\t\t\t\t\t\t<div class=\"elementor-element elementor-element-38f4e35 elementor-widget elementor-widget-heading\" data-id=\"38f4e35\" data-element_type=\"widget\" data-widget_type=\"heading.default\">\n\t\t\t\t<div class=\"elementor-widget-container\">\n\t\t\t<h3 class=\"elementor-heading-title elementor-size-default\">Schnell vergleichen und sparen!<\/h3>\t\t<\/div>\n\t\t\t\t<\/div>\n\t\t\t\t<div class=\"elementor-element elementor-element-92c49bc elementor-widget elementor-widget-wp-widget-advads_ad_widget\" data-id=\"92c49bc\" data-element_type=\"widget\" data-widget_type=\"wp-widget-advads_ad_widget.default\">\n\t\t\t\t<div class=\"elementor-widget-container\">\n\t\t\t<div id=\"regio-218306379\"><div class=\"regio-adlabel\">Werbung<\/div><!-- Beginn https:\/\/www.financeads.net\/-Code --><a href=\"https:\/\/www.financeads.net\/tc.php?t=36648C236142529B\" target=\"_blank\"><img fetchpriority=\"high\" decoding=\"async\" src=\"https:\/\/www.financeads.net\/tb.php?t=36648V236142529B&https=1\" alt=\"\" border=\"0\" width=\"300\" height=\"250\"><\/a><!-- Ende https:\/\/www.financeads.net\/-Code --><\/div>\t\t<\/div>\n\t\t\t\t<\/div>\n\t\t\t\t<div class=\"elementor-element elementor-element-cb0c78c elementor-widget elementor-widget-wp-widget-advads_ad_widget\" data-id=\"cb0c78c\" data-element_type=\"widget\" data-widget_type=\"wp-widget-advads_ad_widget.default\">\n\t\t\t\t<div class=\"elementor-widget-container\">\n\t\t\t<div id=\"regio-3525523441\"><div class=\"regio-adlabel\">Werbung<\/div><!-- Beginn https:\/\/www.financeads.net\/-Code --><a href=\"https:\/\/www.financeads.net\/tc.php?t=36648C42614510B\" target=\"_blank\"><img decoding=\"async\" src=\"https:\/\/www.financeads.net\/tb.php?t=36648V42614510B&https=1\" alt=\"\" border=\"0\" width=\"200\" height=\"300\"><\/a><!-- Ende https:\/\/www.financeads.net\/-Code --><\/div>\t\t<\/div>\n\t\t\t\t<\/div>\n\t\t\t\t<div class=\"elementor-element elementor-element-31c9ced elementor-widget elementor-widget-wp-widget-advads_ad_widget\" data-id=\"31c9ced\" data-element_type=\"widget\" data-widget_type=\"wp-widget-advads_ad_widget.default\">\n\t\t\t\t<div class=\"elementor-widget-container\">\n\t\t\t<div id=\"regio-2413335432\"><div class=\"regio-adlabel\">Werbung<\/div><!-- Beginn https:\/\/www.financeads.net\/-Code --><a href=\"https:\/\/www.financeads.net\/tc.php?t=36648C205040072B\" target=\"_blank\"><img decoding=\"async\" src=\"https:\/\/www.financeads.net\/tb.php?t=36648V205040072B&https=1\" alt=\"\" border=\"0\" width=\"300\" height=\"250\"><\/a><!-- Ende https:\/\/www.financeads.net\/-Code --><\/div>\t\t<\/div>\n\t\t\t\t<\/div>\n\t\t\t\t<div class=\"elementor-element elementor-element-0344b9f elementor-widget elementor-widget-wp-widget-advads_ad_widget\" data-id=\"0344b9f\" data-element_type=\"widget\" data-widget_type=\"wp-widget-advads_ad_widget.default\">\n\t\t\t\t<div class=\"elementor-widget-container\">\n\t\t\t<div id=\"regio-4199213216\"><div class=\"regio-adlabel\">Werbung<\/div><!-- Beginn https:\/\/www.financeads.net\/-Code --><a href=\"https:\/\/www.financeads.net\/tc.php?t=36648C271460142B\" target=\"_blank\"><img loading=\"lazy\" decoding=\"async\" src=\"https:\/\/www.financeads.net\/tb.php?t=36648V271460142B&https=1\" alt=\"PETPROTECT_Hund&Katze_Banner\" border=\"0\" width=\"250\" height=\"250\"><\/a><!-- Ende https:\/\/www.financeads.net\/-Code --><\/div>\t\t<\/div>\n\t\t\t\t<\/div>\n\t\t\t\t\t<\/div>\n\t\t<\/div>\n\t\t\t\t\t<\/div>\n\t\t<\/section>\n\t\t\t\t<\/div>\n\t\t","protected":false},"excerpt":{"rendered":"<div class=\"mh-excerpt\"><p>Fu\u00dfg\u00e4ngerin angefahren &#8211; Fallaufkl\u00e4rung\u00a0 Roth &#8211; Am Montagmorgen, den 19.02.2024, wollte eine 21-j\u00e4hrige Fu\u00dfg\u00e4ngerin die Fu\u00dfg\u00e4ngerampel (die gr\u00fcn zeigte) am Sieh- Dich-F\u00fcr-Weg in Roth in Richtung Innenstadt \u00fcberqueren. Ein wei\u00dfer LKW bog zum gleichen Zeitpunkt <a class=\"mh-excerpt-more\" href=\"https:\/\/www.region-schwabach.de\/wordpress\/fahrerflucht-nach-unfall-zwischen-lkw-und-fussgangerin-in-roth\/\" title=\"Fahrerflucht nach Unfall zwischen LKW und Fu\u00dfg\u00e4ngerin in Roth\">[&#8230;]<\/a><\/p>\n<\/div>","protected":false},"author":1,"featured_media":226691,"comment_status":"open","ping_status":"open","sticky":false,"template":"","format":"standard","meta":{"_cbd_carousel_blocks":"[]","footnotes":""},"categories":[22135,21581,21316,22879,22614,22354,21838,15],"tags":[24658,6373,2619,1301,1814,454,700,1257,1071,388,515,1375,261,981,1640,32,8146,2152,7738,334,457,2190],"class_list":{"0":"post-226690","1":"post","2":"type-post","3":"status-publish","4":"format-standard","5":"has-post-thumbnail","7":"category-polizei-april-2023","8":"category-polizei-februar-2023","9":"category-polizei-januar-2023","10":"category-polizei-juli-2023","11":"category-polizei-juni-2023","12":"category-polizei-mai-2023","13":"category-polizei-maerz-2023","14":"category-polizeimeldungen","15":"tag-19-02-2024","16":"tag-abbiegevorgang","17":"tag-ampel","18":"tag-anzeige","19":"tag-beruehrung","20":"tag-fahrerflucht","21":"tag-fussgaengerampel","22":"tag-fussgaengerin","23":"tag-gehweg","24":"tag-innenstadt","25":"tag-koerperverletzung","26":"tag-leicht-verletzt","27":"tag-lkw","28":"tag-polizei","29":"tag-prellungen","30":"tag-roth","31":"tag-schleudern","32":"tag-sieh-dich-fuer-weg","33":"tag-ueberquerung","34":"tag-unfall","35":"tag-unfallflucht","36":"tag-willy-supf-platz"},"_links":{"self":[{"href":"https:\/\/www.region-schwabach.de\/wordpress\/wp-json\/wp\/v2\/posts\/226690","targetHints":{"allow":["GET"]}}],"collection":[{"href":"https:\/\/www.region-schwabach.de\/wordpress\/wp-json\/wp\/v2\/posts"}],"about":[{"href":"https:\/\/www.region-schwabach.de\/wordpress\/wp-json\/wp\/v2\/types\/post"}],"author":[{"embeddable":true,"href":"https:\/\/www.region-schwabach.de\/wordpress\/wp-json\/wp\/v2\/users\/1"}],"replies":[{"embeddable":true,"href":"https:\/\/www.region-schwabach.de\/wordpress\/wp-json\/wp\/v2\/comments?post=226690"}],"version-history":[{"count":0,"href":"https:\/\/www.region-schwabach.de\/wordpress\/wp-json\/wp\/v2\/posts\/226690\/revisions"}],"wp:featuredmedia":[{"embeddable":true,"href":"https:\/\/www.region-schwabach.de\/wordpress\/wp-json\/wp\/v2\/media\/226691"}],"wp:attachment":[{"href":"https:\/\/www.region-schwabach.de\/wordpress\/wp-json\/wp\/v2\/media?parent=226690"}],"wp:term":[{"taxonomy":"category","embeddable":true,"href":"https:\/\/www.region-schwabach.de\/wordpress\/wp-json\/wp\/v2\/categories?post=226690"},{"taxonomy":"post_tag","embeddable":true,"href":"https:\/\/www.region-schwabach.de\/wordpress\/wp-json\/wp\/v2\/tags?post=226690"}],"curies":[{"name":"wp","href":"https:\/\/api.w.org\/{rel}","templated":true}]}}